{"id":196234,"date":"2025-10-07T22:50:16","date_gmt":"2025-10-07T22:50:16","guid":{"rendered":"https:\/\/www.newsbeep.com\/au\/196234\/"},"modified":"2025-10-07T22:50:16","modified_gmt":"2025-10-07T22:50:16","slug":"seven-irish-riders-with-multiple-medal-chances-set-for-opening-day-of-europeans","status":"publish","type":"post","link":"https:\/\/www.newsbeep.com\/au\/196234\/","title":{"rendered":"Seven Irish riders, with multiple medal chances, set for opening day of Europeans"},"content":{"rendered":"<p><img fetchpriority=\"high\" decoding=\"async\" width=\"1200\" height=\"800\" src=\"https:\/\/www.newsbeep.com\/au\/wp-content\/uploads\/2025\/10\/Murphy-Conor-by-Toby-Watson-1-1200x800.jpg\" alt=\"\" class=\"wp-image-199799\"  \/>Conor Murphy is a medal contender as the Irish riders got into the U23 and junior men\u2019s and women\u2019s TTs on Ireland\u2019s opening day at the Europeans in France (Photo: Toby Watson)<\/p>\n<p class=\"has-medium-font-size\">Team Ireland have several chances of a medal at the UEC European Road Championships this week and a number of them come tomorrow, Wednesday, on the opening day of competition in Dr\u00f4me-Ard\u00e8che, France.<\/p>\n<p class=\"has-medium-font-size\">The national team has seven riders in action tomorrow and we have medal chances in at least two of the four TTs the Irish take on. Indeed, on the eve of these races, those medal chances include a genuine aspiration to come away with a European title.<\/p>\n<p class=\"has-medium-font-size\">The national team has won two European titles, both on the track, in the last 12 months \u2013 thanks to <a href=\"https:\/\/www.stickybottle.com\/races-results\/lara-gillespie-makes-history-to-win-european-elite-title-video\/\" target=\"_blank\" rel=\"noreferrer noopener nofollow\">Lara Gillespie<\/a> and <a href=\"https:\/\/www.stickybottle.com\/races-results\/irelands-lucy-benezet-minns-crowned-european-champion-in-germany\/\" target=\"_blank\" rel=\"noreferrer noopener nofollow\">Lucy B\u00e9n\u00e9zet Minns<\/a> \u2013 and taking one on the road is the obvious next step for this team. <\/p>\n<p class=\"has-medium-font-size\">This is the strongest across the categories that Ireland has ever assembled for these TT and road race title events. And they go into these Europeans in the afterglow of <a href=\"https:\/\/www.stickybottle.com\/races-results\/brilliant-ben-healy-takes-irelands-first-worlds-medal-since-sean-kelly-1989\/\" target=\"_blank\" rel=\"noreferrer noopener nofollow\">Ben Healy\u2019s heroics at the road Worlds<\/a> in Rwanda at the weekend. He took bronze, Ireland\u2019s first medal since Sean Kelly\u2019s bronze in 1989 in a senior road race at a Worlds.<\/p>\n<p><img loading=\"lazy\" decoding=\"async\" width=\"1200\" height=\"800\" src=\"https:\/\/www.newsbeep.com\/au\/wp-content\/uploads\/2025\/10\/Rafferty-Aliyah-by-Toby-Watson-1200x800.jpg\" alt=\"\" class=\"wp-image-199797\"  \/>Aliyah Rafferty checks out the TT course in France and is the sole Irish rider in the junior women\u2019s TT at these Europeans (Photo: Toby Watson)<\/p>\n<p class=\"has-medium-font-size\">Tomorrow, Aliyah Rafferty (starting at 9:09am) is the only Irish rider in the junior women\u2019s TT, which is the shortest of the day at 12.2km, from Allex to \u00c9toile-sur-Rh\u00f4ne. There\u2019s a 400m incline at the halfway point, averaging 6.6 per cent, and final climb of 1.1km at 5.2 per cent to the finish.<\/p>\n<p class=\"has-medium-font-size\">Rafferty (Tofauti Everyone Active Majoco) is ridden very few UCI-ranked TTs and in the sole test she competed in this year, in a Nations Cup stage race in the Netherlands, she was 26th.<\/p>\n<p class=\"has-medium-font-size\">However, she is much better than that result suggests; her <a href=\"https:\/\/www.stickybottle.com\/races-results\/aliyah-rafferty-17-breaks-through-with-first-major-european-podium-video\/\" target=\"_blank\" rel=\"noreferrer noopener nofollow\">3rd place in last month\u2019s Grand Prix CERATIZIT Women Junior<\/a> (1.1) road race in France offering strong proof of what she is capable of. She will fancy the road race more than the TT at these Europeans, though tomorrow is a very good chance to test herself.<\/p>\n<p class=\"has-medium-font-size\"><a href=\"https:\/\/www.stickybottle.com\/blog\/emotional-adam-rafferty-19-ive-never-even-dreamed-of-stuff-like-this\/\" target=\"_blank\" rel=\"noreferrer noopener nofollow\">Adam Rafferty<\/a> (starting at 12.12pm) was <a href=\"https:\/\/www.stickybottle.com\/races-results\/rafferty-brothers-both-go-top-10-in-u23-tt-at-world-champs-video\/\" target=\"_blank\" rel=\"noreferrer noopener nofollow\">10th in the U23 TT at the Worlds<\/a> last year and as a second year junior two years ago he represented Ireland in the junior TT at the Worlds and Europeans, placing 8th and 10th. It means the Hagens Berman Jayco, still aged just 19 years, has never finished outside the top 10 in any of the Worlds or Europeans TTs he has ridden.<\/p>\n<p><img loading=\"lazy\" decoding=\"async\" width=\"1200\" height=\"800\" src=\"https:\/\/www.newsbeep.com\/au\/wp-content\/uploads\/2025\/10\/Gaffney-Walls-Euros-by-Toby-Watson-1200x800.jpg\" alt=\"\" class=\"wp-image-199800\"  \/>David Gaffney and Matthew Walls, two of the three Irish junior men who will compete in the TT in France tomorrow (Photo: Toby Watson)<\/p>\n<p class=\"has-medium-font-size\">In action with him tomorrow in the U23 TT is <a href=\"https:\/\/www.stickybottle.com\/races-results\/seth-dunwoody-seizes-his-chance-to-win-at-giro-next-gen-video\/\" target=\"_blank\" rel=\"noreferrer noopener nofollow\">Seth Dunwoody<\/a> (starting at 12:01pm), with both he and Rafferty having won Giro Next Gen road stages this year. Dunwoody (Bahrain Victorious Devo), a first-year U23, was <a href=\"https:\/\/www.stickybottle.com\/races-results\/juniors-dunwoody-murphy-excel-in-worlds-tt-as-ireland-close-to-medal\/\" target=\"_blank\" rel=\"noreferrer noopener nofollow\">5th in the Worlds TT as a junior<\/a> last year.<\/p>\n<p class=\"has-medium-font-size\">Their course tomorrow is 24km, from Loriol-sur-Dr\u00f4me to \u00c9toile-sur-Rh\u00f4ne and features two modest climbs; one of 400m averaging 6.6 per cent gradient just before the halfway point. The second is a 1.1km climb, averaging, 5.2 per cent, which takes the riders almost all the way to the finish line.<\/p>\n<p class=\"has-medium-font-size\">This is a course that can suit both and a medal could be on the cards. Very unusually for Ireland in a Worlds or Europeans TT, both of these riders could medal.<\/p>\n<p class=\"has-medium-font-size\"><a href=\"https:\/\/www.stickybottle.com\/races-results\/lucy-benezet-minns-18-secures-first-contract-for-pro-road-racing\/\" target=\"_blank\" rel=\"noreferrer noopener nofollow\">Lucy B\u00e9n\u00e9zet Minns<\/a> (starting at 11:04am) of Lotto Ladies is Ireland\u2019s sole representative in the U23 women\u2019s TT tomorrow, which is on the same course as the U23 men. The 19-year-old was a stand-out junior for Ireland and was 10th and <a href=\"https:\/\/www.stickybottle.com\/races-results\/irelands-lucy-benezet-minns-announces-herself-as-world-class-talent-video\/\" target=\"_blank\" rel=\"noreferrer noopener nofollow\">4th in the junior Worlds TT<\/a> while placing 10th in her sole appearance at the Europeans, two years ago.<\/p>\n<p><img loading=\"lazy\" decoding=\"async\" width=\"1200\" height=\"800\" src=\"https:\/\/www.newsbeep.com\/au\/wp-content\/uploads\/2025\/10\/Lucy-Benezet-Minns-by-Toby-watson-1200x800.jpg\" alt=\"\" class=\"wp-image-199811\"  \/>Lucy B\u00e9n\u00e9zet Minns won a European title on the track as a junior and was 4th in the TT at the Worlds. She steps up to the U23 TT tomorrow (Photo: Toby Watson)<\/p>\n<p class=\"has-medium-font-size\">This year has been a big step up and it is hard to know how she will do. Though B\u00e9n\u00e9zet Minns would have liked a harder course, with more climbing, she has excelled for Ireland, including winning a European track title last year, and has the goods to produce a performance.<\/p>\n<p class=\"has-medium-font-size\"><a href=\"https:\/\/www.stickybottle.com\/races-results\/matthew-walls-wins-junior-tour-of-ireland-hangs-on-after-late-scare-video\/\" target=\"_blank\" rel=\"noreferrer noopener nofollow\">Matthew Walls<\/a> (starting at 10:04am), <a href=\"https:\/\/www.stickybottle.com\/races-results\/gaffney-takes-career-best-stage-race-result-in-uci-ranked-french-race\/\" target=\"_blank\" rel=\"noreferrer noopener nofollow\">David Gaffney<\/a> (starting at 10:20am) and <a href=\"https:\/\/www.stickybottle.com\/latest-news\/top-irish-junior-conor-murphy-linked-to-decathlon-ag2r-la-mondiale-devo-team\/\" target=\"_blank\" rel=\"noreferrer noopener nofollow\">Conor Murphy<\/a> (starting second last at 10:44am) are up in the junior TT, on that same 24km course as the U23 men and women.<\/p>\n<p class=\"has-medium-font-size\">While Gaffney (Team 31 Specialized) and Walls (Lucan CRC) are very exciting prospects for Ireland \u2013 both road and TT \u2013 and can ride very well tomorrow, Irish junior TT champion and 10 mile TT record holder Murphy (Caldwell Cycles) is perhaps as strong a contender for a medal tomorrow as Rafferty and Dunwoody.<\/p>\n<p class=\"has-medium-font-size\">Murphy has already <a href=\"https:\/\/www.stickybottle.com\/races-results\/irelands-conor-murphy-takes-first-uci-junior-nations-cup-victory\/\" target=\"_blank\" rel=\"noreferrer noopener nofollow\">won a UCI-ranked TT this year<\/a>, at the Peace Race in the Czech Republic, and when he placed 10th in the Worlds last year, that was seen by many as well below what he is capable of.<\/p>\n<p class=\"has-medium-font-size\">Because the jump from junior European racing to the pro ranks is now shorter than ever \u2013 happening instantly for some \u2013 many of the best juniors in the world base their season around the Worlds and Europeans TTs. Against that backdrop, it is hard to overestimate the competition, though Murphy is a potential winner tomorrow.<\/p>\n","protected":false},"excerpt":{"rendered":"Conor Murphy is a medal contender as the Irish riders got into the U23 and junior men\u2019s and&hellip;\n","protected":false},"author":2,"featured_media":196235,"comment_status":"","ping_status":"","sticky":false,"template":"","format":"standard","meta":{"footnotes":""},"categories":[569],"tags":[64,63,784,85],"class_list":{"0":"post-196234","1":"post","2":"type-post","3":"status-publish","4":"format-standard","5":"has-post-thumbnail","7":"category-cycling","8":"tag-au","9":"tag-australia","10":"tag-cycling","11":"tag-sports"},"_links":{"self":[{"href":"https:\/\/www.newsbeep.com\/au\/wp-json\/wp\/v2\/posts\/196234","targetHints":{"allow":["GET"]}}],"collection":[{"href":"https:\/\/www.newsbeep.com\/au\/wp-json\/wp\/v2\/posts"}],"about":[{"href":"https:\/\/www.newsbeep.com\/au\/wp-json\/wp\/v2\/types\/post"}],"author":[{"embeddable":true,"href":"https:\/\/www.newsbeep.com\/au\/wp-json\/wp\/v2\/users\/2"}],"replies":[{"embeddable":true,"href":"https:\/\/www.newsbeep.com\/au\/wp-json\/wp\/v2\/comments?post=196234"}],"version-history":[{"count":0,"href":"https:\/\/www.newsbeep.com\/au\/wp-json\/wp\/v2\/posts\/196234\/revisions"}],"wp:featuredmedia":[{"embeddable":true,"href":"https:\/\/www.newsbeep.com\/au\/wp-json\/wp\/v2\/media\/196235"}],"wp:attachment":[{"href":"https:\/\/www.newsbeep.com\/au\/wp-json\/wp\/v2\/media?parent=196234"}],"wp:term":[{"taxonomy":"category","embeddable":true,"href":"https:\/\/www.newsbeep.com\/au\/wp-json\/wp\/v2\/categories?post=196234"},{"taxonomy":"post_tag","embeddable":true,"href":"https:\/\/www.newsbeep.com\/au\/wp-json\/wp\/v2\/tags?post=196234"}],"curies":[{"name":"wp","href":"https:\/\/api.w.org\/{rel}","templated":true}]}}