{"id":205218,"date":"2025-10-11T10:36:10","date_gmt":"2025-10-11T10:36:10","guid":{"rendered":"https:\/\/www.newsbeep.com\/au\/205218\/"},"modified":"2025-10-11T10:36:10","modified_gmt":"2025-10-11T10:36:10","slug":"il-lombardia-live-strong-14-man-break-leads-the-race","status":"publish","type":"post","link":"https:\/\/www.newsbeep.com\/au\/205218\/","title":{"rendered":"Il Lombardia LIVE \u2013 Strong 14-man break leads the race"},"content":{"rendered":"<p>Refresh <\/p>\n<p>2025-10-11T10:33:09.772Z<\/p>\n<p id=\"9cdbb829-70c7-4c70-b071-1220d63b31d8\">The iconic sight of Madonna del Ghisallo, chiming its bells as the riders ascended to the peak.<\/p>\n<p class=\"vanilla-image-block\" style=\"padding-top:66.70%;\">\n<p><img decoding=\"async\" src=\"https:\/\/www.newsbeep.com\/au\/wp-content\/uploads\/2025\/10\/8wABG9w5JSLT8TXtd3ikcn.jpg\" alt=\"BERGAMO, ITALY - OCTOBER 11: A general view of Thibault Guernalec of France and Team Arkea - B&amp;amp;B Hotels, Mattia Bais of Italy and Team Team Polti VisitMalta, Gal Glivar of Slovenia and Team Alpecin - Deceuninck and Louis Vervaeke of Belgium and Team Soudal Quick-Step compete in the breakaway while fans cheers during the 119th Il Lombardia 2025 a 241km one day race from Como to Bergamo on October 11, 2025 in Bergamo, Italy. (Photo by Dario Belingheri\/Getty Images)\"   loading=\"lazy\" data-new-v2-image=\"true\" data-original-mos=\"https:\/\/www.newsbeep.com\/au\/wp-content\/uploads\/2025\/10\/8wABG9w5JSLT8TXtd3ikcn.jpg\" data-pin-media=\"https:\/\/www.newsbeep.com\/au\/wp-content\/uploads\/2025\/10\/8wABG9w5JSLT8TXtd3ikcn.jpg\"\/>\n<\/p>\n<p>(Image credit: Getty Images)<\/p>\n<p>2025-10-11T10:29:34.249Z<\/p>\n<p id=\"00fefcc2-ed77-4461-8c18-b1ea5b2b8acb\">Some big names have been caught out on the group behind the peloton &#8211; as well as Pidcock, Thymen Arensman and Romain Gr\u00e9goire are here.<\/p>\n<p>2025-10-11T10:28:04.566Z<\/p>\n<p id=\"b6a4ec6d-db33-4c93-9656-369c78440195\">The gap between the break and the peloton remains at about 2:15, but there&#8217;s now a group of stragglers 45 seconds behind the latter.<\/p>\n<p><a id=\"elk-180km-to-go\" class=\"paywall\" aria-hidden=\"true\"\/>180KM TO GO<\/p>\n<p>2025-10-11T10:23:40.937Z<\/p>\n<p id=\"ffb2d460-092c-466b-9f01-af57de6c6c50\">There have been splits in the peloton in the aftermath of that descent. he front peloton is very large still, but Pidcock isn&#8217;t in it.<\/p>\n<p>2025-10-11T10:19:05.206Z<\/p>\n<p id=\"dafc829c-aa36-4753-96b3-5e45ecaaae7b\">It seems that it was his shoes that Pidcock wasn&#8217;t happy with &#8211; he&#8217;s just had them replaced.<\/p>\n<p>2025-10-11T10:16:57.377Z<\/p>\n<p id=\"d2774be2-1bb7-4586-ae30-a5219751ec66\">The break&#8217;s lead remains at about 2:15.<\/p>\n<p><a id=\"elk-190km-to-go\" class=\"paywall\" aria-hidden=\"true\"\/>190KM TO GO<\/p>\n<p>2025-10-11T10:15:28.585Z<\/p>\n<p id=\"cccfc58a-7459-4730-9989-bb9ce663736e\">Pidcock is at the back of the peloton following his crash, and doesn&#8217;t look happy with his bike. He might be about to have a change.<\/p>\n<p>2025-10-11T10:14:35.423Z<\/p>\n<p id=\"38d5e265-aedd-40a7-afee-a21bd03c88eb\">Red Bull&#8217;s Matteo Sobrero, leading the peloton.<\/p>\n<p class=\"vanilla-image-block\" style=\"padding-top:66.60%;\">\n<p><img decoding=\"async\" src=\"https:\/\/www.newsbeep.com\/au\/wp-content\/uploads\/2025\/10\/LACgGj9EtWqNf7XKCgzVd5.jpg\" alt=\"BERGAMO, ITALY - OCTOBER 11: Matteo Sobrero of Italy and Team Red Bull - BORA - hansgrohe competes during the 119th Il Lombardia 2025 a 241km one day race from Como to Bergamo on October 11, 2025 in Bergamo, Italy. (Photo by Dario Belingheri\/Getty Images)\"   loading=\"lazy\" data-new-v2-image=\"true\" data-original-mos=\"https:\/\/www.newsbeep.com\/au\/wp-content\/uploads\/2025\/10\/LACgGj9EtWqNf7XKCgzVd5.jpg\" data-pin-media=\"https:\/\/www.newsbeep.com\/au\/wp-content\/uploads\/2025\/10\/LACgGj9EtWqNf7XKCgzVd5.jpg\"\/>\n<\/p>\n<p>(Image credit: Getty Images)<\/p>\n<p>2025-10-11T10:10:21.125Z<\/p>\n<p id=\"d5a46e0c-a9bf-4be8-b059-3ab6aa4dd967\">Red Bull-Bora Hansgrohe\u2019s Jan Tratnik is leading the peloton, his team still assisting UAE Team Emirates XRG with the pace-setting. That may frustrate some teams, who will see the best way of defeating the team and their leader Tadej Poga\u010dar by all uniting against them.<\/p>\n<p>2025-10-11T10:07:46.681Z<\/p>\n<p id=\"0ac2293f-919c-4ae0-8bbc-7434552de305\">Pidcock\u2019s fall shows just why there was a scramble for position ahead of this descent &#8211; it\u2019s a steep one, steeper than the way up.<\/p>\n<p>2025-10-11T10:07:04.507Z<\/p>\n<p id=\"334384a7-e8a0-4562-9bbb-fb0a17d6e7c1\">Tom Pidcock has gone down in a crash on the descent. He\u2019s back up and riding and looks OK, but that\u2019s far from ideal.<\/p>\n<p>2025-10-11T10:05:43.794Z<\/p>\n<p id=\"3cd19651-0f5e-4123-b0bd-cb8aa7796f1a\">There\u2019s a bit of a battle at the front of the peloton as they go over the climb\u2019s summit, with teams wanting to be well-positioned for the descent.<\/p>\n<p>2025-10-11T10:03:51.987Z<\/p>\n<p id=\"e2b5b112-5460-4abd-a6fd-d47854ca803d\">The break pass over the top of the familiar Madonna del Ghisallo church, with a lead of about 2:20 over the peloton.<\/p>\n<p><a id=\"elk-200km-to-go\" class=\"paywall\" aria-hidden=\"true\"\/>200KM TO GO<\/p>\n<p>2025-10-11T10:00:07.763Z<\/p>\n<p id=\"53611e0f-0528-40b8-83c8-26e16ffd11ee\">Madonna del Ghisallo is being ascended via its gentler side, which averages 3.9% for 8.8km.<\/p>\n<p>2025-10-11T09:53:30.958Z<\/p>\n<p id=\"1a13b692-1a28-48f0-ba38-d80f11504eed\">It\u2019s an iconic climb, and is home to a cycling museum, but is no longer one of the key climbs in terms of determining how the race unfolds.<\/p>\n<p>2025-10-11T09:51:53.801Z<\/p>\n<p id=\"728389be-99cf-489e-a1f0-68f4fd7f4a61\">The riders are making their way up the first climb of the day, and it&#8217;s a famous one &#8211; the Madonna del Ghisallo, the climb most historically associated with the Tour of Lombardy.<\/p>\n<p><a id=\"elk-madonna-del-ghisallo\" class=\"paywall\" aria-hidden=\"true\"\/>MADONNA DEL GHISALLO<\/p>\n<p>2025-10-11T09:50:15.218Z<\/p>\n<p id=\"ddf50523-1b06-4f32-97ff-0414778ca4b8\">The break at the front of the race.<\/p>\n<p class=\"vanilla-image-block\" style=\"padding-top:66.60%;\">\n<p><img decoding=\"async\" src=\"https:\/\/www.newsbeep.com\/au\/wp-content\/uploads\/2025\/10\/nAcNGpFujzvZhHi63wvNyY.jpg\" alt=\"BERGAMO, ITALY - OCTOBER 11: (L-R) Quinn Simmons of United States and Team Lidl - Trek and Filippo Ganna of Italy and Team INEOS Grenadiers compete in the breakaway during the 119th Il Lombardia 2025 a 241km one day race from Como to Bergamo on October 11, 2025 in Bergamo, Italy. (Photo by Dario Belingheri\/Getty Images)\"   loading=\"lazy\" data-new-v2-image=\"true\" data-original-mos=\"https:\/\/www.newsbeep.com\/au\/wp-content\/uploads\/2025\/10\/nAcNGpFujzvZhHi63wvNyY.jpg\" data-pin-media=\"https:\/\/www.newsbeep.com\/au\/wp-content\/uploads\/2025\/10\/nAcNGpFujzvZhHi63wvNyY.jpg\"\/>\n<\/p>\n<p>(Image credit: Getty Images)<\/p>\n<p>2025-10-11T09:44:23.958Z<\/p>\n<p id=\"784f6da4-5b85-41db-8ee3-0ff48b578695\">The break&#8217;s lead has grown to just over two minutes, and continues to get bigger.<\/p>\n<p><a id=\"elk-210km-to-go\" class=\"paywall\" aria-hidden=\"true\"\/>210KM TO GO<\/p>\n<p>2025-10-11T09:41:15.347Z<\/p>\n<p id=\"adc5c3a5-e0b3-42c3-baa8-cd29a41c6677\">They\u2019re currently working to control the break, rather than bring it back. It seems like the 14 riders up the road might indeed be our break of the day.<\/p>\n<p>2025-10-11T09:40:17.610Z<\/p>\n<p id=\"cbe56c9c-bf84-4aa6-8bf4-d1f758ac60d3\">Sobrero is now on Novak\u2019s wheel, as UAE resume control.<\/p>\n<p>2025-10-11T09:37:48.270Z<\/p>\n<p id=\"109c62e6-bd0c-4925-8c6a-cb9b38460558\">The peloton is being led by a Red Bull-Bora Hansgrohe domestique, Matteo Sobrero, rather than one of the UAE contingent. They must be unhappy at having missed the break.<\/p>\n<p>2025-10-11T09:36:52.640Z<\/p>\n<p id=\"5c9ae808-cdc9-44d8-bfbd-71ee024a2a06\">The three chasers have indeed been caught.<\/p>\n<p>2025-10-11T09:36:05.377Z<\/p>\n<p id=\"8f8e57f1-3e35-4c7b-88c3-d24acf56a06b\">The three chasers have thrown in the towel and sat up, and will allow themselves to be brought back into the peloton.<\/p>\n<p>2025-10-11T09:35:37.626Z<\/p>\n<p id=\"56697af3-a85a-4b90-86d1-1a8cf5a1837d\">A first look at the breakaway up the road.<\/p>\n<p class=\"vanilla-image-block\" style=\"padding-top:64.65%;\">\n<p><img decoding=\"async\" src=\"https:\/\/www.newsbeep.com\/au\/wp-content\/uploads\/2025\/10\/qpX3a72WTxFobYjqc86d3X.jpg\" alt=\"COMO, ITALY - OCTOBER 11: Lucas Hamilton of Australia and Team INEOS Grenadiers competes in the breakaway prior to the 119th Il Lombardia 2025 a 241km one day race from Como to Bergamo on October 11, 2025 in Como, Italy. (Photo by Dario Belingheri\/Getty Images)\"   loading=\"lazy\" data-new-v2-image=\"true\" data-original-mos=\"https:\/\/www.newsbeep.com\/au\/wp-content\/uploads\/2025\/10\/qpX3a72WTxFobYjqc86d3X.jpg\" data-pin-media=\"https:\/\/www.newsbeep.com\/au\/wp-content\/uploads\/2025\/10\/qpX3a72WTxFobYjqc86d3X.jpg\"\/>\n<\/p>\n<p>(Image credit: Getty Images)<\/p>\n<p>2025-10-11T09:33:50.252Z<\/p>\n<p id=\"d9f4d3e2-2d59-40f7-bfcd-8f4742e4b42d\">In between, De Marchi, Leknessund and Taminiaux are just under a minute behind the leaders.<\/p>\n<p>2025-10-11T09:32:45.168Z<\/p>\n<p id=\"4b9d633a-4022-4702-b385-9d7a370fb466\">The peloton hasn&#8217;t sat up, but this break is looking good. Their lead has grown to 1:30.<\/p>\n<p><a id=\"elk-220km-to-go\" class=\"paywall\" aria-hidden=\"true\"\/>220KM TO GO<\/p>\n<p>2025-10-11T09:29:22.734Z<\/p>\n<p id=\"057a2633-8367-498c-bee8-54170291eaf9\">Having swelled in size with riders bridging up to it, and lost a few men from earlier, there are now 14 in the lead group: Ganna, Hamilton, Langellotti, Matthews, Hellemose, Simmons, Gilvar, Lemmen, Bilbao, Guernalec, Vervaeke, Calzoni, Koerdt and Mattia Bais.<\/p>\n<p>2025-10-11T09:26:31.970Z<\/p>\n<p id=\"c6ad6a2c-3e42-4cea-a853-63bb299cfe43\">A few riders have gone down in a crash, including Sepp Kuss. They&#8217;re all back up on their feet now.<\/p>\n<p>2025-10-11T09:25:47.321Z<\/p>\n<p id=\"5f59291a-38f8-43d5-97ba-ae176e138f8e\">Nairo Quintana, Staune-Mittet and Formolo were the latest to try an attack, but have been brought back.<\/p>\n<p>2025-10-11T09:24:16.882Z<\/p>\n<p id=\"bf934044-b009-42d9-ba77-3715b24208e9\">UAE Team Emirates XRG have Domen Novak setting a pace at the front of the peloton, but he&#8217;s having a hard time controlling this. The break is almost a minute up the road, and more attacks are still coming out of the peloton.<\/p>\n<p>2025-10-11T09:22:20.744Z<\/p>\n<p id=\"b520ee53-7284-4715-aeff-4877e52dc810\">Lionel Taminiaux has joined that duo, and is helping chase the leaders.<\/p>\n<p>2025-10-11T09:21:00.928Z<\/p>\n<p id=\"39ced289-bd18-4d83-aef1-679ddf42aa87\">Leknessund and De Marchi are the latest to try and chanse up to the leaders from the peloton.<\/p>\n<p>2025-10-11T09:20:05.959Z<\/p>\n<p id=\"e795b21e-83f3-4c8c-b67e-d9d2c61f479e\">It hasn&#8217;t settled down in the peloton, with more attacks coming out of it. The lead group is about 15 seconds up the road.<\/p>\n<p><a id=\"elk-230km-to-go\" class=\"paywall\" aria-hidden=\"true\"\/>230KM TO GO<\/p>\n<p>2025-10-11T09:19:16.931Z<\/p>\n<p id=\"e5c2e7a0-2aeb-4b5a-82d2-4b20e0975ad9\">Mattia Bais and Louis Vervaeke have also joined them.<\/p>\n<p>2025-10-11T09:18:32.229Z<\/p>\n<p id=\"ee425caf-207e-496a-bcf0-1161f7a86ee9\">More riders have bridged up to this group, most notably Filippo Ganna.<\/p>\n<p>2025-10-11T09:15:05.605Z<\/p>\n<p id=\"24c49bd9-782a-4b67-a932-24547647645d\">As well as Simmons, Bilbao and Matthews, the other riders in the group are Gal Glivar, Walter Calzoni, Lucas Hamilton, Bart Lemmen, Asbj\u00f8rn Hellemose, Diego Pablo Sevilla and Thibault Guernalec.<\/p>\n<p>2025-10-11T09:13:13.532Z<\/p>\n<p id=\"b510cb79-cab3-4b40-ab3b-90fc06309a8b\">The peloton is about five seconds behind, and Orluis Aular has just attacked out of it to try and join the leaders.<\/p>\n<p>2025-10-11T09:10:59.625Z<\/p>\n<p id=\"ab7f2e46-80b3-4e28-aed8-383d7da04452\">Pello Bilbao is another man in this group.<\/p>\n<p>2025-10-11T09:09:25.026Z<\/p>\n<p id=\"320a597a-e48b-4905-9ca5-41490d96a995\">Michael Matthews is also in this group. It seems like some of the big names are determined not to just wait around today for Poga\u010dar to do his thing, and instead try to ride on the front foot.<\/p>\n<p>2025-10-11T09:08:05.320Z<\/p>\n<p id=\"5eaf1ce6-a39c-48f0-90cd-a65d171a8280\">Simmons has about ten riders with him, a few seconds ahead of the peloton.<\/p>\n<p>2025-10-11T09:06:51.859Z<\/p>\n<p id=\"7dc8a63a-33db-4da4-817a-75b71b3d7501\">Quinn Simmons attacks right from the off &#8211; he\u2019s a big name to be making a move so early on.<\/p>\n<p>2025-10-11T09:06:15.793Z<\/p>\n<p id=\"78bf31b9-ed85-42db-a55b-5f61a5a0f55e\">And they&#8217;re off!<\/p>\n<p><a id=\"elk-official-start\" class=\"paywall\" aria-hidden=\"true\"\/>OFFICIAL START<\/p>\n<p>2025-10-11T09:04:47.266Z<\/p>\n<p id=\"4a8a301c-3cbf-4d33-aafb-c1eb18debaea\">Just one more kilometre to go until the flag drops and the race proper starts. This is a prestigious race to get into the day&#8217;s break for, so there will be an eagerness among many to attack from the off.<\/p>\n<p>2025-10-11T09:01:04.292Z<\/p>\n<p id=\"91587311-f721-44a7-9c07-0b77aa17fb3c\">Tadej Poga\u010dar and Remco Evenepoel sharing a moment before doing battle today. These two have been the protagonists of the late-season one day races, occupying first and second place at both the Worlds and European Championships, and will face-off again one final time today.<\/p>\n<p class=\"vanilla-image-block\" style=\"padding-top:66.70%;\">\n<p><img decoding=\"async\" src=\"https:\/\/www.newsbeep.com\/au\/wp-content\/uploads\/2025\/10\/heNUDQtnJbh9B54kkCWmvQ.jpg\" alt=\"COMO, ITALY - OCTOBER 11: (L-R) Remco Evenepoel of Belgium and Team Soudal Quick-Step and Tadej Pogacar of Slovenia and Team UAE Team Emirates prior to the 119th Il Lombardia 2025 a 241km one day race from Como to Bergamo on October 11, 2025 in Como, Italy. (Photo by Dario Belingheri\/Getty Images)\"   loading=\"lazy\" data-new-v2-image=\"true\" data-original-mos=\"https:\/\/www.newsbeep.com\/au\/wp-content\/uploads\/2025\/10\/heNUDQtnJbh9B54kkCWmvQ.jpg\" data-pin-media=\"https:\/\/www.newsbeep.com\/au\/wp-content\/uploads\/2025\/10\/heNUDQtnJbh9B54kkCWmvQ.jpg\"\/>\n<\/p>\n<p>(Image credit: Getty Images)<\/p>\n<p>2025-10-11T08:53:16.821Z<\/p>\n<p id=\"d49fe434-daee-46ba-a4a8-eb505207ab63\">The riders awaiting the unofficial start in Como.<\/p>\n<p class=\"vanilla-image-block\" style=\"padding-top:66.70%;\">\n<p><img decoding=\"async\" src=\"https:\/\/www.newsbeep.com\/au\/wp-content\/uploads\/2025\/10\/FvtnoPxBMLp2M9feCgsQZY.jpg\" alt=\"COMO, ITALY - OCTOBER 11: A general view of the peloton prior to the 119th Il Lombardia 2025 a 241km one day race from Como to Bergamo on October 11, 2025 in Como, Italy. (Photo by Dario Belingheri\/Getty Images)\"   loading=\"lazy\" data-new-v2-image=\"true\" data-original-mos=\"https:\/\/www.newsbeep.com\/au\/wp-content\/uploads\/2025\/10\/FvtnoPxBMLp2M9feCgsQZY.jpg\" data-pin-media=\"https:\/\/www.newsbeep.com\/au\/wp-content\/uploads\/2025\/10\/FvtnoPxBMLp2M9feCgsQZY.jpg\"\/>\n<\/p>\n<p>(Image credit: Getty Images)<\/p>\n<p>2025-10-11T08:51:52.435Z<\/p>\n<p id=\"3a67c707-fb63-4fee-9378-1f19b8fee36d\">It\u2019s an emotional day in the peloton, as many are riding the final race of their careers. As well as Majka, Louis Meintjes is another set to retire, here given a guard of honour by his colleagues.<\/p>\n<p class=\"vanilla-image-block\" style=\"padding-top:66.70%;\">\n<p><img decoding=\"async\" src=\"https:\/\/www.newsbeep.com\/au\/wp-content\/uploads\/2025\/10\/wwijX7pASjabDxsTg9eRsR.jpg\" alt=\"COMO, ITALY - OCTOBER 11: Louis Meintjes of South Africa and Team Intermarche - Wanty honored in his farewell and last race as a professional cyclist prior to the 119th Il Lombardia 2025 a 241km one day race from Como to Bergamo on October 11, 2025 in Como, Italy. (Photo by Dario Belingheri\/Getty Images)\"   loading=\"lazy\" data-new-v2-image=\"true\" data-original-mos=\"https:\/\/www.newsbeep.com\/au\/wp-content\/uploads\/2025\/10\/wwijX7pASjabDxsTg9eRsR.jpg\" data-pin-media=\"https:\/\/www.newsbeep.com\/au\/wp-content\/uploads\/2025\/10\/wwijX7pASjabDxsTg9eRsR.jpg\"\/>\n<\/p>\n<p>(Image credit: Getty Images)<\/p>\n<p>2025-10-11T08:48:09.693Z<\/p>\n<p id=\"dd6f26de-ea39-423c-a94e-9eeee5f8ae71\">The first flag is waved and the riders have begun navigating the neutralised zone.<\/p>\n<p>2025-10-11T08:45:57.088Z<\/p>\n<p id=\"1596bc65-1fa5-450f-99f7-0b4dd30b3a27\">It might bear the poetic moniker of Race of the Falling Leaves due to its autumnal setting, but the weather in Lombardy is pleasant today, with the sun shining and the temperature at a mild seventeen degrees.<\/p>\n<p>2025-10-11T08:43:21.392Z<\/p>\n<p id=\"8711adb4-bcda-4574-a1e6-3105661cf965\">Poga\u010dar prior to the start of the race today, honouring his teammate Rafa\u0142 Majka, who is poised to retire. The Pole has been one of Poga\u010dar\u2019s most essential teammates over the years, and has a chance to contribute to one last major win today.<\/p>\n<p class=\"vanilla-image-block\" style=\"padding-top:150.15%;\">\n<p><img decoding=\"async\" src=\"https:\/\/www.newsbeep.com\/au\/wp-content\/uploads\/2025\/10\/3nx8dkrwnwD3tYWocf7B87.jpg\" alt=\"COMO, ITALY - OCTOBER 11: Rafal Majka of Poland and Team UAE Team Emirates honored in his farewell and last race as a professional cyclist prior to the 119th Il Lombardia 2025 a 241km one day race from Como to Bergamo on October 11, 2025 in Como, Italy. (Photo by Dario Belingheri\/Getty Images)\"   loading=\"lazy\" data-new-v2-image=\"true\" data-original-mos=\"https:\/\/www.newsbeep.com\/au\/wp-content\/uploads\/2025\/10\/3nx8dkrwnwD3tYWocf7B87.jpg\" data-pin-media=\"https:\/\/www.newsbeep.com\/au\/wp-content\/uploads\/2025\/10\/3nx8dkrwnwD3tYWocf7B87.jpg\"\/>\n<\/p>\n<p>(Image credit: Getty Images)<\/p>\n<p>2025-10-11T08:38:17.955Z<\/p>\n<p id=\"88f6f082-a2ed-4958-908b-0407ecf40607\">The riders are just a few moments away from the neutralised start.<\/p>\n<p>2025-10-11T08:35:32.717Z<\/p>\n<p id=\"84597459-f239-4e37-8c16-1013689bfe36\">Here\u2019s more information about the route for this year. Unlike the other monuments, Il Lombardia varies more year on year, and for the 2025 edition will switch directions again with a start in Como and finish in Bergamo.<\/p>\n<p class=\"paywall\" aria-hidden=\"true\"><a data-analytics-id=\"inline-link\" href=\"https:\/\/www.cyclingnews.com\/races\/il-lombardia-2025\/map\/\" data-before-rewrite-localise=\"https:\/\/www.cyclingnews.com\/races\/il-lombardia-2025\/map\/\" rel=\"nofollow noopener\" target=\"_blank\">Il Lombardia 2025 route<\/a><\/p>\n<p>2025-10-11T08:17:08.113Z<\/p>\n<p id=\"e8211da6-23b3-4a13-94a4-8910629d4065\">Who is going to win today? Check out our analysis of the main contenders to see who are our picks.<\/p>\n<p><a data-analytics-id=\"inline-link\" href=\"https:\/\/www.cyclingnews.com\/races\/il-lombardia-2025\/preview\/\" data-before-rewrite-localise=\"https:\/\/www.cyclingnews.com\/races\/il-lombardia-2025\/preview\/\" rel=\"nofollow noopener\" target=\"_blank\">Who will win Il Lombardia 2025? \u2013 Analysing the contenders for the final autumn Classic<\/a><\/p>\n<p>2025-10-11T08:01:19.193Z<\/p>\n<p id=\"ba3e51b6-cc00-4dfa-abae-2083b75f6664\">The race gets underway in just under an hour (10.55 CEST).<\/p>\n<p>2025-10-11T07:59:53.549Z<\/p>\n<p id=\"a384b3d2-73a7-461a-8566-17304c837473\">We&#8217;ll be here to keep you updated with the race all day long, as world champion <a data-analytics-id=\"inline-link\" href=\"https:\/\/www.cyclingnews.com\/riders\/tadej-pogacar\/\" data-before-rewrite-localise=\"https:\/\/www.cyclingnews.com\/riders\/tadej-pogacar\/\" rel=\"nofollow noopener\" target=\"_blank\">Tadej Poga\u010dar<\/a> chases a historic fifth victory in a row.<\/p>\n<p class=\"paywall\" aria-hidden=\"true\">He&#8217;s won the last three races he started, including Worlds and Europeans. Do you think he can do it again today?<\/p>\n<p>2025-10-08T21:07:23.869Z<\/p>\n<p id=\"fc0f6a1c-bc2f-4b37-bd2e-a592f7f211d4\">Hello and welcome to Cyclingnews&#8217; live coverage of Il Lombardia 2025!<\/p>\n","protected":false},"excerpt":{"rendered":"Refresh 2025-10-11T10:33:09.772Z The iconic sight of Madonna del Ghisallo, chiming its bells as the riders ascended to the&hellip;\n","protected":false},"author":2,"featured_media":205219,"comment_status":"","ping_status":"","sticky":false,"template":"","format":"standard","meta":{"footnotes":""},"categories":[569],"tags":[64,63,784,85],"class_list":{"0":"post-205218","1":"post","2":"type-post","3":"status-publish","4":"format-standard","5":"has-post-thumbnail","7":"category-cycling","8":"tag-au","9":"tag-australia","10":"tag-cycling","11":"tag-sports"},"_links":{"self":[{"href":"https:\/\/www.newsbeep.com\/au\/wp-json\/wp\/v2\/posts\/205218","targetHints":{"allow":["GET"]}}],"collection":[{"href":"https:\/\/www.newsbeep.com\/au\/wp-json\/wp\/v2\/posts"}],"about":[{"href":"https:\/\/www.newsbeep.com\/au\/wp-json\/wp\/v2\/types\/post"}],"author":[{"embeddable":true,"href":"https:\/\/www.newsbeep.com\/au\/wp-json\/wp\/v2\/users\/2"}],"replies":[{"embeddable":true,"href":"https:\/\/www.newsbeep.com\/au\/wp-json\/wp\/v2\/comments?post=205218"}],"version-history":[{"count":0,"href":"https:\/\/www.newsbeep.com\/au\/wp-json\/wp\/v2\/posts\/205218\/revisions"}],"wp:featuredmedia":[{"embeddable":true,"href":"https:\/\/www.newsbeep.com\/au\/wp-json\/wp\/v2\/media\/205219"}],"wp:attachment":[{"href":"https:\/\/www.newsbeep.com\/au\/wp-json\/wp\/v2\/media?parent=205218"}],"wp:term":[{"taxonomy":"category","embeddable":true,"href":"https:\/\/www.newsbeep.com\/au\/wp-json\/wp\/v2\/categories?post=205218"},{"taxonomy":"post_tag","embeddable":true,"href":"https:\/\/www.newsbeep.com\/au\/wp-json\/wp\/v2\/tags?post=205218"}],"curies":[{"name":"wp","href":"https:\/\/api.w.org\/{rel}","templated":true}]}}