{"id":224710,"date":"2025-10-19T08:20:08","date_gmt":"2025-10-19T08:20:08","guid":{"rendered":"https:\/\/www.newsbeep.com\/au\/224710\/"},"modified":"2025-10-19T08:20:08","modified_gmt":"2025-10-19T08:20:08","slug":"%f0%9f%8e%a5-powerhouse-del-toro-races-rally-car-but-later-loses-battle-to-van-baarle-in-spanish-criterium","status":"publish","type":"post","link":"https:\/\/www.newsbeep.com\/au\/224710\/","title":{"rendered":"\ud83c\udfa5 Powerhouse Del Toro races rally car, but later loses battle to Van Baarle in Spanish criterium"},"content":{"rendered":"<p>In the Netherlands and Belgium, the After Tour Criteriums take place, where a spectacular show is put on for cycling fans in various villages after the Tour de France. In Spain, they end the cycling year with a huge party: every year, La Nucia hosts the Gran Fondo La Nucia. This year, they once again attracted some amazing riders with exciting and unconventional events.<\/p>\n<p>Last year, Mathieu van der Poel was there. The Dutchman from Alpecin-Deceuninck was then pitted against a <a target=\"_self\" href=\"https:\/\/www.idlprocycling.com\/cycling\/dutch-super-cyclist-van-der-poel-beats-a-rally-car-in-a-spectacular-duel-in-spain\" rel=\"nofollow noopener\">rally car<\/a> on a small criterium circuit. This year, he was not there, so the honor went to <a href=\"https:\/\/www.idlprocycling.com\/isaac-del-toro\" title=\"Isaac del Toro\" rel=\"nofollow noopener\" target=\"_blank\">Isaac Del Toro<\/a>. The Mexican powerhouse from UAE Team Emirates &#8211; XRG, together with Spanish legends Samuel S\u00e1nchez and Pedro Delgado, took on racing driver Miguel Fuster.Last year, Van der Poel managed to beat the car, but this time the riders were less fortunate. Del Toro did his best, but was <a target=\"_blank\" href=\"https:\/\/www.instagram.com\/p\/DP9dsoDDN7r\/\" rel=\"nofollow noopener\">no match<\/a><a target=\"_blank\" href=\"https:\/\/www.instagram.com\/p\/DP9dsoDDN7r\/\" rel=\"nofollow noopener\"> <\/a>for the horsepower of the rally monster. Delgado and S\u00e1nchez also fell short. A pity, but at least it produced some great images and more than enough entertainment for the fans!<\/p>\n<p>Read on below the video!<\/p>\n<\/p>\n<p>Van Baarle triumphs in criterium<\/p>\n<p>A team time trial was also scheduled. Del Toro and Delgado took on S\u00e1nchez and Lidl-Trek&#8217;s top talent H\u00e9ctor \u00c1lvarez. The youngest team won that battle: \u00c1lvarez and S\u00e1nchez beat Del Toro and Delgado. \u00c1lvarez won the final event of the day, the elimination race late in the evening.<\/p>\n<p>There was also a special role reserved for Pauline Ferrand-Pr\u00e9vot, but as she is recovering from surgery, she withdrew from the cycling events. Nevertheless, she was present at the event, partly because her fianc\u00e9, <a href=\"https:\/\/www.idlprocycling.com\/dylan-van-baarle\" title=\"Dylan van Baarle\" rel=\"nofollow noopener\" target=\"_blank\">Dylan van Baarle<\/a>, was also cycling. He took part in the criterium, and with success: he was the best, beating Del Toro and \u00c1lvarez in the sprint.<script async src=\"\/\/www.instagram.com\/embed.js\"><\/script><\/p>\n","protected":false},"excerpt":{"rendered":"In the Netherlands and Belgium, the After Tour Criteriums take place, where a spectacular show is put on&hellip;\n","protected":false},"author":2,"featured_media":224711,"comment_status":"","ping_status":"","sticky":false,"template":"","format":"standard","meta":{"footnotes":""},"categories":[569],"tags":[64,63,784,85],"class_list":{"0":"post-224710","1":"post","2":"type-post","3":"status-publish","4":"format-standard","5":"has-post-thumbnail","7":"category-cycling","8":"tag-au","9":"tag-australia","10":"tag-cycling","11":"tag-sports"},"_links":{"self":[{"href":"https:\/\/www.newsbeep.com\/au\/wp-json\/wp\/v2\/posts\/224710","targetHints":{"allow":["GET"]}}],"collection":[{"href":"https:\/\/www.newsbeep.com\/au\/wp-json\/wp\/v2\/posts"}],"about":[{"href":"https:\/\/www.newsbeep.com\/au\/wp-json\/wp\/v2\/types\/post"}],"author":[{"embeddable":true,"href":"https:\/\/www.newsbeep.com\/au\/wp-json\/wp\/v2\/users\/2"}],"replies":[{"embeddable":true,"href":"https:\/\/www.newsbeep.com\/au\/wp-json\/wp\/v2\/comments?post=224710"}],"version-history":[{"count":0,"href":"https:\/\/www.newsbeep.com\/au\/wp-json\/wp\/v2\/posts\/224710\/revisions"}],"wp:featuredmedia":[{"embeddable":true,"href":"https:\/\/www.newsbeep.com\/au\/wp-json\/wp\/v2\/media\/224711"}],"wp:attachment":[{"href":"https:\/\/www.newsbeep.com\/au\/wp-json\/wp\/v2\/media?parent=224710"}],"wp:term":[{"taxonomy":"category","embeddable":true,"href":"https:\/\/www.newsbeep.com\/au\/wp-json\/wp\/v2\/categories?post=224710"},{"taxonomy":"post_tag","embeddable":true,"href":"https:\/\/www.newsbeep.com\/au\/wp-json\/wp\/v2\/tags?post=224710"}],"curies":[{"name":"wp","href":"https:\/\/api.w.org\/{rel}","templated":true}]}}