{"id":234556,"date":"2025-10-23T08:16:08","date_gmt":"2025-10-23T08:16:08","guid":{"rendered":"https:\/\/www.newsbeep.com\/au\/234556\/"},"modified":"2025-10-23T08:16:08","modified_gmt":"2025-10-23T08:16:08","slug":"grading-the-latest-moves-from-inside-the-worldtour-%f0%9f%93%9d","status":"publish","type":"post","link":"https:\/\/www.newsbeep.com\/au\/234556\/","title":{"rendered":"Grading the latest moves from inside the WorldTour \ud83d\udcdd"},"content":{"rendered":"<p><a target=\"_blank\" href=\"https:\/\/substackcdn.com\/image\/fetch\/$s_!s_mW!,f_auto,q_auto:good,fl_progressive:steep\/https%3A%2F%2Fsubstack-post-media.s3.amazonaws.com%2Fpublic%2Fimages%2F572f6b68-3a85-4e36-8fd4-59588e543b96_1200x800.jpeg\" data-component-name=\"Image2ToDOM\" rel=\"nofollow noopener\" class=\"image-link image2 is-viewable-img\"><img decoding=\"async\" src=\"https:\/\/www.newsbeep.com\/au\/wp-content\/uploads\/2025\/10\/https:\/\/substack-post-media.s3.amazonaws.com\/public\/images\/572f6b68-3a85-4e36-8fd4-59588e543b96_1200.jpeg\" width=\"1200\" height=\"800\" data-attrs=\"{&quot;src&quot;:&quot;https:\/\/substack-post-media.s3.amazonaws.com\/public\/images\/572f6b68-3a85-4e36-8fd4-59588e543b96_1200x800.jpeg&quot;,&quot;srcNoWatermark&quot;:null,&quot;fullscreen&quot;:null,&quot;imageSize&quot;:null,&quot;height&quot;:800,&quot;width&quot;:1200,&quot;resizeWidth&quot;:null,&quot;bytes&quot;:685340,&quot;alt&quot;:null,&quot;title&quot;:null,&quot;type&quot;:&quot;image\/jpeg&quot;,&quot;href&quot;:null,&quot;belowTheFold&quot;:false,&quot;topImage&quot;:true,&quot;internalRedirect&quot;:&quot;https:\/\/dnlbenson.substack.com\/i\/176898986?img=https%3A%2F%2Fsubstack-post-media.s3.amazonaws.com%2Fpublic%2Fimages%2F572f6b68-3a85-4e36-8fd4-59588e543b96_1200x800.jpeg&quot;,&quot;isProcessing&quot;:false,&quot;align&quot;:null,&quot;offset&quot;:false}\" alt=\"\"   fetchpriority=\"high\" class=\"sizing-normal\"\/><\/a>Wout Poels will be a rocket in 2026 \ud83d\ude80 Photo courtesy of SWpix.<\/p>\n<p>Hi Subscribers,<\/p>\n<p>We have a new batch of rider transfer analysis this morning, and I\u2019ll provide in-depth analysis on the Tour de France and Tour de France Femmes routes that will be announced later today. <\/p>\n<p>We also have an exclusive with Matt White in the works.<\/p>\n<p>Have a great day.<\/p>\n<p>Daniel \ud83e\udef6<\/p>\n<p>Read more: <a href=\"https:\/\/dnlbenson.substack.com\/p\/cycling-transfers-contract-and-team\" rel=\"nofollow noopener\" target=\"_blank\">Cycling Transfers: Contract and team updates for 102 unlisted WorldTour riders<\/a><\/p>\n<p>Follow me on: <a href=\"https:\/\/x.com\/dnlbenson\" rel=\"nofollow\">Twitter<\/a> \ud83d\udfe2 \u2014 <a href=\"https:\/\/www.instagram.com\/danielbensoncyclingstack\/\" rel=\"nofollow noopener\" target=\"_blank\">Instagram<\/a> \ud83d\udd34 \u2014 <a href=\"https:\/\/bsky.app\/profile\/dnlbenson.bsky.social\" rel=\"nofollow noopener\" target=\"_blank\">Bluesky<\/a> \ud83d\udd35<\/p>\n<p>Wout Poels \ud83c\uddf3\ud83c\uddf1<br \/>From: XDS Astana<br \/>To Unibet Rose Rockets<br \/>Contract length: One year<\/p>\n<p>Rewind a year, and I was always surprised that Bahrain Victorious let Wout Poels walk out the door. Granted, he was advancing towards the twilight of his career, but after signing a number of neo-pros and younger riders, keeping Poels almost seemed essential &#8211; especially since he was still competitive.<\/p>\n<p>When he joined XDS Astana at the start of 2025, it felt like a partnership of convenience. Poels needed a team, and Vino\u2019s squad required anyone with two legs who could earn UCI points. In the spring of this year, it seemed as though this might be Poels\u2019 final term in the pro peloton, but when I spoke to his agents later in the year, they didn\u2019t seem so sure, which gave me the impression the 38-year-old was still eager to race. Of course, there were hurdles &#8211; his age, the fact that the WorldTour teams often prioritise younger or less expensive riders, and the fact that many teams are folding or merging. The market is rough, and not many general managers are looking for a rider close to 40. <\/p>\n<p>It\u2019s unclear at the moment whether XDS Astana wanted to keep Poels for another year, but by last Friday, we began to hear that the Rockets were an option. Decathlon were apparently also in the mix, which made sense given that Poels shares rider representation with Olav Kooij and a handful of riders who have also made the journey to the French team for next year. When we asked the Rockets about the chances of signing Poels on Friday, they neither confirmed nor denied, but it was clear that talks had taken place. He could have already signed at that point, but that\u2019s a moot point now because the Dutchman has signed for 2026.<\/p>\n<p>With Unibet Rose Rockets stepping up to the plate next year with a fuller race calendar and a potential Tour spot, the arrival of Poels makes a huge amount of sense. Even though the team have improved for next season, the squad is lacking when it comes to experienced stage racers, and with 25 Grand Tours in the bank, Poels certainly ticks that box. Okay, he\u2019s no longer the rider who won Liege-Bastogne-Liege a decade ago, but that\u2019s not what the Rockets have signed him for.<\/p>\n<p>Instead, they\u2019ve picked up a veteran rider who can chaperon the younger riders on the team and be a voice of calm experience on the bus when their backs are against the wall. The team\u2019s youngest rider, Maty\u00e1\u0161 Kopeck\u00fd, was six when Poels made his pro debut with Vacansoleil back in 2009, and the team will no doubt lean on that knowledge when it comes to establishing the next phase of their development. For Poels, he has one more year in the pro ranks, a respectable race programme, and the chance to have a bit of fun and maybe even pick off a few more targets before likely hanging up his wheels at the end of the season.<\/p>\n<p>I genuinely like this transfer. Poels isn\u2019t the best rider on the market, and his arrival is a short-term answer to an important question, but it\u2019s a good fit for everyone concerned. <\/p>\n<p>Transfer grade: A-<\/p>\n<p>Embret Svestad-B\u00e5rdseng \ud83c\uddf3\ud83c\uddf4<br \/>From: Ark\u00e9a &#8211; B&amp;B Hotels<br \/>To: Ineos Grenadiers<br \/>Contract length: Three years<\/p>\n<p>If you\u2019d asked me which riders Ineos Grenadiers needed to target at the start of the season, I could have probably drawn up a list of 20-30 names before landing on Embret Svestad-B\u00e5rdseng. If you\u2019d asked me to draw up a list of five Norwegians they needed to target, then he might have made the cut, but the point is, he wasn\u2019t an obvious target. So when we broke the news that Ineos had signed him to a lengthy contract back in the summer, it certainly came as a surprise.<\/p>\n<p><script async src=\"\/\/www.instagram.com\/embed.js\"><\/script><\/p>\n","protected":false},"excerpt":{"rendered":"Wout Poels will be a rocket in 2026 \ud83d\ude80 Photo courtesy of SWpix. Hi Subscribers, We have a&hellip;\n","protected":false},"author":2,"featured_media":234557,"comment_status":"","ping_status":"","sticky":false,"template":"","format":"standard","meta":{"footnotes":""},"categories":[569],"tags":[64,63,784,85],"class_list":{"0":"post-234556","1":"post","2":"type-post","3":"status-publish","4":"format-standard","5":"has-post-thumbnail","7":"category-cycling","8":"tag-au","9":"tag-australia","10":"tag-cycling","11":"tag-sports"},"_links":{"self":[{"href":"https:\/\/www.newsbeep.com\/au\/wp-json\/wp\/v2\/posts\/234556","targetHints":{"allow":["GET"]}}],"collection":[{"href":"https:\/\/www.newsbeep.com\/au\/wp-json\/wp\/v2\/posts"}],"about":[{"href":"https:\/\/www.newsbeep.com\/au\/wp-json\/wp\/v2\/types\/post"}],"author":[{"embeddable":true,"href":"https:\/\/www.newsbeep.com\/au\/wp-json\/wp\/v2\/users\/2"}],"replies":[{"embeddable":true,"href":"https:\/\/www.newsbeep.com\/au\/wp-json\/wp\/v2\/comments?post=234556"}],"version-history":[{"count":0,"href":"https:\/\/www.newsbeep.com\/au\/wp-json\/wp\/v2\/posts\/234556\/revisions"}],"wp:featuredmedia":[{"embeddable":true,"href":"https:\/\/www.newsbeep.com\/au\/wp-json\/wp\/v2\/media\/234557"}],"wp:attachment":[{"href":"https:\/\/www.newsbeep.com\/au\/wp-json\/wp\/v2\/media?parent=234556"}],"wp:term":[{"taxonomy":"category","embeddable":true,"href":"https:\/\/www.newsbeep.com\/au\/wp-json\/wp\/v2\/categories?post=234556"},{"taxonomy":"post_tag","embeddable":true,"href":"https:\/\/www.newsbeep.com\/au\/wp-json\/wp\/v2\/tags?post=234556"}],"curies":[{"name":"wp","href":"https:\/\/api.w.org\/{rel}","templated":true}]}}