{"id":249208,"date":"2025-10-29T18:28:09","date_gmt":"2025-10-29T18:28:09","guid":{"rendered":"https:\/\/www.newsbeep.com\/au\/249208\/"},"modified":"2025-10-29T18:28:09","modified_gmt":"2025-10-29T18:28:09","slug":"is-cian-uijtdebroeks-just-the-first-building-block-of-a-completely-revamped-movistar-new-technical-director-explains","status":"publish","type":"post","link":"https:\/\/www.newsbeep.com\/au\/249208\/","title":{"rendered":"Is Cian Uijtdebroeks just the first building block of a completely revamped Movistar? New technical director explains"},"content":{"rendered":"<p><a href=\"https:\/\/www.idlprocycling.com\/cian-uijtdebroeks\" title=\"Cian Uijtdebroeks\" rel=\"nofollow noopener\" target=\"_blank\">Cian Uijtdebroeks<\/a>&#8216;s move to Movistar was perhaps not one many people had expected. The Belgian terminated his ongoing contract with Visma | Lease a Bike and announced that Movistar is really <a target=\"_self\" href=\"https:\/\/www.idlprocycling.com\/cycling\/when-a-chance-like-this-is-there-you-need-to-take-it-cian-uijtdebroeks-leaves-visma-lease-a-bike-by-choice\" rel=\"nofollow noopener\">laying a solid foundation<\/a> for outstanding performances in the future. This is confirmed by <a href=\"https:\/\/www.idlprocycling.com\/matt-white\" title=\"Matt White\" rel=\"nofollow noopener\" target=\"_blank\">Matt White<\/a>, who, after <a target=\"_self\" href=\"https:\/\/www.idlprocycling.com\/cycling\/how-jayco-alula-wants-to-get-closer-to-competition-with-restructuring-if-you-wait-its-too-late\" rel=\"nofollow noopener\">a long period with Jayco AlUla<\/a>, is now setting the course for the Spanish team.White had been with Jayco AlUla and GreenEdge Cycling since 2012, but was sidelined during the past season. After a well-deserved vacation, White signed with Movistar, a team he had, of course, seen in the peloton all those years. \u201cIt\u2019s been an organisation that\u2019s been around longer than any other, and that comes with a lot of respect after what they\u2019ve done over the years,\u201d he said in an interview with <a target=\"_blank\" href=\"https:\/\/dnlbenson.substack.com\/?utm_source=substack&amp;utm_medium=email&amp;utm_content=share\" rel=\"nofollow noopener\">Daniel Benson<\/a>.<\/p>\n<p>For years, Movistar was Alejandro Valverde&#8217;s team, with far too many leaders in the Grand Tours and a controversial Netflix series&#8230; Under White, some things will change. \u201cThe team has said they want to make some changes, but they want to keep their DNA. I&#8217;m going to be part of that.\u201d<\/p>\n<p>Continue reading below the photo<\/p>\n<p><img decoding=\"async\" width=\"500\" height=\"280\" loading=\"lazy\" src=\"https:\/\/www.newsbeep.com\/au\/wp-content\/uploads\/2025\/10\/825273444.jpg@webp.webp\" class=\"w-auto h-auto\" alt=\"825273444\"\/><\/p>\n<p>Matt White in his younger years as sports director at GreenEdge Cycling<\/p>\n<p>Matt White talks about &#8220;great talent&#8221; at Movistar<\/p>\n<p>With Spanish as the language of communication, many Spanish-speaking staff and management, and a Spanish sponsor, White is the English-speaking man who may have been missing. The 51-year-old Australian wants to internationalize, as Decathlon AG2R La Mondiale has done under its French name. Uijtdebroeks is only the first building block of a completely revamped Movistar.<\/p>\n<p>\u201cTeams have to change if you want to be successful, and we are on the right track,\u201d says White. \u201cI want to make this organization the best possible version of itself. Of course, the team relies on my experience in selecting players because they want to make Movistar a more international team. I am entering a new environment and I am looking forward to it. I see it as a great challenge.\u201d<\/p>\n<p>With Uijtdebroeks, Roger Adr\u00eca (Red Bull-BORA-hansgrohe), Juan P\u00e9dro L\u00f3pez (Lidl-Trek), Ra\u00fal Garc\u00eda Pierna (Ark\u00e9a-B&amp;B Hotels), and Pavel Nov\u00e1k (MBH Bank Ballan CSB), a lot of new blood has already been brought in. What&#8217;s next? &#8220;There is amazing talent in this selection for the coming years. The challenge will be to create an environment in which they can be the best version of themselves.&#8221;<\/p>\n","protected":false},"excerpt":{"rendered":"Cian Uijtdebroeks&#8216;s move to Movistar was perhaps not one many people had expected. The Belgian terminated his ongoing&hellip;\n","protected":false},"author":2,"featured_media":249209,"comment_status":"","ping_status":"","sticky":false,"template":"","format":"standard","meta":{"footnotes":""},"categories":[569],"tags":[64,63,784,85],"class_list":{"0":"post-249208","1":"post","2":"type-post","3":"status-publish","4":"format-standard","5":"has-post-thumbnail","7":"category-cycling","8":"tag-au","9":"tag-australia","10":"tag-cycling","11":"tag-sports"},"_links":{"self":[{"href":"https:\/\/www.newsbeep.com\/au\/wp-json\/wp\/v2\/posts\/249208","targetHints":{"allow":["GET"]}}],"collection":[{"href":"https:\/\/www.newsbeep.com\/au\/wp-json\/wp\/v2\/posts"}],"about":[{"href":"https:\/\/www.newsbeep.com\/au\/wp-json\/wp\/v2\/types\/post"}],"author":[{"embeddable":true,"href":"https:\/\/www.newsbeep.com\/au\/wp-json\/wp\/v2\/users\/2"}],"replies":[{"embeddable":true,"href":"https:\/\/www.newsbeep.com\/au\/wp-json\/wp\/v2\/comments?post=249208"}],"version-history":[{"count":0,"href":"https:\/\/www.newsbeep.com\/au\/wp-json\/wp\/v2\/posts\/249208\/revisions"}],"wp:featuredmedia":[{"embeddable":true,"href":"https:\/\/www.newsbeep.com\/au\/wp-json\/wp\/v2\/media\/249209"}],"wp:attachment":[{"href":"https:\/\/www.newsbeep.com\/au\/wp-json\/wp\/v2\/media?parent=249208"}],"wp:term":[{"taxonomy":"category","embeddable":true,"href":"https:\/\/www.newsbeep.com\/au\/wp-json\/wp\/v2\/categories?post=249208"},{"taxonomy":"post_tag","embeddable":true,"href":"https:\/\/www.newsbeep.com\/au\/wp-json\/wp\/v2\/tags?post=249208"}],"curies":[{"name":"wp","href":"https:\/\/api.w.org\/{rel}","templated":true}]}}