{"id":250738,"date":"2025-10-30T10:55:29","date_gmt":"2025-10-30T10:55:29","guid":{"rendered":"https:\/\/www.newsbeep.com\/au\/250738\/"},"modified":"2025-10-30T10:55:29","modified_gmt":"2025-10-30T10:55:29","slug":"francis-keres-first-european-museum-to-be-built-of-rammed-earth-news","status":"publish","type":"post","link":"https:\/\/www.newsbeep.com\/au\/250738\/","title":{"rendered":"Francis K\u00e9r\u00e9\u2019s first European museum to be built of rammed earth | News"},"content":{"rendered":"<p>&#13;<br \/>\n\t\t\t\t\t\t\t\t\t\t<a name=\"entry\" id=\"EntryAnchor\">anchor<\/a>&#13;<br \/>\n\t\t\t\t\t&#13;<br \/>\n&#13;<br \/>\n\t\t\t\t\t&#13;<br \/>\n&#13;<\/p>\n<p>\t\t\t\t\t\t\t<a class=\"floatbox\" href=\"https:\/\/archinect.gumlet.io\/uploads\/66\/66c41141b8167ff9a6889223fe942fdc.jpg?auto=compress%2Cformat\" title=\"Image credit: K\u00e9r\u00e9 Architecture\" data-size=\"1800x1272\" rel=\"nofollow noopener\" target=\"_blank\">&#13;<br \/>\n\t\t\t\t\t\t\t\t<img decoding=\"async\"  src=\"https:\/\/www.newsbeep.com\/au\/wp-content\/uploads\/2025\/10\/66c41141b8167ff9a6889223fe942fdc.jpg\" border=\"0\" class=\"Cover\" title=\"Image credit: K\u00e9r\u00e9 Architecture\" alt=\"Image credit: K\u00e9r\u00e9 Architecture\" width=\"514\" height=\"\" \/>\t\t\t\t\t\t\t<\/a><\/p>\n<p>Image credit: K\u00e9r\u00e9 Architecture<\/p>\n<p>\t\t\t\t\t\t\t\t\t\t\t\t\t&#13;<br \/>\n\t\t\t\t\t&#13;<br \/>\n\t\t\t\t\t\t\t\t\t\t\t\t\t\t\t\t&#13;<\/p>\n<p><a href=\"https:\/\/archinect.com\/firms\/cover\/79859021\/k-r-architecture\" target=\"_blank\" rel=\"nofollow noopener\">K\u00e9r\u00e9 Architecture<\/a> has unveiled plans for the Museum Ehrhardt, a 14,000-square-foot institution dedicated to photography and contemporary art in Pl\u00fcschow, northern <a href=\"https:\/\/archinect.com\/news\/tag\/4146\/germany\" target=\"_blank\" rel=\"nofollow noopener\">Germany<\/a>. The project marks the Berlin-based studio\u2019s first cultural commission in Germany and its first <a href=\"https:\/\/archinect.com\/news\/tag\/3330\/museum\" target=\"_blank\" rel=\"nofollow noopener\">museum<\/a> building in Europe.<\/p>\n<p><a href=\"https:\/\/archinect.gumlet.io\/uploads\/1c\/1ce26bfeb7d5b52799c69f2addacb8ae.jpg?auto=compress%2Cformat&amp;enlarge=true&amp;w=1028\" class=\"floatbox\" data-size=\"1028x725\" target=\"_blank\" rel=\"nofollow noopener\"><img decoding=\"async\" src=\"https:\/\/www.newsbeep.com\/au\/wp-content\/uploads\/2025\/10\/1ce26bfeb7d5b52799c69f2addacb8ae.jpg\"  \/><\/a><\/p>\n<p>Image credit: K\u00e9r\u00e9 Architecture<a href=\"https:\/\/archinect.gumlet.io\/uploads\/37\/371bbe0f428f5b80288c31dcac4cbddf.jpg?auto=compress%2Cformat&amp;enlarge=true&amp;w=1028\" class=\"floatbox\" data-size=\"1028x726\" target=\"_blank\" rel=\"nofollow noopener\"><img decoding=\"async\" src=\"https:\/\/www.newsbeep.com\/au\/wp-content\/uploads\/2025\/10\/371bbe0f428f5b80288c31dcac4cbddf.jpg\"  \/><\/a>Image credit: K\u00e9r\u00e9 Architecture<\/p>\n<p>Initiated by Dr. Jens Ehrhardt and Elke Weicht-Ehrhardt, the museum honors Alfred Ehrhardt, a key figure of the New Objectivity movement known for his work in painting, photography, and film. The site, near the Baltic Sea, was selected for the family\u2019s historical ties to the region and its existing cultural activity centered around Schloss Pl\u00fcschow, which hosts an artist residency and gallery.<\/p>\n<p><a href=\"https:\/\/archinect.gumlet.io\/uploads\/c1\/c1eac9d2143f5a454f0f22367cdf0fb6.jpg?auto=compress%2Cformat&amp;enlarge=true&amp;w=1028\" class=\"floatbox\" data-size=\"1028x726\" target=\"_blank\" rel=\"nofollow noopener\"><img decoding=\"async\" src=\"https:\/\/www.newsbeep.com\/au\/wp-content\/uploads\/2025\/10\/c1eac9d2143f5a454f0f22367cdf0fb6.jpg\"  \/><\/a><\/p>\n<p>Image credit: K\u00e9r\u00e9 Architecture<a href=\"https:\/\/archinect.gumlet.io\/uploads\/08\/083831f3d0ab8f97ee67d5a01e7116d9.jpg?auto=compress%2Cformat&amp;enlarge=true&amp;w=1028\" class=\"floatbox\" data-size=\"1028x726\" target=\"_blank\" rel=\"nofollow noopener\"><img decoding=\"async\" src=\"https:\/\/www.newsbeep.com\/au\/wp-content\/uploads\/2025\/10\/083831f3d0ab8f97ee67d5a01e7116d9.jpg\"  \/><\/a>Image credit: K\u00e9r\u00e9 Architecture<\/p>\n<p>K\u00e9r\u00e9\u2019s design emphasizes contextual craftsmanship and environmental performance. A free-formed, 260-foot <a href=\"https:\/\/archinect.com\/news\/tag\/207825\/rammed-earth\" target=\"_blank\" rel=\"nofollow noopener\">rammed earth<\/a> wall defines the central exhibition axis, contributing to natural humidity and temperature regulation. A lightweight <a href=\"https:\/\/archinect.com\/news\/tag\/282\/timber\" target=\"_blank\" rel=\"nofollow noopener\">timber<\/a> framework above is designed for dismantling and reuse, developed in collaboration with Austria\u2019s HK Architekten.<\/p>\n<p><a href=\"https:\/\/archinect.gumlet.io\/uploads\/6e\/6e8bcee089f952886c923d3daca368cd.jpg?auto=compress%2Cformat&amp;enlarge=true&amp;w=1028\" class=\"floatbox\" data-size=\"1028x726\" target=\"_blank\" rel=\"nofollow noopener\"><img decoding=\"async\" src=\"https:\/\/www.newsbeep.com\/au\/wp-content\/uploads\/2025\/10\/6e8bcee089f952886c923d3daca368cd.jpg\"  \/><\/a><\/p>\n<p>Image credit: K\u00e9r\u00e9 Architecture<a href=\"https:\/\/archinect.gumlet.io\/uploads\/ed\/edc54acebe83d2c7dddc63832683781b.jpg?auto=compress%2Cformat&amp;enlarge=true&amp;w=1028\" class=\"floatbox\" data-size=\"1028x726\" target=\"_blank\" rel=\"nofollow noopener\"><img decoding=\"async\" src=\"https:\/\/www.newsbeep.com\/au\/wp-content\/uploads\/2025\/10\/edc54acebe83d2c7dddc63832683781b.jpg\"  \/><\/a>Image credit: K\u00e9r\u00e9 Architecture<\/p>\n<p>Complementing the building are <a href=\"https:\/\/archinect.com\/news\/tag\/73524\/landscape-architecture\" target=\"_blank\" rel=\"nofollow noopener\">landscaped<\/a> outdoor areas, including a roof biotope and a rainwater-harvesting garden extending from the museum caf\u00e9. \u201cThe design choices align with K\u00e9r\u00e9 Architecture\u2019s philosophy of creating simple yet high-quality architecture that employs regional construction techniques and <a href=\"https:\/\/archinect.com\/news\/tag\/2382980\/sustainable-materials\" target=\"_blank\" rel=\"nofollow noopener\">local resources<\/a>,\u201d the studio adds.<\/p>\n<p><a href=\"https:\/\/archinect.gumlet.io\/uploads\/a7\/a7ef27ab8cc6e4b71e0fa2314c290ee3.jpg?auto=compress%2Cformat&amp;enlarge=true&amp;w=1028\" class=\"floatbox\" data-size=\"1028x726\" target=\"_blank\" rel=\"nofollow noopener\"><img decoding=\"async\" src=\"https:\/\/www.newsbeep.com\/au\/wp-content\/uploads\/2025\/10\/a7ef27ab8cc6e4b71e0fa2314c290ee3.jpg\"  \/><\/a><\/p>\n<p>Image credit: K\u00e9r\u00e9 Architecture<a href=\"https:\/\/archinect.gumlet.io\/uploads\/e7\/e7279804d00d40ad2bc93f0425a46a27.jpg?auto=compress%2Cformat&amp;enlarge=true&amp;w=1028\" class=\"floatbox\" data-size=\"1028x725\" target=\"_blank\" rel=\"nofollow noopener\"><img decoding=\"async\" src=\"https:\/\/www.newsbeep.com\/au\/wp-content\/uploads\/2025\/10\/e7279804d00d40ad2bc93f0425a46a27.jpg\"  \/><\/a>Image credit: K\u00e9r\u00e9 Architecture\t\t\t\t\t&#13;<br \/>\n\t\t\t\t\t&#13;<br \/>\n\t\t\t\t\t&#13;<br \/>\n\t\t\t\t\t&#13;<br \/>\n\t\t\t\t\t&#13;<br \/>\n\t\t\t\t\t\t\t\t\t\t\t\t\t\t\t\t\t\t\t\t\t\t\t\t\t\t\t\t\t\t\t\t\t\t\t\t\t\t\t\t\t\t\t\t\t\t\t\t\t\t\t\t\t\t\t\t\t\t\t\t\t\t\t\t\t\t\t\t\t\t\t\t\t\t\t\t\t\t\t\t\t\t\t\t\t\t\t\t\t\t\t\t\t\t\t\t\t\t\t\t\t\t\t\t\t\t\t\t\t\t\t\t\t\t\t\t\t\t\t\t\t\t\t\t\t\t\t\t\t\t\t\t\t\t\t\t\t\t\t\t\t\t\t\t\t\t\t\t\t\t\t\t\t\t\t\t\t\t\t\t\t\t\t\t\t\t\t\t\t\t\t\t\t\t\t\t\t\t\t\t\t\t\t\t\t\t\t\t\t\t\t\t\t\t\t\t\t\t\t\t\t\t\t\t\t\t\t\t\t\t\t\t\t\t\t\t\t\t\t\t\t\t\t\t\t\t\t\t\t\t\t\t\t\t\t\t\t\t\t\t\t\t\t\t\t\t\t\t\t\t\t\t\t\t\t\t\t\t\t\t\t\t\t\t\t\t\t\t\t\t\t\t\t\t\t\t\t\t\t\t\t\t\t\t\t\t\t\t\t\t\t\t\t\t\t\t\t\t\t\t\t\t\t\t\t\t\t\t\t\t\t\t\t\t\t\t\t\t\t\t\t\t\t\t\t\t\t\t\t\t\t\t\t&#13;<br \/>\n\t\t\t\t\t\t\t\t\t\t\t&#13;<br \/>\n\t\t\t\t\t<br clear=\"all\" \/>&#13;<br \/>\n&#13;<br \/>\n\t\t\t\t\t&#13;<\/p>\n<p>\t\tSimilar articles on Archinect that may interest you&#8230;<\/p>\n<p>\u00a0<\/p>\n<p>&#13;<br \/>\n\t\t\t\t\t\t\t\t\t\t\t\t\t\t\t&#13;<br \/>\n\t\t\t\t\t&#13;<br \/>\n\t\t\t\t\t\t\t\t\t\t\t&#13;<br \/>\n\t\t\t\t\t&#13;<br \/>\n\t\t\t\t\t&#13;<br \/>\n\t\t\t\t\t&#13;<br \/>\n\t\t\t\t\t&#13;<\/p>\n","protected":false},"excerpt":{"rendered":"&#13; anchor&#13; &#13; &#13; &#13; &#13; &#13; Image credit: K\u00e9r\u00e9 Architecture &#13; &#13; &#13; K\u00e9r\u00e9 Architecture has unveiled&hellip;\n","protected":false},"author":2,"featured_media":250739,"comment_status":"","ping_status":"","sticky":false,"template":"","format":"standard","meta":{"footnotes":""},"categories":[31],"tags":[449,458,459,64,63,460,134],"class_list":{"0":"post-250738","1":"post","2":"type-post","3":"status-publish","4":"format-standard","5":"has-post-thumbnail","7":"category-arts-and-design","8":"tag-arts","9":"tag-arts-and-design","10":"tag-artsanddesign","11":"tag-au","12":"tag-australia","13":"tag-design","14":"tag-entertainment"},"_links":{"self":[{"href":"https:\/\/www.newsbeep.com\/au\/wp-json\/wp\/v2\/posts\/250738","targetHints":{"allow":["GET"]}}],"collection":[{"href":"https:\/\/www.newsbeep.com\/au\/wp-json\/wp\/v2\/posts"}],"about":[{"href":"https:\/\/www.newsbeep.com\/au\/wp-json\/wp\/v2\/types\/post"}],"author":[{"embeddable":true,"href":"https:\/\/www.newsbeep.com\/au\/wp-json\/wp\/v2\/users\/2"}],"replies":[{"embeddable":true,"href":"https:\/\/www.newsbeep.com\/au\/wp-json\/wp\/v2\/comments?post=250738"}],"version-history":[{"count":0,"href":"https:\/\/www.newsbeep.com\/au\/wp-json\/wp\/v2\/posts\/250738\/revisions"}],"wp:featuredmedia":[{"embeddable":true,"href":"https:\/\/www.newsbeep.com\/au\/wp-json\/wp\/v2\/media\/250739"}],"wp:attachment":[{"href":"https:\/\/www.newsbeep.com\/au\/wp-json\/wp\/v2\/media?parent=250738"}],"wp:term":[{"taxonomy":"category","embeddable":true,"href":"https:\/\/www.newsbeep.com\/au\/wp-json\/wp\/v2\/categories?post=250738"},{"taxonomy":"post_tag","embeddable":true,"href":"https:\/\/www.newsbeep.com\/au\/wp-json\/wp\/v2\/tags?post=250738"}],"curies":[{"name":"wp","href":"https:\/\/api.w.org\/{rel}","templated":true}]}}