{"id":306621,"date":"2025-11-25T00:18:15","date_gmt":"2025-11-25T00:18:15","guid":{"rendered":"https:\/\/www.newsbeep.com\/au\/306621\/"},"modified":"2025-11-25T00:18:15","modified_gmt":"2025-11-25T00:18:15","slug":"eva-longoria-shares-why-she-waited-to-become-a-mom-at-age-43","status":"publish","type":"post","link":"https:\/\/www.newsbeep.com\/au\/306621\/","title":{"rendered":"Eva Longoria Shares Why She Waited to Become a Mom at Age 43"},"content":{"rendered":"<p class=\"mb-4 text-lg md:leading-8 break-words\">Originally appeared on <a href=\"https:\/\/www.eonline.com\/news\/1425418\/eva-longoria-on-becoming-a-mom-at-43\" rel=\"nofollow noopener\" target=\"_blank\" data-ylk=\"slk:E! Online;elm:context_link;itc:0;sec:content-canvas\" class=\"link \">E! Online<\/a><\/p>\n<p class=\"mb-4 text-lg md:leading-8 break-words\"><a href=\"https:\/\/www.eonline.com\/news\/eva_longoria\" rel=\"nofollow noopener\" target=\"_blank\" data-ylk=\"slk:Eva Longoria;elm:context_link;itc:0;sec:content-canvas\" class=\"link \">Eva Longoria<\/a>\u2019s life unfolded just as it was meant to.<\/p>\n<p class=\"mb-4 text-lg md:leading-8 break-words\">The Desperate Housewives alum\u2014who shares 7-year-old son <a href=\"https:\/\/www.eonline.com\/news\/1402018\/why-eva-longoria-says-her-5-year-old-son-santiago-is-very-bougie\" rel=\"nofollow noopener\" target=\"_blank\" data-ylk=\"slk:Santiago;elm:context_link;itc:0;sec:content-canvas\" class=\"link \">Santiago<\/a> with husband Jos\u00e9 Bast\u00f3n\u2014recently explained why becoming a mom at age 43 was the right move for her.<\/p>\n<p class=\"mb-4 text-lg md:leading-8 break-words\">\u201cYou have so much more wisdom and patience when you become a mother in your forties,\u201d she told The Times in an <a href=\"https:\/\/www.thetimes.com\/life-style\/celebrity\/article\/eva-longoria-interview-christmas-karma-film-35gz3k3lv\" rel=\"nofollow noopener\" target=\"_blank\" data-ylk=\"slk:interview published Nov. 24;elm:context_link;itc:0;sec:content-canvas\" class=\"link \">interview published Nov. 24<\/a>. \u201cIt was all about me for so long. Forty years of me was enough time, so I was really blessed to have my child later in life because I had travelled, I\u2019d done everything I needed to do for my career.\u201d<\/p>\n<p class=\"mb-4 text-lg md:leading-8 break-words\">As she put it, Santiago makes this era of her life extra special. \u201cNow everything I do is just icing on the cake,&#8221; she continued, &#8220;and I get to do that with my son.\u201d<\/p>\n<p class=\"mb-4 text-lg md:leading-8 break-words\">And while Eva, who celebrated her 50th birthday in March, conceded, \u201cI want to have my 20-year-old body with my 50-year-old mind,\u201d she\u2019s also made deliberate choices to ensure she can be a mom on the go for as long as she possibly can.<\/p>\n<p class=\"mb-4 text-lg md:leading-8 break-words\">More from E! Online<\/p>\n<p class=\"mb-4 text-lg md:leading-8 break-words\">\u201cWe\u2019re all aging,\u201d she said. \u201cIt\u2019s happening, so you have no choice but to embrace it. I just want to age well. I want to be able to move, hike, get up and down stairs. I\u2019m still carrying my son and he\u2019s 7.\u201d<\/p>\n<p class=\"mb-4 text-lg md:leading-8 break-words\">Eva also shared how it\u2019s the promise of time with Santiago that has her so discerning when it comes to taking on new projects.<\/p>\n<p><img alt=\"Eva Longoria, Jos\u00e9 Bast\u00f3n, Santiago Bast\u00f3n\" loading=\"lazy\" width=\"819\" height=\"1024\" decoding=\"async\" data-nimg=\"1\" class=\"rounded-lg\" style=\"color:transparent\" src=\"https:\/\/s.yimg.com\/ny\/api\/res\/1.2\/Gnitqdb5xYIsKU4WsZoe.w--\/YXBwaWQ9aGlnaGxhbmRlcjt3PTk2MDtoPTEyMDA7Y2Y9d2VicA--\/https:\/\/media.zenfs.com\/en\/e__181\/4f3edf90a881265dabfa8a78cbc105ee\"\/><\/p>\n<p>Instagram<\/p>\n<p class=\"mb-4 text-lg md:leading-8 break-words\">\u201cMy family is my priority,\u201d the Only Murders in the Building star said. \u201cSo, if I\u2019m saying yes to something and it\u2019s taking time away from them, it\u2019s got to be something I\u2019m really going to enjoy and people I really want to work with.\u201d<\/p>\n<p class=\"mb-4 text-lg md:leading-8 break-words\">Thankfully, Eva\u2014who was previously married to Tony Parker and Tyler Christopher\u2014has the perfect partner in Jos\u00e9.<\/p>\n<p class=\"mb-4 text-lg md:leading-8 break-words\">\u201cI\u2019m busy and my career is very important to me, but I\u2019m really fortunate that I met my match in that,\u201d she said of her husband of almost 10 years. \u201cHe\u2019s totally supportive of my dreams and my goals and what I want to get done.\u201d<\/p>\n<p><img alt=\"Eva Longoria, Big Pic\" loading=\"lazy\" width=\"634\" height=\"1024\" decoding=\"async\" data-nimg=\"1\" class=\"rounded-lg\" style=\"color:transparent\" src=\"https:\/\/s.yimg.com\/ny\/api\/res\/1.2\/t_fwbYD3xUlQY6jkEKJ_8w--\/YXBwaWQ9aGlnaGxhbmRlcjt3PTk2MDtoPTE1NTE7Y2Y9d2VicA--\/https:\/\/media.zenfs.com\/en\/e__181\/84acb4995cbaa7c3e4d69425725539a5\"\/><\/p>\n<p>TheStewartofNY\/GC Images<\/p>\n<p class=\"mb-4 text-lg md:leading-8 break-words\">Eva has previously shared insight into <a href=\"https:\/\/www.eonline.com\/news\/1410057\/eva-longoria-clarifies-reason-she-moved-out-of-the-united-states\" rel=\"nofollow noopener\" target=\"_blank\" data-ylk=\"slk:splitting her and her family\u2019s time;elm:context_link;itc:0;sec:content-canvas\" class=\"link \">splitting her and her family\u2019s time<\/a> <a href=\"https:\/\/www.eonline.com\/news\/1409964\/eva-longoria-shares-she-and-her-family-have-moved-out-of-the-united-states\" rel=\"nofollow noopener\" target=\"_blank\" data-ylk=\"slk:between the United States, Mexico and Spain;elm:context_link;itc:0;sec:content-canvas\" class=\"link \">between the United States, Mexico and Spain<\/a>\u2014and how much the lifestyle works for Santiago.<\/p>\n<p class=\"mb-4 text-lg md:leading-8 break-words\">\u201cHe loves it. He&#8217;s well-traveled,\u201d she said of her son to E! News in April. After all, she added, &#8220;For him, home is where I am. He just loves being with me.\u201d<\/p>\n<p class=\"mb-4 text-lg md:leading-8 break-words\">For a closer look at Eva\u2019s most cherished role\u2014that of mom\u2014read on.<\/p>\n<p>Travel Buddies<img alt=\"Travel Buddies\" loading=\"lazy\" width=\"960\" height=\"960\" decoding=\"async\" data-nimg=\"1\" class=\"rounded-lg\" style=\"color:transparent\" src=\"https:\/\/s.yimg.com\/ny\/api\/res\/1.2\/9BfvRLvJNo.7w0xBQOKGVQ--\/YXBwaWQ9aGlnaGxhbmRlcjt3PTk2MDtoPTk2MDtjZj13ZWJw\/https:\/\/media.zenfs.com\/en\/e__181\/4037fc122c7bf1d11b437ef1fd0e6407\"\/><\/p>\n<p>&#8220;Summer where are you?&#8221; Eva Longoria wrote on <a href=\"https:\/\/www.instagram.com\/p\/CcQgmHeL53u\/\" rel=\"nofollow noopener\" target=\"_blank\" data-ylk=\"slk:Instagram;elm:context_link;itc:0;sec:content-canvas\" class=\"link \">Instagram<\/a> as her son wore a matching set from the Kaavia James Union-Wade x Janie and Jack Collection. &#8220;We are ready!!!!&#8221;<\/p>\n<p>Snuggle Time<img alt=\"Snuggle Time\" loading=\"lazy\" width=\"960\" height=\"1200\" decoding=\"async\" data-nimg=\"1\" class=\"rounded-lg\" style=\"color:transparent\" src=\"https:\/\/s.yimg.com\/ny\/api\/res\/1.2\/ygciwi_mQoVWmOS7_1Ut5A--\/YXBwaWQ9aGlnaGxhbmRlcjt3PTk2MDtoPTEyMDA7Y2Y9d2VicA--\/https:\/\/media.zenfs.com\/en\/e__181\/65115cb892b1ba6e3c317eb48f0164d4\"\/><\/p>\n<p>&#8220;Post-Mother&#8217;s Day snuggles,&#8221; Eva wrote on <a href=\"https:\/\/www.instagram.com\/p\/COsgwWKnpHv\/\" rel=\"nofollow noopener\" target=\"_blank\" data-ylk=\"slk:Instagram;elm:context_link;itc:0;sec:content-canvas\" class=\"link \">Instagram<\/a> while wearing matching Peregrine Kidswear with her son. <\/p>\n<p>Messy Mom Buns<img alt=\"Messy Mom Buns\" loading=\"lazy\" width=\"960\" height=\"1200\" decoding=\"async\" data-nimg=\"1\" class=\"rounded-lg\" style=\"color:transparent\" src=\"https:\/\/s.yimg.com\/ny\/api\/res\/1.2\/qhMT1T0l_AN9EHKhn3Db2A--\/YXBwaWQ9aGlnaGxhbmRlcjt3PTk2MDtoPTEyMDA7Y2Y9d2VicA--\/https:\/\/media.zenfs.com\/en\/e__181\/fb258d8e01d0581afede841e6768cc0f\"\/><\/p>\n<p>&#8220;Hey @chrissyteigen is this the official hairstyle of breast feeding?&#8221; Eva <a href=\"https:\/\/www.instagram.com\/p\/BldjOc7Az6f\/\" rel=\"nofollow noopener\" target=\"_blank\" data-ylk=\"slk:joked;elm:context_link;itc:0;sec:content-canvas\" class=\"link \">joked<\/a> as she rocked a messy bun while cuddling her newborn son.<\/p>\n<p>Santiago Goes to Work<img alt=\"Santiago Goes to Work\" loading=\"lazy\" width=\"960\" height=\"1200\" decoding=\"async\" data-nimg=\"1\" class=\"rounded-lg\" style=\"color:transparent\" src=\"https:\/\/s.yimg.com\/ny\/api\/res\/1.2\/7hNSrQ7HtV0lHLfPMmbwTg--\/YXBwaWQ9aGlnaGxhbmRlcjt3PTk2MDtoPTEyMDA7Y2Y9d2VicA--\/https:\/\/media.zenfs.com\/en\/e__181\/4b2c7aa315cbb6931fe10e13686ffaf8\"\/><\/p>\n<p>&#8220;First day back to work and look who is my assistant director! He has a desk and everything!&#8221; the star joked with baby Santiago on <a href=\"https:\/\/www.instagram.com\/p\/Bmtz_D1Adbt\/\" rel=\"nofollow noopener\" target=\"_blank\" data-ylk=\"slk:Instagram.;elm:context_link;itc:0;sec:content-canvas\" class=\"link \">Instagram.<\/a> <\/p>\n<p>6 Month Birthday<img alt=\"6 Month Birthday\" loading=\"lazy\" width=\"960\" height=\"960\" decoding=\"async\" data-nimg=\"1\" class=\"rounded-lg\" style=\"color:transparent\" src=\"https:\/\/s.yimg.com\/ny\/api\/res\/1.2\/Tr5gcrKsM9hrO4wXdXCsTw--\/YXBwaWQ9aGlnaGxhbmRlcjt3PTk2MDtoPTk2MDtjZj13ZWJw\/https:\/\/media.zenfs.com\/en\/e__181\/e4fc3e0cb15b53044c9d23d3197d17ea\"\/><\/p>\n<p>Eva posted <a href=\"https:\/\/www.instagram.com\/p\/BrlO4cyByGi\/\" rel=\"nofollow noopener\" target=\"_blank\" data-ylk=\"slk:this;elm:context_link;itc:0;sec:content-canvas\" class=\"link \">this<\/a> sweet moment between her son and her son in honor of his six-month birthday. &#8220;My sweet angel, you are 6months today and it feels like you were just born yesterday!&#8221; she wrote. &#8220;Although I can&#8217;t remember my life without you. Your laughter melts my heart in ways you will never know.&#8221;<\/p>\n<p>Learning Politics Early<img alt=\"Learning Politics Early\" loading=\"lazy\" width=\"960\" height=\"1201\" decoding=\"async\" data-nimg=\"1\" class=\"rounded-lg\" style=\"color:transparent\" src=\"https:\/\/s.yimg.com\/ny\/api\/res\/1.2\/e_Ab8SpBP1_y1fwV_asv3w--\/YXBwaWQ9aGlnaGxhbmRlcjt3PTk2MDtoPTEyMDE7Y2Y9d2VicA--\/https:\/\/media.zenfs.com\/en\/e__181\/b24cdfc4c2917ecfe36739b1a8df91ca\"\/><\/p>\n<p>&#8220;It&#8217;s never too early to learn about your candidates,&#8221; the actress joked on <a href=\"https:\/\/www.instagram.com\/p\/Bp2j1d_hfu1\/\" rel=\"nofollow noopener\" target=\"_blank\" data-ylk=\"slk:Instagram;elm:context_link;itc:0;sec:content-canvas\" class=\"link \">Instagram<\/a> while reading a voting pamphlet with her 11 month-old son, urging her followers to educate themselves for the midterm elections. <\/p>\n<p>Poolside Hangouts<img alt=\"Poolside Hangouts\" loading=\"lazy\" width=\"960\" height=\"960\" decoding=\"async\" data-nimg=\"1\" class=\"rounded-lg\" style=\"color:transparent\" src=\"https:\/\/s.yimg.com\/ny\/api\/res\/1.2\/I8z.9M3Osare1hGbdmC85w--\/YXBwaWQ9aGlnaGxhbmRlcjt3PTk2MDtoPTk2MDtjZj13ZWJw\/https:\/\/media.zenfs.com\/en\/e__181\/97ffa04bc571e912b77516c8380f4cf1\"\/><\/p>\n<p>&#8220;Ready for a dip in the pool!&#8221; the actress posted alongside a photo of her and her son wearing similar hats on <a href=\"https:\/\/www.instagram.com\/p\/BsL_3FahCyh\/\" rel=\"nofollow noopener\" target=\"_blank\" data-ylk=\"slk:Instagram.;elm:context_link;itc:0;sec:content-canvas\" class=\"link \">Instagram.<\/a><\/p>\n<p>Directed by &#8230; Santiago!<img alt=\"Directed by ... Santiago!\" loading=\"lazy\" width=\"960\" height=\"960\" decoding=\"async\" data-nimg=\"1\" class=\"rounded-lg\" style=\"color:transparent\" src=\"https:\/\/s.yimg.com\/ny\/api\/res\/1.2\/lJWVHP484p3cwU2gfUSEew--\/YXBwaWQ9aGlnaGxhbmRlcjt3PTk2MDtoPTk2MDtjZj13ZWJw\/https:\/\/media.zenfs.com\/en\/e__181\/729f1144855a0867781d2d83b3f61964\"\/><\/p>\n<p>&#8220;I think I found our next director,&#8221; Eva <a href=\"https:\/\/www.instagram.com\/p\/BquwFjph5-N\/\" rel=\"nofollow noopener\" target=\"_blank\" data-ylk=\"slk:joked;elm:context_link;itc:0;sec:content-canvas\" class=\"link \">joked<\/a> while on the set of Black-ish. <\/p>\n<p>Birthday Kisses<img alt=\"Birthday Kisses\" loading=\"lazy\" width=\"960\" height=\"960\" decoding=\"async\" data-nimg=\"1\" class=\"rounded-lg\" style=\"color:transparent\" src=\"https:\/\/s.yimg.com\/ny\/api\/res\/1.2\/1qUAbQKLwEsoZWeVj6RmOw--\/YXBwaWQ9aGlnaGxhbmRlcjt3PTk2MDtoPTk2MDtjZj13ZWJw\/https:\/\/media.zenfs.com\/en\/e__181\/f06bc67bbddbdf92ea1ca44a1977ac7f\"\/><\/p>\n<p>Eva posted this heart-warming <a href=\"https:\/\/www.instagram.com\/p\/BvC3664BqMc\/\" rel=\"nofollow noopener\" target=\"_blank\" data-ylk=\"slk:photo;elm:context_link;itc:0;sec:content-canvas\" class=\"link \">photo<\/a> on her birthday adding, &#8220;Thank you all so much for all the birthday wishes!! I&#8217;m having the best day with my loved ones and getting a lot of kisses from my Santi baby!&#8221;<\/p>\n<p>Nap Time<img alt=\"Nap Time\" loading=\"lazy\" width=\"960\" height=\"960\" decoding=\"async\" data-nimg=\"1\" class=\"rounded-lg\" style=\"color:transparent\" src=\"https:\/\/s.yimg.com\/ny\/api\/res\/1.2\/7Mi2eeBC5K5AVXH476gcNg--\/YXBwaWQ9aGlnaGxhbmRlcjt3PTk2MDtoPTk2MDtjZj13ZWJw\/https:\/\/media.zenfs.com\/en\/e__181\/3b1dcec04893b56e4f7b4ed90e316bc4\"\/><\/p>\n<p>&#8220;Will he always hold me like this?&#8221; the star jokingly asked while sharing a <a href=\"https:\/\/www.instagram.com\/p\/Bs1VaYDhn-T\/\" rel=\"nofollow noopener\" target=\"_blank\" data-ylk=\"slk:photo;elm:context_link;itc:0;sec:content-canvas\" class=\"link \">photo<\/a> of nap time with her son. <\/p>\n<p>Travel Buddies<img alt=\"Travel Buddies\" loading=\"lazy\" width=\"960\" height=\"1200\" decoding=\"async\" data-nimg=\"1\" class=\"rounded-lg\" style=\"color:transparent\" src=\"https:\/\/s.yimg.com\/ny\/api\/res\/1.2\/ye0EARMkgDCidBkbmW.vsw--\/YXBwaWQ9aGlnaGxhbmRlcjt3PTk2MDtoPTEyMDA7Y2Y9d2VicA--\/https:\/\/media.zenfs.com\/en\/e__181\/26883938173bffc2407283d7e8e09b5d\"\/><\/p>\n<p>&#8220;Ya&#8217;ll like my new carry-on?&#8221; Eva joked on <a href=\"https:\/\/www.instagram.com\/p\/BwKYEaqB69r\/\" rel=\"nofollow noopener\" target=\"_blank\" data-ylk=\"slk:Instagram;elm:context_link;itc:0;sec:content-canvas\" class=\"link \">Instagram<\/a>. <\/p>\n<p>Snack Time<img alt=\"Snack Time\" loading=\"lazy\" width=\"634\" height=\"1024\" decoding=\"async\" data-nimg=\"1\" class=\"rounded-lg\" style=\"color:transparent\" src=\"https:\/\/s.yimg.com\/ny\/api\/res\/1.2\/l8aXnsBZctgH4AnY3R2B_Q--\/YXBwaWQ9aGlnaGxhbmRlcjt3PTk2MDtoPTE1NTE7Y2Y9d2VicA--\/https:\/\/media.zenfs.com\/en\/e__181\/5e75c47d47e17338acb31d2df0ccca27\"\/><\/p>\n<p>The Grand Hotel executive producer shared this adorable photo of her &#8220;Santi&#8221; eating bread together. &#8220;Us. Just chilling and eating bread. #Moments,&#8221; she wrote. <\/p>\n<p>Beach Baby<img alt=\"Beach Baby\" loading=\"lazy\" width=\"960\" height=\"960\" decoding=\"async\" data-nimg=\"1\" class=\"rounded-lg\" style=\"color:transparent\" src=\"https:\/\/s.yimg.com\/ny\/api\/res\/1.2\/TiGj0PQEs.xWTta_PebwtA--\/YXBwaWQ9aGlnaGxhbmRlcjt3PTk2MDtoPTk2MDtjZj13ZWJw\/https:\/\/media.zenfs.com\/en\/e__181\/3226d56696bf474c2ccb18e45fe26385\"\/><\/p>\n<p>Eva posted <a href=\"https:\/\/www.instagram.com\/p\/BwnKS7ChYBp\/\" rel=\"nofollow noopener\" target=\"_blank\" data-ylk=\"slk:this;elm:context_link;itc:0;sec:content-canvas\" class=\"link \">this<\/a> cute picture of her and her son sitting poolside on vacation. <\/p>\n<p>Sunset Dances<img alt=\"Sunset Dances\" loading=\"lazy\" width=\"960\" height=\"1200\" decoding=\"async\" data-nimg=\"1\" class=\"rounded-lg\" style=\"color:transparent\" src=\"https:\/\/s.yimg.com\/ny\/api\/res\/1.2\/dgSkeT1PaK.zdvB.bWLM9Q--\/YXBwaWQ9aGlnaGxhbmRlcjt3PTk2MDtoPTEyMDA7Y2Y9d2VicA--\/https:\/\/media.zenfs.com\/en\/e__181\/be03bd8b3a318e5ba59e8c701e6cc91b\"\/><\/p>\n<p>&#8220;Dancing to the sunset!&#8221; Eva shared on her Instagram while on vacation with her son. <\/p>\n<p>Smiley Saturday<img alt=\"Smiley Saturday\" loading=\"lazy\" width=\"960\" height=\"960\" decoding=\"async\" data-nimg=\"1\" class=\"rounded-lg\" style=\"color:transparent\" src=\"https:\/\/s.yimg.com\/ny\/api\/res\/1.2\/dTbsNYACmXxQC0LTgNnr9A--\/YXBwaWQ9aGlnaGxhbmRlcjt3PTk2MDtoPTk2MDtjZj13ZWJw\/https:\/\/media.zenfs.com\/en\/e__181\/3b16a2743b1306494d16a6e40286114c\"\/><\/p>\n<p>&#8220;Ma&#8217; boy!&#8221; the world-renowned actress shared on <a href=\"https:\/\/www.instagram.com\/p\/BxDOX59hoH9\/\" rel=\"nofollow noopener\" target=\"_blank\" data-ylk=\"slk:Instagram;elm:context_link;itc:0;sec:content-canvas\" class=\"link \">Instagram<\/a>. <\/p>\n<p>Foot Kisses?<img alt=\"Foot Kisses?\" loading=\"lazy\" width=\"960\" height=\"1200\" decoding=\"async\" data-nimg=\"1\" class=\"rounded-lg\" style=\"color:transparent\" src=\"https:\/\/s.yimg.com\/ny\/api\/res\/1.2\/S2Qeirtr.tyx_4eykBaoxA--\/YXBwaWQ9aGlnaGxhbmRlcjt3PTk2MDtoPTEyMDA7Y2Y9d2VicA--\/https:\/\/media.zenfs.com\/en\/e__181\/e1f3ffebf0fa954f11e52e33d807cd69\"\/><\/p>\n<p>The Jane the Virgin actress shared this hilarious, and maybe unsanitary photo with her 6.7 million Instagram followers. <\/p>\n<p>Strolling Through Italy<img alt=\"Strolling Through Italy\" loading=\"lazy\" width=\"960\" height=\"1200\" decoding=\"async\" data-nimg=\"1\" class=\"rounded-lg\" style=\"color:transparent\" src=\"https:\/\/s.yimg.com\/ny\/api\/res\/1.2\/UT6rsmS4pqb_4r7cNNnHvw--\/YXBwaWQ9aGlnaGxhbmRlcjt3PTk2MDtoPTEyMDA7Y2Y9d2VicA--\/https:\/\/media.zenfs.com\/en\/e__181\/66cf729630fc78d341aa34d0628d77b7\"\/><\/p>\n<p>The Desperate Housewives alum wandered through the streets of Italy with her newborn son, adding &#8220;Most of Italy is so beautiful, it looks like the backlot of a movie studio!&#8221; <\/p>\n<p>Spaghetti for Mother&#8217;s Day<img alt=\"Spaghetti for Mother's Day\" loading=\"lazy\" width=\"960\" height=\"1200\" decoding=\"async\" data-nimg=\"1\" class=\"rounded-lg\" style=\"color:transparent\" src=\"https:\/\/s.yimg.com\/ny\/api\/res\/1.2\/FcE7IDVYKT7gMzggzQUEPg--\/YXBwaWQ9aGlnaGxhbmRlcjt3PTk2MDtoPTEyMDA7Y2Y9d2VicA--\/https:\/\/media.zenfs.com\/en\/e__181\/8ac52aa3b37110c40ab2a2243a0a2fcb\"\/><\/p>\n<p>&#8220;My first Mother&#8217;s Day! I don&#8217;t even remember life before this little piece of love entered it,&#8221; Eva <a href=\"https:\/\/www.instagram.com\/p\/BxX9vu7nl8D\/\" rel=\"nofollow noopener\" target=\"_blank\" data-ylk=\"slk:shared;elm:context_link;itc:0;sec:content-canvas\" class=\"link \">shared<\/a> on her first Mother&#8217;s Day as a mom. <\/p>\n<p>Vacation Time!<img alt=\"Vacation Time!\" loading=\"lazy\" width=\"960\" height=\"960\" decoding=\"async\" data-nimg=\"1\" class=\"rounded-lg\" style=\"color:transparent\" src=\"https:\/\/s.yimg.com\/ny\/api\/res\/1.2\/7kWyfM6tFIDVDM_zVm0t0Q--\/YXBwaWQ9aGlnaGxhbmRlcjt3PTk2MDtoPTk2MDtjZj13ZWJw\/https:\/\/media.zenfs.com\/en\/e__181\/d244f2dcddca4c47e8156cc36f5fcb19\"\/><\/p>\n<p>Eva posted this adorable photo on her <a href=\"https:\/\/www.instagram.com\/p\/Bxu4cP4nXYf\/\" rel=\"nofollow noopener\" target=\"_blank\" data-ylk=\"slk:Instagram;elm:context_link;itc:0;sec:content-canvas\" class=\"link \">Instagram<\/a>, adding &#8220;Vacation Mode!&#8221; <\/p>\n<p>Meeting Victoria Beckham<img alt=\"Meeting Victoria Beckham\" loading=\"lazy\" width=\"634\" height=\"1024\" decoding=\"async\" data-nimg=\"1\" class=\"rounded-lg\" style=\"color:transparent\" src=\"https:\/\/s.yimg.com\/ny\/api\/res\/1.2\/O5uiCe7qTfbaUEqd6sMV5A--\/YXBwaWQ9aGlnaGxhbmRlcjt3PTk2MDtoPTE1NTE7Y2Y9d2VicA--\/https:\/\/media.zenfs.com\/en\/e__181\/2593d36172d6626683e4af75dc800289\"\/><\/p>\n<p>Eva introduced her newborn son to friend Victoria Beckham in Paris prior to Fashion Week.<\/p>\n<p>First Christmas<img alt=\"First Christmas\" loading=\"lazy\" width=\"600\" height=\"600\" decoding=\"async\" data-nimg=\"1\" class=\"rounded-lg\" style=\"color:transparent\" src=\"https:\/\/s.yimg.com\/ny\/api\/res\/1.2\/wqCRg231Lce9LHSrvPTniA--\/YXBwaWQ9aGlnaGxhbmRlcjt3PTk2MDtoPTk2MDtjZj13ZWJw\/https:\/\/media.zenfs.com\/en\/e__181\/17b76819acc4884279390c6d04f803a9\"\/><\/p>\n<p>The Telenovela star got into Christmas spirit by dressing up baby Santiago in an adorable festive outfit for his first Christmas. <\/p>\n<p>Cannes Moments<img alt=\"Cannes Moments\" loading=\"lazy\" width=\"820\" height=\"1024\" decoding=\"async\" data-nimg=\"1\" class=\"rounded-lg\" style=\"color:transparent\" src=\"https:\/\/s.yimg.com\/ny\/api\/res\/1.2\/Y7JmM9Xmn9cWzkx14suswQ--\/YXBwaWQ9aGlnaGxhbmRlcjt3PTk2MDtoPTExOTk7Y2Y9d2VicA--\/https:\/\/media.zenfs.com\/en\/e__181\/d7d49f94503ad7e747478f5e0d87f491\"\/><\/p>\n<p>&#8220;My ray of sunshine!&#8221; the actress posted on <a href=\"https:\/\/www.instagram.com\/p\/Bxfbj3Bn4lh\/?hl=en\" rel=\"nofollow noopener\" target=\"_blank\" data-ylk=\"slk:Instagram;elm:context_link;itc:0;sec:content-canvas\" class=\"link \">Instagram<\/a> while in Cannes for the Cannes Film Festival. <\/p>\n<p class=\"mb-4 text-lg md:leading-8 break-words\">For the latest breaking news updates, click here to download the E! News App<\/p>\n<p><script async src=\"\/\/www.instagram.com\/embed.js\"><\/script><\/p>\n","protected":false},"excerpt":{"rendered":"Originally appeared on E! Online Eva Longoria\u2019s life unfolded just as it was meant to. The Desperate Housewives&hellip;\n","protected":false},"author":2,"featured_media":306622,"comment_status":"","ping_status":"","sticky":false,"template":"","format":"standard","meta":{"footnotes":""},"categories":[32],"tags":[64,63,447,142943,134,38090,174609],"class_list":{"0":"post-306621","1":"post","2":"type-post","3":"status-publish","4":"format-standard","5":"has-post-thumbnail","7":"category-celebrities","8":"tag-au","9":"tag-australia","10":"tag-celebrities","11":"tag-desperate-housewives","12":"tag-entertainment","13":"tag-eva-longoria","14":"tag-santiago"},"_links":{"self":[{"href":"https:\/\/www.newsbeep.com\/au\/wp-json\/wp\/v2\/posts\/306621","targetHints":{"allow":["GET"]}}],"collection":[{"href":"https:\/\/www.newsbeep.com\/au\/wp-json\/wp\/v2\/posts"}],"about":[{"href":"https:\/\/www.newsbeep.com\/au\/wp-json\/wp\/v2\/types\/post"}],"author":[{"embeddable":true,"href":"https:\/\/www.newsbeep.com\/au\/wp-json\/wp\/v2\/users\/2"}],"replies":[{"embeddable":true,"href":"https:\/\/www.newsbeep.com\/au\/wp-json\/wp\/v2\/comments?post=306621"}],"version-history":[{"count":0,"href":"https:\/\/www.newsbeep.com\/au\/wp-json\/wp\/v2\/posts\/306621\/revisions"}],"wp:featuredmedia":[{"embeddable":true,"href":"https:\/\/www.newsbeep.com\/au\/wp-json\/wp\/v2\/media\/306622"}],"wp:attachment":[{"href":"https:\/\/www.newsbeep.com\/au\/wp-json\/wp\/v2\/media?parent=306621"}],"wp:term":[{"taxonomy":"category","embeddable":true,"href":"https:\/\/www.newsbeep.com\/au\/wp-json\/wp\/v2\/categories?post=306621"},{"taxonomy":"post_tag","embeddable":true,"href":"https:\/\/www.newsbeep.com\/au\/wp-json\/wp\/v2\/tags?post=306621"}],"curies":[{"name":"wp","href":"https:\/\/api.w.org\/{rel}","templated":true}]}}