{"id":493293,"date":"2026-02-20T22:08:18","date_gmt":"2026-02-20T22:08:18","guid":{"rendered":"https:\/\/www.newsbeep.com\/au\/493293\/"},"modified":"2026-02-20T22:08:18","modified_gmt":"2026-02-20T22:08:18","slug":"everything-you-need-to-know-ahead-of-the-classics","status":"publish","type":"post","link":"https:\/\/www.newsbeep.com\/au\/493293\/","title":{"rendered":"Everything you need to know ahead of the Classics"},"content":{"rendered":"<p>The Classics are calling. The curtain is about to rise on Opening Weekend, giving way to some of the most brutal one-day races in the world. <\/p>\n<p>With Omloop within touching distance, we\u2019ve put together a list of everything you need to know ahead of the most glorious period on the cycling calendar, including upcoming showdowns, young riders to follow and route changes to get familiar with.<\/p>\n<p><a href=\"https:\/\/www.cyclist.co.uk\/newsletters?utm_source=Web&amp;utm_medium=Banner&amp;utm_campaign=NewsletterBanner2\" rel=\"nofollow noopener\" target=\"_blank\"><img loading=\"lazy\" decoding=\"async\" width=\"970\" height=\"332\" src=\"https:\/\/www.newsbeep.com\/au\/wp-content\/uploads\/2025\/08\/Newsletter-flash-v2-2-970x332.webp.webp\" alt=\"Cyclist newsletter banner saying 'tasty morsels sent straight to your inbox, click here to sign up'\" class=\"wp-image-202091\"  \/><\/a><\/p>\n<p>Opening weekend should begin with a bang<\/p>\n<p><img loading=\"lazy\" decoding=\"async\" width=\"970\" height=\"647\" src=\"https:\/\/www.newsbeep.com\/au\/wp-content\/uploads\/2026\/02\/soren-waerenskjold-omloop-970x647.webp.webp\" alt=\"\" class=\"wp-image-239551\"  \/>Jasper Jacobs\/Belga\/AFP via Getty Images<\/p>\n<p>Classics season kicks off as usual with Omloop Nieuwsblad on Sunday 28th February. But what could make it extra special is the return of Wout van Aert from injury and <a href=\"https:\/\/www.cyclist.co.uk\/in-depth\/2026-cycling-showdowns\" rel=\"nofollow noopener\" target=\"_blank\">a potential showdown with Mathieu van der Poel<\/a>. We were briefly treated to a spectacle between the two at Exact Cross Mol before Van Aert fractured his ankle, and when the pair are operating at their highest level, well, there\u2019s nary a better sight in cycling. The prospect of them going head to head on the Muur is mouthwatering.<\/p>\n<p>Both men\u2019s and women\u2019s races will see the addition of the Tenbosse and Parikeberg climbs in the final 14km of Omloop though the run in with the with the Muur and Bosberg remains the same. Last year, the races gave us quite the start to the Classics. The men\u2019s race culminated with a nailbiting group sprint that saw S\u00f8ren W\u00e6renskjold of Uno X Mobility prevail, while two riders from the early breakaway surprisingly stayed away in the women\u2019s race, with Ark\u00e9a-B&amp;B Hotels\u2019 Lotte Claes beating Winspace-Orange Seal\u2019s Aurela Nerlo.<\/p>\n<p>Van der Poel could join Boonen and De Vlaeminck<\/p>\n<p><img loading=\"lazy\" decoding=\"async\" width=\"970\" height=\"647\" src=\"https:\/\/www.newsbeep.com\/au\/wp-content\/uploads\/2026\/02\/Cyclist-Mens-Race-Paris-Roubaix-13-avril-2025-48-970x647.webp.webp\" alt=\"\" class=\"wp-image-234258\"  \/>Xavier Pereyron<\/p>\n<p>Alpecin-Premier Tech seem to have perfected Paris-Roubaix. Van der Poel has reigned victorious here since his first win in 2023, and teammate Jasper Philipsen followed behind in second in 2023 and 2024. Cobbles and mud make this a perfect hunting ground for Van der Poel and this year he\u2019s seeking out a fourth title, which would see him join Roger De Vlaeminck and Tom Boonen as the men with most victories.<\/p>\n<p>Another element to keep an eye on is the speed. The past three years hold the top three places as the fastest ever editions of the race, ranging between 46.84 kmh and 47.80 kmh. That\u2019s likely due in part thanks to developments in technology such as wider tyres, as well as dry conditions and heavyweights like Van der Poel and Tadej Poga\u010dar putting in enormous efforts to split the field.<\/p>\n<p>This year both the men and women will take on the cobbles on Sunday 12th April \u2013 as opposed to the women racing on the Saturday \u2013 and there is a slightly route change for both after the first cobblestone section, with organisers hoping four tightly packed sectors in quick succession could spark some early potential drama.<\/p>\n<p>In the women&#8217;s race Pauline Ferrand-Pr\u00e9vot is not set to try to defend her crown. The reigning champion is instead focussing on the hillier Classics Strade Bianche, the Tour of Flanders, La Fl\u00e8che Wallonne and Li\u00e8ge-Bastogne-Li\u00e8ge.<\/p>\n<p>Strade Bianche also gets a route change<\/p>\n<p><img loading=\"lazy\" decoding=\"async\" width=\"970\" height=\"647\" src=\"https:\/\/www.newsbeep.com\/au\/wp-content\/uploads\/2026\/02\/Cyclist-Strade-Bianche-Mens-race.-08-mars-2025-57-970x647.webp.webp\" alt=\"\" class=\"wp-image-221033\"  \/>Xavier Pereyron<\/p>\n<p>Strade Bianche will take place on Saturday 7th March and has seen gravel sectors cut for both the men&#8217;s and women\u2019s races. The men cover 201km and travel over 64.1km of\u00a0sterrato over 14 sectors, which is down from 16. The women\u2019s race is 131km with 33km of sterrato over 11 sectors, two fewer than last year.<\/p>\n<p>Who will be where?<\/p>\n<p><img loading=\"lazy\" decoding=\"async\" width=\"970\" height=\"647\" src=\"https:\/\/www.newsbeep.com\/au\/wp-content\/uploads\/2026\/02\/Cyclist-Womens-Race-Paris-Roubaix-12-avril-2025-10-970x647.webp.webp\" alt=\"\" class=\"wp-image-230659\"  \/>Xavier Pereyron<\/p>\n<p>We\u2019ve picked out the schedules of some of the big names, so you can mark your calendars.<\/p>\n<p>Tadej Poga\u010dar (UAE Team Emirates XRG): Strade Bianche, Milan-San Remo, Tour of Flanders, Paris-Roubaix, Li\u00e8ge-Bastogne-Li\u00e8ge<\/p>\n<p>Mathieu van der Poel (Alpecin-Premier Tech): TBC, but expected to be Omloop Nieuwsblad, Milan-San Remo, Tour of Flanders, Paris-Roubaix<\/p>\n<p>Wout van Aert (Visma-Lease a Bike): Omloop Nieuwsblad, Ename Samyn Classic, Strade Bianche, Milan-San Remo, Tour of Flanders, Paris-Roubaix<\/p>\n<p>Mads Pedersen (Lidl-Trek): Milan-San Remo, E3 Saxo Classic, In Flanders Fields \u2013 From Middelkerke to Wevelgem (formerly Gent-Wevelgem), Dwars door Vlaanderen, Tour of Flanders, Paris-Roubaix <\/p>\n<p>Tom Pidcock (Pinarello-Q36.5): Omloop Nieuwsblad, Strade Bianche, Milano-Torino, Milan-San Remo, Brabantse Pijl, Amstel Gold Race, La Fl\u00e8che Wallonne, Li\u00e8ge-Bastogne-Li\u00e8ge<\/p>\n<p>Ben Healy (EF Education-EasyPost): Faun-Ard\u00e8che Classic, Faun Drome Classic, Strade Bianche, Amstel Gold Race, La Fl\u00e8che Wallonne, Li\u00e8ge-Bastogne-Li\u00e8ge<\/p>\n<p>Juan Ayuso (Lidl-Trek): La Fl\u00e8che Wallonne, Li\u00e8ge-Bastogne-Li\u00e8ge<\/p>\n<p>Demi Vollering (FDJ United-Suez): Omloop Nieuwsblad, elsewhere TBC but likely Strade Bianche, Amstel Gold Race, La Fl\u00e8che Wallonne, Li\u00e8ge-Bastogne-Li\u00e8ge<\/p>\n<p>Pauline Ferrand-Pr\u00e9vot (Visma-Lease a Bike): Strade Bianche, Tour of Flanders, La Fl\u00e8che Wallonne, Li\u00e8ge-Bastogne-Li\u00e8ge<\/p>\n<p>Lotte Kopecky (SD Worx-Protime): Omloop Nieuwsblad, Strade Bianche, Milan-San Remo<\/p>\n<p>Marianne Vos (Visma-Lease a Bike): Strade Bianche, Milan-San Remo, Tour of Flanders, Paris-Roubaix, Amstel Gold Race<\/p>\n<p>Lorena Wiebes (SD Worx-Protime): Omloop Nieuwsblad, Leeuw-Oetingen, Amstel Gold Race<\/p>\n<p>Anna van Breggen (SD Worx-Protime): Omloop Nieuwsblad, Strade Bianche, Trofeo Alfredo Binda, Amstel Gold Race, La Fl\u00e8che Wallonne, Li\u00e8ge-Bastogne-Li\u00e8ge<\/p>\n<p>Magdeleine Vallieres (EF Education-Oatly): Trofeo Oro, Amstel Gold Race, La Fl\u00e8che Wallonne, Li\u00e8ge-Bastogne-Li\u00e8ge<\/p>\n<p>Young Classics contenders<\/p>\n<p><img loading=\"lazy\" decoding=\"async\" width=\"970\" height=\"647\" src=\"https:\/\/www.newsbeep.com\/au\/wp-content\/uploads\/2025\/12\/puck-pieterse-fleche-wallonne-2025-aso-970x647.webp.webp\" alt=\"\" class=\"wp-image-198959\"  \/>ASO\/Billy Ceusters<\/p>\n<p>All eyes might be on the big names, but as we\u2019ve seen in the past with the likes of Maxim Van Gils, Laurence Pithie and Puck Pieterse, the younger generation can make their presence felt. This year, in the men&#8217;s race the names to look out for are Decathlon&#8217;s <a href=\"https:\/\/www.cyclist.co.uk\/in-depth\/paul-seixas-interview\" rel=\"nofollow noopener\" target=\"_blank\">Paul Seixas<\/a> in the Ardennes, Lidl-Trek&#8217;s Jakob S\u00f6derqvist and Albert Withen Philipsen on the cobbles and Lotto-Intermarch\u00e9&#8217;s next great Belgian prospect Jarno Widar in the hilly Classics. <\/p>\n<p>Meanwhile on the women&#8217;s side Movistar&#8217;s British sensation <a href=\"https:\/\/www.cyclist.co.uk\/in-depth\/cat-ferguson-interview-2025\" rel=\"nofollow noopener\" target=\"_blank\">Cat Ferguson<\/a> and her teammate Paula Ostiz, who&#8217;s a first year pro coming straight from the juniors so won&#8217;t have big expectations but looks to be a superstar in waiting, and Visma-Lease a Bike&#8217;s Slovakian talent Vikt\u00f3ria Chlado\u0148ov\u00e1. Incidentally those three made up the podium at the Worlds junior road race in Glasgow.<\/p>\n<p>Seixas, billed as the next big thing in French cycling, is riding far beyond his 19 years, coming off a season that saw him win the Tour de l\u2019Avenir, shine in the Tour of the Alps and Crit\u00e9rium du Dauphin\u00e9, notch a second place at Paris-Camembert, finish seventh at Il Lombardia and come behind only Pogacar and Evenepoel at the European Championships. He&#8217;s set to be riding in the Faun-Ard\u00e8che Classic, Strade Bianche, La Fl\u00e8che Wallonne and Li\u00e8ge-Bastogne-Li\u00e8ge and already looks to have made an enormous step up in year two.<\/p>\n<p>World U23 ITT Champion S\u00f6derqvist finished second behind teammate Philipsen at the U23 Paris-Roubaix last year and has Omloop Nieuwsblad and Paris-Roubaix on his schedule, though expect both S\u00f6derqvist&#8217;s and Philipsen&#8217;s spring programme to fill up. U23 European Champion Widar reigned victorious in the U23 Li\u00e8ge-Bastogne-Li\u00e8ge last year and is taking on a stacked Classics programme in 2026 that includes Strade Bianche, La Fl\u00e8che Wallonne and Li\u00e8ge-Bastogne-Li\u00e8ge.<\/p>\n<p>Yorkshire&#8217;s Ferguson began the new season exactly how she ended the last one. winning. The Brit podiumed at Trofeo Alfredo Binda last year in her first full pro season, and went on to notch a top ten at Brabantse Pijl before winning at Vuelta Ciclista Andalucia to finish the year. This year, she stormed to victory at Trofeo Llucmajor\u00a0and claimed a stage at the Setmana Ciclista Valenciana. The 19-year-old will race Omloop Nieuwsblad, Trofeo Alfredo Binda, Milan-San Remo, In Flanders Fields \u2013 From Middelkerke to Wevelgem, the Tour of Flanders and the Amstel Gold Race. There was barely a race Ortiz entered that she didn\u2019t win in 2025, victorious in the junior Flanders and the road races at both the World and European Championships. Her schedule is yet to be revealed.<\/p>\n<p>Chlado\u0148ov\u00e1 doesn&#8217;t have much on her confirmed schedule so far but in 2025 did Milan-San Remo and the Ardennes. She&#8217;s got off to an impressive start this year with a strong ride at Valenciana.<\/p>\n<p>Who is ruled out of the Classics?<\/p>\n<p><img loading=\"lazy\" decoding=\"async\" width=\"970\" height=\"647\" src=\"https:\/\/www.newsbeep.com\/au\/wp-content\/uploads\/2026\/02\/GettyImages-2216689374-970x647.webp.webp\" alt=\"\" class=\"wp-image-238208\"  \/> Dario Belingheri\/Getty Images<\/p>\n<p>Mads Pedersen is one of the biggest names sidelined following his collarbone and wrist fracture at Valenciana. Despite consistently lighting up every race he&#8217;s in, the Dane is still targeting that maiden Monument win. He will miss Milan-San Remo and an exact return date is still to be confirmed.<\/p>\n<p>Decathlon-CMA CGM new signing Tiesj Benoot has been ruled out of the Classics following surgery for a herniated disc. It marks the first time that the Strade Bianche and Kuurne-Brussels-Kuurne winner will miss the spring. It&#8217;ll be a big disappointment as he was scheduled to be one of the team&#8217;s protected leaders.<\/p>\n<p>Despite starting the year in good form, Red Bull-Bora-Hansgrohe\u2019s Maxim Van Gils fractured his pelvis at the end of Cl\u00e1sica Ja\u00e9n and will be out for a lengthy period. Van Gils was a revelation in the Classics in 2024, podiuming at Strade Bianche and La Fl\u00e8che Wallonne, finishing seventh at Milan-San Remo and fourth at Li\u00e8ge-Bastogne-Li\u00e8ge.<\/p>\n<p>Other talking points<\/p>\n<p><img loading=\"lazy\" decoding=\"async\" width=\"970\" height=\"647\" src=\"https:\/\/www.newsbeep.com\/au\/wp-content\/uploads\/2026\/02\/soudal-quickstep-970x647.webp.webp\" alt=\"\" class=\"wp-image-234970\"  \/>Wout Beel\/Soudal-QuickStep<\/p>\n<p>Soudal-QuickStep back to their best?<\/p>\n<p>With the departure of Remco Evenepoel to Red Bull-Bora-Hansgrohe, Soudal-QuickStep are realigning as a sprinting and Classics team. With Tim Merlier and Paul Magnier covering the sprints, they&#8217;ve signed former Monument winners Dylan van Baarle and Jasper Stuyven to rediscover their old form as well as former Intermarche rider Laurenz Rex, though he&#8217;ll miss the first races after crashing at the AlUla Tour.<\/p>\n<p>Unibet-Rose Rockets to make presence felt?<\/p>\n<p>Even though they missed out on a Tour de France wildcard, Bas Tietema&#8217;s Unibet-Rose Rockets will be on the start line for a whole host of Classics, bumping shoulders against WorldTour squads in Omloop Nieuwsblad, Strade Bianche, Milan-San Remo, E3 Saxo Classic, the Tour of Flanders and Paris-Roubaix. They have started 2026 hot with Dylan Groenewegen winning the Cl\u00e0ssica Comunitat Valenciana ahead of QuickStep&#8217;s Magnier\u00a0and Luk\u00e1\u0161 Kubi\u0161 racing to second on three stages of Etoile de Bess\u00e8ges and finishing ninth at Clasica Jaen. Kubi\u0161 was the team&#8217;s star rider last year, with several Classics top tens and turned down WorldTour offers to stay with Unibet.<\/p>\n<p>No spectator interference<\/p>\n<p>Interfering fans were out of control during the Classics last year. Van der Poel was caught up in most of it, being spat at during the E3 Saxo Classic and having a bidon thrown in his face at Paris-Roubaix, while a spectator rode onto course at women&#8217;s Li\u00e8ge-Bastogne-Li\u00e8ge. Hopefully there&#8217;s less of that this year.<\/p>\n<p>Eternal quote of the Classics<\/p>\n<p>The Classics are brutal. Disgusting. Some of the hardest one-day races on the calendar, but they&#8217;re also the best. Perhaps nothing sums it up better than this quote from former rider Theo de Rooij in an interview with American presenter John Tesh.<\/p>\n<p>\u2018It&#8217;s a bollocks, this race! You&#8217;re working like an animal, you don&#8217;t have time to piss, you wet your pants. You&#8217;re riding in mud like this, you&#8217;re slipping &#8230; it\u2019s a pile of shit.&#8217;<\/p>\n<p>But when asked if he would turn up the next year, he said, &#8216;sure, it&#8217;s the most beautiful race in the world!\u2019<\/p>\n<p>For more on the Classics, <a href=\"https:\/\/www.cyclist.co.uk\/tags\/classics\" rel=\"nofollow noopener\" target=\"_blank\">visit our hub page.<\/a><\/p>\n<p>What do you think?<\/p>\n<p><img loading=\"lazy\" decoding=\"async\" src=\"https:\/\/www.newsbeep.com\/au\/wp-content\/uploads\/2026\/02\/loading.gif\" width=\"16\" height=\"16\" alt=\"Loading ...\" title=\"Loading ...\" class=\"wp-polls-image\"\/>\u00a0Loading &#8230;<\/p>\n<p><a href=\"https:\/\/www.cyclist.co.uk\/subscriptions?utm_source=Web&amp;utm_medium=Banner&amp;utm_campaign=Banner+1\" rel=\"nofollow noopener\" target=\"_blank\"><img loading=\"lazy\" decoding=\"async\" width=\"970\" height=\"250\" src=\"https:\/\/www.newsbeep.com\/au\/wp-content\/uploads\/2026\/02\/Subs-flash-172-for-web-1-new-970x250.webp.webp\" alt=\"\" class=\"wp-image-239895\"  \/><\/a><\/p>\n","protected":false},"excerpt":{"rendered":"The Classics are calling. The curtain is about to rise on Opening Weekend, giving way to some of&hellip;\n","protected":false},"author":2,"featured_media":493294,"comment_status":"","ping_status":"","sticky":false,"template":"","format":"standard","meta":{"footnotes":""},"categories":[569],"tags":[64,63,5590,784,22235,77973,44655,85,6494,23293,58412],"class_list":{"0":"post-493293","1":"post","2":"type-post","3":"status-publish","4":"format-standard","5":"has-post-thumbnail","7":"category-cycling","8":"tag-au","9":"tag-australia","10":"tag-classics","11":"tag-cycling","12":"tag-demi-vollering","13":"tag-mathieu-van-der-poel","14":"tag-monuments","15":"tag-sports","16":"tag-tadej-pogacar","17":"tag-womens-cycling","18":"tag-wout-van-aert"},"_links":{"self":[{"href":"https:\/\/www.newsbeep.com\/au\/wp-json\/wp\/v2\/posts\/493293","targetHints":{"allow":["GET"]}}],"collection":[{"href":"https:\/\/www.newsbeep.com\/au\/wp-json\/wp\/v2\/posts"}],"about":[{"href":"https:\/\/www.newsbeep.com\/au\/wp-json\/wp\/v2\/types\/post"}],"author":[{"embeddable":true,"href":"https:\/\/www.newsbeep.com\/au\/wp-json\/wp\/v2\/users\/2"}],"replies":[{"embeddable":true,"href":"https:\/\/www.newsbeep.com\/au\/wp-json\/wp\/v2\/comments?post=493293"}],"version-history":[{"count":0,"href":"https:\/\/www.newsbeep.com\/au\/wp-json\/wp\/v2\/posts\/493293\/revisions"}],"wp:featuredmedia":[{"embeddable":true,"href":"https:\/\/www.newsbeep.com\/au\/wp-json\/wp\/v2\/media\/493294"}],"wp:attachment":[{"href":"https:\/\/www.newsbeep.com\/au\/wp-json\/wp\/v2\/media?parent=493293"}],"wp:term":[{"taxonomy":"category","embeddable":true,"href":"https:\/\/www.newsbeep.com\/au\/wp-json\/wp\/v2\/categories?post=493293"},{"taxonomy":"post_tag","embeddable":true,"href":"https:\/\/www.newsbeep.com\/au\/wp-json\/wp\/v2\/tags?post=493293"}],"curies":[{"name":"wp","href":"https:\/\/api.w.org\/{rel}","templated":true}]}}