{"id":535871,"date":"2026-03-12T16:19:21","date_gmt":"2026-03-12T16:19:21","guid":{"rendered":"https:\/\/www.newsbeep.com\/au\/535871\/"},"modified":"2026-03-12T16:19:21","modified_gmt":"2026-03-12T16:19:21","slug":"smiljan-radic-clarke-receives-the-2026-pritzker-prize-the-artist-of-unspoken-architecture","status":"publish","type":"post","link":"https:\/\/www.newsbeep.com\/au\/535871\/","title":{"rendered":"Smiljan Radi\u0107 Clarke Receives the 2026 Pritzker Prize, The Artist of Unspoken Architecture"},"content":{"rendered":"<p><a class=\"js-image-size__link \" href=\"https:\/\/www.archdaily.com\/1039553\/smiljan-radic-clarke-receives-the-2026-pritzker-prize-the-artist-of-unspoken-architecture\/69b1c3513c4949017d2afa4e-smiljan-radic-clarke-receives-the-2026-pritzker-prize-the-artist-of-unspoken-architecture-image\" rel=\"attachment nofollow noopener\" style=\"width: 100%; height: 100%;\" target=\"_blank\"><img decoding=\"async\" alt=\"Smiljan Radi\u0107 Clarke Receives the 2026 Pritzker Prize, The Artist of Unspoken Architecture - Image 1 of 37\" data-nr-picture-id=\"69b1c3513c4949017d2afa4e\" fetchpriority=\"high\" height=\"413\" itemprop=\"image\" loading=\"eager\" longdesc=\"https:\/\/www.archdaily.com\/1039553\/smiljan-radic-clarke-receives-the-2026-pritzker-prize-the-artist-of-unspoken-architecture\/69b1c3513c4949017d2afa4e-smiljan-radic-clarke-receives-the-2026-pritzker-prize-the-artist-of-unspoken-architecture-image\" src=\"https:\/\/www.newsbeep.com\/au\/wp-content\/uploads\/2026\/03\/x_37.jpg\" style=\"min-height: var(--featured-height, auto); aspect-ratio: auto 640 \/ 413\" width=\"640\"\/><\/a>Courtesy of Tom Welsh for The Pritzker Architecture Prize<\/p>\n<p>    Share<\/p>\n<p>Share<a aria-label=\"Facebook\" class=\"afd-share__button\" data-insights-category=\"share\" data-insights-label=\"facebook_sharing_options\" data-insights-value=\"1039553\" data-social=\"facebook\" href=\"https:\/\/www.facebook.com\/sharer\/sharer.php?u=https:\/\/www.archdaily.com\/1039553\/smiljan-radic-clarke-receives-the-2026-pritzker-prize-the-artist-of-unspoken-architecture\" rel=\"nofollow noopener\" target=\"_blank\"><\/a><\/p>\n<p>Facebook<\/p>\n<p><a aria-label=\"Twitter\" class=\"afd-share__button\" data-insights-category=\"share\" data-insights-label=\"twitter_sharing_options\" data-insights-value=\"1039553\" data-social=\"twitter\" href=\"https:\/\/twitter.com\/intent\/tweet?text=Smiljan%20Radi%C4%87%20Clarke%20Receives%20the%202026%20Pritzker%20Prize%2C%20The%20Artist%20of%20Unspoken%20Architecture&amp;url=https:\/\/www.archdaily.com\/1039553\/smiljan-radic-clarke-receives-the-2026-pritzker-prize-the-artist-of-unspoken-architecture&amp;via=archdaily\" rel=\"nofollow noopener\" target=\"_blank\"><\/a><\/p>\n<p>Twitter<\/p>\n<p><a class=\"afd-share__button\" data-insights-category=\"share\" data-insights-label=\"email_sharing_options\" data-insights-value=\"1039553\" data-social=\"email\" href=\"mailto:?subject=Smiljan Radi\u0107 Clarke Receives the 2026 Pritzker Prize, The Artist of Unspoken Architecture&amp;body=https:\/\/www.archdaily.com\/1039553\/smiljan-radic-clarke-receives-the-2026-pritzker-prize-the-artist-of-unspoken-architecture\"><\/a><\/p>\n<p>Mail<\/p>\n<p><a aria-label=\"Pinterest\" class=\"afd-share__button\" data-insights-category=\"share\" data-insights-label=\"pinterest_sharing_options\" data-insights-value=\"1039553\" data-social=\"pinterest\" href=\"https:\/\/pinterest.com\/pin\/create\/button\/?url=https%3A%2F%2Fwww.archdaily.com%2F1039553%2Fsmiljan-radic-clarke-receives-the-2026-pritzker-prize-the-artist-of-unspoken-architecture&amp;media=https%3A%2F%2Fimages.adsttc.com%2Fmedia%2Fimages%2F69b1%2Fc351%2F3c49%2F4901%2F7d2a%2Ffa4e%2Flarge_jpg%2Fx_37.jpg%3F1773257573&amp;description=Smiljan%20Radi%C4%87%20Clarke%20Receives%20the%202026%20Pritzker%20Prize%2C%20The%20Artist%20of%20Unspoken%20Architecture\" rel=\"nofollow noopener\" target=\"_blank\"><\/a><\/p>\n<p>Pinterest<\/p>\n<p><a aria-label=\"Whatsapp\" class=\"afd-share__button\" data-action=\"share\/whatsapp\/share\" data-insights-category=\"share\" data-insights-label=\"whatsapp_sharing_options\" data-insights-value=\"1039553\" data-social=\"whatsapp\" href=\"whatsapp:\/\/send?text=Smiljan+Radi%C4%87+Clarke+Receives+the+2026+Pritzker+Prize%2C+The+Artist+of+Unspoken+Architecture+%7C+https%3A%2F%2Fwww.archdaily.com%2F1039553%2Fsmiljan-radic-clarke-receives-the-2026-pritzker-prize-the-artist-of-unspoken-architecture%3Futm_source%3DWhatsapp%26utm_medium%3DIM%26utm_campaign%3Dshare-button\" rel=\"nofollow\"><\/a><\/p>\n<p>Whatsapp<\/p>\n<p>Or<\/p>\n<p>https:\/\/www.archdaily.com\/1039553\/smiljan-radic-clarke-receives-the-2026-pritzker-prize-the-artist-of-unspoken-architecture<\/p>\n<p>Chilean architect <a href=\"https:\/\/www.archdaily.com\/office\/smiljan-radic\" rel=\"nofollow noopener\" target=\"_blank\">Smiljan Radi\u0107 Clarke<\/a> has been announced as the laureate of the <a href=\"https:\/\/www.pritzkerprize.com\/?utm_medium=website&amp;utm_source=archdaily.com\" target=\"_blank\" rel=\"nofollow noopener\">2026 Pritzker Architecture Prize<\/a>, regarded as one of the highest honors in the field of architecture. The award recognizes Radi\u0107 for a body of work that explores architecture through material experimentation, spatial perception, and a careful engagement with landscape and context. Born in <a href=\"https:\/\/www.archdaily.com\/tag\/santiago\" rel=\"nofollow noopener\" target=\"_blank\">Santiago<\/a>, <a href=\"https:\/\/www.archdaily.com\/country\/chile\" rel=\"nofollow noopener\" target=\"_blank\">Chile<\/a>, where he continues to live and work, Radi\u0107 leads the practice Smiljan Radi\u0107 Clarke, established in 1995. As the second Chilean to receive the prize, after <a href=\"https:\/\/www.archdaily.com\/780203\/alejandro-aravena-wins-2016-pritzker-prize\" target=\"_blank\" rel=\"noopener nofollow\">Alejandro Aravena in 2016<\/a>, he joins a distinguished list of previous laureates, including <a href=\"https:\/\/www.archdaily.com\/1027571\/chinese-architect-liu-jiakun-receives-the-2025-pritzker-architecture-prize?ad_campaign=special-tag\" rel=\"nofollow noopener\" target=\"_blank\">Liu Jiakun in 2025<\/a>, <a href=\"https:\/\/www.archdaily.com\/1014028\/japanese-architect-riken-yamamoto-receives-the-2024-pritzker-architecture-prize\" rel=\"nofollow noopener\" target=\"_blank\">Riken Yamamoto in 2024<\/a>, <a href=\"https:\/\/www.archdaily.com\/997513\/sir-david-chipperfield-selected-as-the-2023-laureate-of-the-pritzker-architecture-prize\" rel=\"nofollow noopener\" target=\"_blank\">David Chipperfield in 2023<\/a>, and <a href=\"https:\/\/www.archdaily.com\/978446\/francis-kere-receives-the-2022-pritzker-architecture-prize\" rel=\"nofollow noopener\" target=\"_blank\">Di\u00e9b\u00e9do Francis K\u00e9r\u00e9 in 2022<\/a>.<\/p>\n<p>Radi\u0107&#8217;s architecture operates within a territory where the phenomenological experience of space precedes explanation. His buildings often appear quiet, elemental, and resistant to easy verbal interpretation, encouraging visitors to experience them through movement, atmosphere, and perception rather than through formal expression.\u00a0<\/p>\n<p class=\"thumbs afd-desktop-e clearfix\"><a class=\"thumbs__link\" data-nr-picture-id=\"69b1b81d785c2724789314a3\" href=\"https:\/\/www.archdaily.com\/1039553\/smiljan-radic-clarke-receives-the-2026-pritzker-prize-the-artist-of-unspoken-architecture\/69b1b81d785c2724789314a3-smiljan-radic-clarke-receives-the-2026-pritzker-prize-the-artist-of-unspoken-architecture-image\" rel=\"attachment nofollow noopener\" target=\"_blank\"><img loading=\"lazy\" decoding=\"async\" alt=\"Smiljan Radi\u0107 Clarke Receives the 2026 Pritzker Prize, The Artist of Unspoken Architecture - Image 33 of 37\" class=\"thumbs__img b-lazy\" data-nr-picture-id=\"69b1b81d785c2724789314a3\" data-pin-nopin=\"true\" src=\"https:\/\/www.newsbeep.com\/au\/wp-content\/uploads\/2026\/03\/x_34.jpg\" height=\"125\" longdesc=\"https:\/\/www.archdaily.com\/1039553\/smiljan-radic-clarke-receives-the-2026-pritzker-prize-the-artist-of-unspoken-architecture\/69b1b81d785c2724789314a3-smiljan-radic-clarke-receives-the-2026-pritzker-prize-the-artist-of-unspoken-architecture-image\" title=\"Casa Pite, Papudo. Image \u00a9 Cristobal Palma\" width=\"125\"\/><\/a><a class=\"thumbs__link\" data-nr-picture-id=\"69b1b5ad3c4949017d2afa0b\" href=\"https:\/\/www.archdaily.com\/1039553\/smiljan-radic-clarke-receives-the-2026-pritzker-prize-the-artist-of-unspoken-architecture\/69b1b5ad3c4949017d2afa0b-smiljan-radic-clarke-receives-the-2026-pritzker-prize-the-artist-of-unspoken-architecture-image\" rel=\"attachment nofollow noopener\" target=\"_blank\"><img loading=\"lazy\" decoding=\"async\" alt=\"Smiljan Radi\u0107 Clarke Receives the 2026 Pritzker Prize, The Artist of Unspoken Architecture - Image 4 of 37\" class=\"thumbs__img b-lazy\" data-nr-picture-id=\"69b1b5ad3c4949017d2afa0b\" data-pin-nopin=\"true\" src=\"https:\/\/www.newsbeep.com\/au\/wp-content\/uploads\/2026\/03\/x_7.jpg\" height=\"125\" longdesc=\"https:\/\/www.archdaily.com\/1039553\/smiljan-radic-clarke-receives-the-2026-pritzker-prize-the-artist-of-unspoken-architecture\/69b1b5ad3c4949017d2afa0b-smiljan-radic-clarke-receives-the-2026-pritzker-prize-the-artist-of-unspoken-architecture-image\" title=\"04 Regional Theater Bio Bio, Concepci\u00f3n, Chile. Image \u00a9 Iwan Baan\" width=\"125\"\/><\/a><a class=\"thumbs__link\" data-nr-picture-id=\"69b1b81b314f66018902c743\" href=\"https:\/\/www.archdaily.com\/1039553\/smiljan-radic-clarke-receives-the-2026-pritzker-prize-the-artist-of-unspoken-architecture\/69b1b81b314f66018902c743-smiljan-radic-clarke-receives-the-2026-pritzker-prize-the-artist-of-unspoken-architecture-image\" rel=\"attachment nofollow noopener\" target=\"_blank\"><img loading=\"lazy\" decoding=\"async\" alt=\"Smiljan Radi\u0107 Clarke Receives the 2026 Pritzker Prize, The Artist of Unspoken Architecture - Image 34 of 37\" class=\"thumbs__img b-lazy\" data-nr-picture-id=\"69b1b81b314f66018902c743\" data-pin-nopin=\"true\" src=\"https:\/\/www.newsbeep.com\/au\/wp-content\/uploads\/2026\/03\/x_36.jpg\" height=\"125\" longdesc=\"https:\/\/www.archdaily.com\/1039553\/smiljan-radic-clarke-receives-the-2026-pritzker-prize-the-artist-of-unspoken-architecture\/69b1b81b314f66018902c743-smiljan-radic-clarke-receives-the-2026-pritzker-prize-the-artist-of-unspoken-architecture-image\" title=\"Casa Pite, Papudo. Image \u00a9 Cristobal Palma\" width=\"125\"\/><\/a><a class=\"thumbs__link\" data-nr-picture-id=\"69b1b771314f66018902c73d\" href=\"https:\/\/www.archdaily.com\/1039553\/smiljan-radic-clarke-receives-the-2026-pritzker-prize-the-artist-of-unspoken-architecture\/69b1b771314f66018902c73d-smiljan-radic-clarke-receives-the-2026-pritzker-prize-the-artist-of-unspoken-architecture-image\" rel=\"attachment nofollow noopener\" target=\"_blank\"><img loading=\"lazy\" decoding=\"async\" alt=\"Smiljan Radi\u0107 Clarke Receives the 2026 Pritzker Prize, The Artist of Unspoken Architecture - Image 6 of 37\" class=\"thumbs__img b-lazy\" data-nr-picture-id=\"69b1b771314f66018902c73d\" data-pin-nopin=\"true\" src=\"https:\/\/www.newsbeep.com\/au\/wp-content\/uploads\/2026\/03\/x_10.jpg\" height=\"125\" longdesc=\"https:\/\/www.archdaily.com\/1039553\/smiljan-radic-clarke-receives-the-2026-pritzker-prize-the-artist-of-unspoken-architecture\/69b1b771314f66018902c73d-smiljan-radic-clarke-receives-the-2026-pritzker-prize-the-artist-of-unspoken-architecture-image\" title=\"Mestizo Restaurant, Santiago, Chile. Image \u00a9 Gonzalo Puga\" width=\"125\"\/><\/a><a class=\"gallery-link afd-desktop-e\" href=\"https:\/\/www.archdaily.com\/1039553\/smiljan-radic-clarke-receives-the-2026-pritzker-prize-the-artist-of-unspoken-architecture\/69b1c3513c4949017d2afa4e-smiljan-radic-clarke-receives-the-2026-pritzker-prize-the-artist-of-unspoken-architecture-image\" rel=\"nofollow noopener\" target=\"_blank\"><img decoding=\"async\" alt=\"Smiljan Radi\u0107 Clarke Receives the 2026 Pritzker Prize, The Artist of Unspoken Architecture - More Images\" class=\"thumbs__img b-lazy\" src=\"https:\/\/www.newsbeep.com\/au\/wp-content\/uploads\/2026\/03\/x_37.jpg\" itemprop=\"image\" bad-src=\"data:image\/gif;base64,R0lGODlhAQABAIAAAAUEBAAAACwAAAAAAQABAAACAkQBADs=\"\/>+ 32<\/a><\/p>\n<p>At the same time, his work demonstrates a sharp sensitivity to material presence, juxtaposing industrial components with raw or locally sourced elements to produce constructions that are both precise and tactile. Across his projects, structures frequently appear provisional, fragile, or lightly anchored to the ground, suggesting a deliberate embrace of uncertainty and impermanence. His architecture privileges embodied presence, material intelligence, and a subtle yet powerful sense of fragility.<\/p>\n<p>  Related Article <a class=\"rel-article__link\" data-insights-category=\"related-article\" data-insights-label=\"3\" data-insights-value=\"1039553\" href=\"https:\/\/www.archdaily.com\/1039546\/smiljan-radic-clarke-get-to-know-the-2026-pritzker-winners-work?ad_medium=widget&amp;ad_name=related-article&amp;ad_content=1039553\" rel=\"nofollow noopener\" target=\"_blank\">Smiljan Radi\u0107 Clarke: Get to Know the 2026 Pritzker Winner&#8217;s Work<\/a>  <a class=\"js-image-size__link lazy-anchor\" href=\"https:\/\/www.archdaily.com\/1039553\/smiljan-radic-clarke-receives-the-2026-pritzker-prize-the-artist-of-unspoken-architecture\/69b1b425314f66018902c72b-smiljan-radic-clarke-receives-the-2026-pritzker-prize-the-artist-of-unspoken-architecture-image\" rel=\"nofollow noopener\" target=\"_blank\"><img decoding=\"async\" alt=\"Smiljan Radi\u0107 Clarke Receives the 2026 Pritzker Prize, The Artist of Unspoken Architecture - Image 2 of 37\" data-nr-picture-id=\"69b1b425314f66018902c72b\" height=\"427\" itemprop=\"image\" loading=\"lazy\" longdesc=\"https:\/\/www.archdaily.com\/1039553\/smiljan-radic-clarke-receives-the-2026-pritzker-prize-the-artist-of-unspoken-architecture\/69b1b425314f66018902c72b-smiljan-radic-clarke-receives-the-2026-pritzker-prize-the-artist-of-unspoken-architecture-image\" src=\"https:\/\/www.newsbeep.com\/au\/wp-content\/uploads\/2026\/03\/x_1.jpg\" width=\"640\"\/>Vik Winery, Millahue, Chile. Image \u00a9 Cristobal Palma<\/a> <\/p>\n<p>We strive to create experiences that carry emotional presence, encouraging people to pause and reconsider a world that so often passes them by with indifference. \u2014 Smiljan Radi\u0107<\/p>\n<p>Since establishing his studio in <a href=\"https:\/\/www.archdaily.com\/tag\/santiago\" rel=\"nofollow noopener\" target=\"_blank\">Santiago<\/a> in 1995, Radi\u0107 has maintained an intentionally compact practice, developing projects that range widely in scale while preserving a consistent commitment to experimentation and contextual specificity. His work includes private residences, cultural institutions, installations, and civic buildings, often characterized by their careful engagement with landscape, light, and structure. While many of his projects are located throughout <a href=\"https:\/\/www.archdaily.com\/tag\/chile\" rel=\"nofollow noopener\" target=\"_blank\">Chile<\/a>, Radi\u0107 has also received international recognition through commissions and exhibitions abroad, including the <a href=\"https:\/\/www.archdaily.com\/522962\/critical-round-up-2014-serpentine-pavilion-smiljan-radic?ad_source=search&amp;ad_medium=projects_tab&amp;ad_source=search&amp;ad_medium=search_result_all\" rel=\"nofollow noopener\" target=\"_blank\">2014 Serpentine Gallery Pavilion in London<\/a>. Over time, his practice has expanded to encompass installations, exhibitions, and collaborative projects that extend architectural inquiry beyond conventional building typologies. Despite growing global recognition, Radi\u0107 has continued to work primarily from Santiago, sustaining a practice rooted in careful observation rather than large-scale institutional production.<\/p>\n<p><a class=\"js-image-size__link lazy-anchor\" href=\"https:\/\/www.archdaily.com\/1039553\/smiljan-radic-clarke-receives-the-2026-pritzker-prize-the-artist-of-unspoken-architecture\/69b1b710785c27247893149f-smiljan-radic-clarke-receives-the-2026-pritzker-prize-the-artist-of-unspoken-architecture-image\" rel=\"nofollow noopener\" target=\"_blank\"><img decoding=\"async\" alt=\"Smiljan Radi\u0107 Clarke Receives the 2026 Pritzker Prize, The Artist of Unspoken Architecture - Image 16 of 37\" data-nr-picture-id=\"69b1b710785c27247893149f\" height=\"427\" itemprop=\"image\" loading=\"lazy\" longdesc=\"https:\/\/www.archdaily.com\/1039553\/smiljan-radic-clarke-receives-the-2026-pritzker-prize-the-artist-of-unspoken-architecture\/69b1b710785c27247893149f-smiljan-radic-clarke-receives-the-2026-pritzker-prize-the-artist-of-unspoken-architecture-image\" src=\"https:\/\/www.newsbeep.com\/au\/wp-content\/uploads\/2026\/03\/1773332352_587_x_10.jpg\" width=\"640\"\/>Serpentine Gallery Pavilion 2014, London, UK. Image \u00a9 Iwan Baan<\/a><a class=\"js-image-size__link lazy-anchor\" href=\"https:\/\/www.archdaily.com\/1039553\/smiljan-radic-clarke-receives-the-2026-pritzker-prize-the-artist-of-unspoken-architecture\/69b1b7133c4949017d2afa19-smiljan-radic-clarke-receives-the-2026-pritzker-prize-the-artist-of-unspoken-architecture-image\" rel=\"nofollow noopener\" target=\"_blank\"><img decoding=\"async\" alt=\"Smiljan Radi\u0107 Clarke Receives the 2026 Pritzker Prize, The Artist of Unspoken Architecture - Image 20 of 37\" data-nr-picture-id=\"69b1b7133c4949017d2afa19\" height=\"427\" itemprop=\"image\" loading=\"lazy\" longdesc=\"https:\/\/www.archdaily.com\/1039553\/smiljan-radic-clarke-receives-the-2026-pritzker-prize-the-artist-of-unspoken-architecture\/69b1b7133c4949017d2afa19-smiljan-radic-clarke-receives-the-2026-pritzker-prize-the-artist-of-unspoken-architecture-image\" src=\"https:\/\/www.newsbeep.com\/au\/wp-content\/uploads\/2026\/03\/x_14.jpg\" width=\"640\"\/>Serpentine Gallery Pavilion 2014, London, UK. Image \u00a9 Iwan Baan<\/a><\/p>\n<p>Born in <a href=\"https:\/\/www.archdaily.com\/tag\/santiago\" rel=\"nofollow noopener\" target=\"_blank\">Santiago<\/a> in 1965, Smiljan Radi\u0107 grew up in a family shaped by migration and cultural displacement. His paternal grandparents emigrated from Bra\u010d, Croatia, while his mother&#8217;s family came from the United Kingdom, creating a personal context in which belonging was understood as something constructed rather than inherited. Radi\u0107 has often described this experience as formative, cultivating an awareness of identity as a process of assembly rather than a fixed condition.<\/p>\n<p><a class=\"js-image-size__link lazy-anchor\" href=\"https:\/\/www.archdaily.com\/1039553\/smiljan-radic-clarke-receives-the-2026-pritzker-prize-the-artist-of-unspoken-architecture\/69b1b643785c27247893149b-smiljan-radic-clarke-receives-the-2026-pritzker-prize-the-artist-of-unspoken-architecture-image\" rel=\"nofollow noopener\" target=\"_blank\"><img decoding=\"async\" alt=\"Smiljan Radi\u0107 Clarke Receives the 2026 Pritzker Prize, The Artist of Unspoken Architecture - Image 13 of 37\" data-nr-picture-id=\"69b1b643785c27247893149b\" height=\"427\" itemprop=\"image\" loading=\"lazy\" longdesc=\"https:\/\/www.archdaily.com\/1039553\/smiljan-radic-clarke-receives-the-2026-pritzker-prize-the-artist-of-unspoken-architecture\/69b1b643785c27247893149b-smiljan-radic-clarke-receives-the-2026-pritzker-prize-the-artist-of-unspoken-architecture-image\" src=\"https:\/\/www.newsbeep.com\/au\/wp-content\/uploads\/2026\/03\/1773332353_340_x_10.jpg\" width=\"640\"\/>House for the poem of the right angle, Vilches, Chile. Image \u00a9 Smiljan Radi\u0107<\/a><\/p>\n<p>He studied architecture at the Pontificia Universidad Cat\u00f3lica de <a href=\"https:\/\/www.archdaily.com\/tag\/chile\" rel=\"nofollow noopener\" target=\"_blank\">Chile<\/a>, later traveling and studying at the Istituto Universitario di Architettura di Venezia, an experience he regards as fundamental to his intellectual development. During his early professional years, Radi\u0107 began an ongoing exchange with sculptor Marcela Correa, whose work would influence his architectural thinking and with whom he has collaborated on several projects. Together, they built Casa Chica in Vilches in 1997, an early experiment that revealed Radi\u0107&#8217;s interest in architecture as both physical construction and conceptual inquiry. These early influences\u2014migration, artistic dialogue, and close observation of landscape\u2014would continue to shape the direction of his practice.<\/p>\n<p>Through a body of work positioned at the crossroads of an iconoclastic language, material exploration, and cultural memory, Smiljan Radi\u0107 favours fragility over any unwarranted claim to certainty. \u2014 2026 Pritzker Architecture Prize Jury<\/p>\n<p> An Unspoken Architecture<\/p>\n<p>Radi\u0107&#8217;s architecture often unfolds as a spatial experience that resists immediate verbalization. Rather than presenting a fixed formal language, his buildings invite interpretation through atmosphere, movement, and perception. The House for the Poem of the Right Angle in Vilches exemplifies this approach. Set within a forested landscape, the house organizes itself around thick walls and carefully positioned openings that capture shifting patterns of light and time, transforming dwelling into a contemplative act of observation.<\/p>\n<p><a class=\"js-image-size__link lazy-anchor\" href=\"https:\/\/www.archdaily.com\/1039553\/smiljan-radic-clarke-receives-the-2026-pritzker-prize-the-artist-of-unspoken-architecture\/69b1b6243c4949017d2afa10-smiljan-radic-clarke-receives-the-2026-pritzker-prize-the-artist-of-unspoken-architecture-image\" rel=\"nofollow noopener\" target=\"_blank\"><img decoding=\"async\" alt=\"Smiljan Radi\u0107 Clarke Receives the 2026 Pritzker Prize, The Artist of Unspoken Architecture - Image 15 of 37\" data-nr-picture-id=\"69b1b6243c4949017d2afa10\" height=\"427\" itemprop=\"image\" loading=\"lazy\" longdesc=\"https:\/\/www.archdaily.com\/1039553\/smiljan-radic-clarke-receives-the-2026-pritzker-prize-the-artist-of-unspoken-architecture\/69b1b6243c4949017d2afa10-smiljan-radic-clarke-receives-the-2026-pritzker-prize-the-artist-of-unspoken-architecture-image\" src=\"https:\/\/www.newsbeep.com\/au\/wp-content\/uploads\/2026\/03\/x_11.jpg\" width=\"640\"\/>House for the poem of the right angle, Vilches, Chile. Image \u00a9 Gonzalo Puga<\/a><a class=\"js-image-size__link lazy-anchor\" href=\"https:\/\/www.archdaily.com\/1039553\/smiljan-radic-clarke-receives-the-2026-pritzker-prize-the-artist-of-unspoken-architecture\/69b1b5f4314f66018902c736-smiljan-radic-clarke-receives-the-2026-pritzker-prize-the-artist-of-unspoken-architecture-image\" rel=\"nofollow noopener\" target=\"_blank\"><img decoding=\"async\" alt=\"Smiljan Radi\u0107 Clarke Receives the 2026 Pritzker Prize, The Artist of Unspoken Architecture - Image 11 of 37\" data-nr-picture-id=\"69b1b5f4314f66018902c736\" height=\"427\" itemprop=\"image\" loading=\"lazy\" longdesc=\"https:\/\/www.archdaily.com\/1039553\/smiljan-radic-clarke-receives-the-2026-pritzker-prize-the-artist-of-unspoken-architecture\/69b1b5f4314f66018902c736-smiljan-radic-clarke-receives-the-2026-pritzker-prize-the-artist-of-unspoken-architecture-image\" src=\"https:\/\/www.newsbeep.com\/au\/wp-content\/uploads\/2026\/03\/x_12.jpg\" width=\"640\"\/>Extension of the Chilean Museum of Precolumbian art, Santiago, Chile. Image \u00a9 Cristobal Palma<\/a><\/p>\n<p>A similarly introspective condition appears in the expansion of the <a href=\"https:\/\/www.archdaily.com\/471285\/renovation-of-the-chilean-museum-of-pre-colombian-art-smiljan-radic?ad_medium=office_landing&amp;ad_name=article\" rel=\"nofollow noopener\" target=\"_blank\">Chilean Museum of Pre-Columbian Art in Santiago<\/a>, where Radi\u0107&#8217;s intervention occurs largely beneath the existing colonial courtyard. By carving a subterranean gallery illuminated from above, the project allows artifacts and historical continuity to take precedence, demonstrating an architecture that withdraws to heighten spatial experience. At <a href=\"https:\/\/www.archdaily.com\/773660\/nave-smiljan-radic?ad_medium=office_landing&amp;ad_name=article\" rel=\"nofollow noopener\" target=\"_blank\">NAVE<\/a>, a performing arts center created from a damaged early-twentieth-century residence, Radi\u0107 retains the original structure while inserting new rehearsal and performance spaces within it. The resulting environment functions less as a finished object than as a flexible stage for artistic production and collective gathering.<\/p>\n<p><a class=\"js-image-size__link lazy-anchor\" href=\"https:\/\/www.archdaily.com\/1039553\/smiljan-radic-clarke-receives-the-2026-pritzker-prize-the-artist-of-unspoken-architecture\/69b1b80e314f66018902c73f-smiljan-radic-clarke-receives-the-2026-pritzker-prize-the-artist-of-unspoken-architecture-image\" rel=\"nofollow noopener\" target=\"_blank\"><img decoding=\"async\" alt=\"Smiljan Radi\u0107 Clarke Receives the 2026 Pritzker Prize, The Artist of Unspoken Architecture - Image 29 of 37\" data-nr-picture-id=\"69b1b80e314f66018902c73f\" height=\"427\" itemprop=\"image\" loading=\"lazy\" longdesc=\"https:\/\/www.archdaily.com\/1039553\/smiljan-radic-clarke-receives-the-2026-pritzker-prize-the-artist-of-unspoken-architecture\/69b1b80e314f66018902c73f-smiljan-radic-clarke-receives-the-2026-pritzker-prize-the-artist-of-unspoken-architecture-image\" src=\"https:\/\/www.newsbeep.com\/au\/wp-content\/uploads\/2026\/03\/x_29.jpg\" width=\"640\"\/>Nave, performing arts creation center, Santiago, Chile. Image \u00a9 Cristobal Palma<\/a>Material Intelligence<\/p>\n<p>Material experimentation plays a central role in Radi\u0107&#8217;s work, where construction often reveals unexpected relationships between industrial fabrication and raw matter. At the <a href=\"https:\/\/www.archdaily.com\/894959\/smiljan-radic-receives-the-arnold-w-brunner-memorial-prize-2018\/5aeca982f197ccc211000010-smiljan-radic-receives-the-arnold-w-brunner-memorial-prize-2018-photo\" rel=\"nofollow noopener\" target=\"_blank\">Teatro Regional del B\u00edo-B\u00edo in Concepci\u00f3n<\/a>, a semi-translucent polycarbonate envelope mounted over a steel frame filters daylight while producing a luminous presence along the riverfront at night. The building demonstrates how civic architecture can achieve spatial intensity without relying on conventional monumentality.<\/p>\n<p><a class=\"js-image-size__link lazy-anchor\" href=\"https:\/\/www.archdaily.com\/1039553\/smiljan-radic-clarke-receives-the-2026-pritzker-prize-the-artist-of-unspoken-architecture\/69b1b5ae3c4949017d2afa0c-smiljan-radic-clarke-receives-the-2026-pritzker-prize-the-artist-of-unspoken-architecture-image\" rel=\"nofollow noopener\" target=\"_blank\"><img decoding=\"async\" alt=\"Smiljan Radi\u0107 Clarke Receives the 2026 Pritzker Prize, The Artist of Unspoken Architecture - Image 37 of 37\" data-nr-picture-id=\"69b1b5ae3c4949017d2afa0c\" height=\"427\" itemprop=\"image\" loading=\"lazy\" longdesc=\"https:\/\/www.archdaily.com\/1039553\/smiljan-radic-clarke-receives-the-2026-pritzker-prize-the-artist-of-unspoken-architecture\/69b1b5ae3c4949017d2afa0c-smiljan-radic-clarke-receives-the-2026-pritzker-prize-the-artist-of-unspoken-architecture-image\" src=\"https:\/\/www.newsbeep.com\/au\/wp-content\/uploads\/2026\/03\/x_9.jpg\" width=\"640\"\/>04 Regional Theater Bio Bio, Concepci\u00f3n, Chile. Image \u00a9 Cristobal Palma<\/a><a class=\"js-image-size__link lazy-anchor\" href=\"https:\/\/www.archdaily.com\/1039553\/smiljan-radic-clarke-receives-the-2026-pritzker-prize-the-artist-of-unspoken-architecture\/69b1b771314f66018902c73d-smiljan-radic-clarke-receives-the-2026-pritzker-prize-the-artist-of-unspoken-architecture-image\" rel=\"nofollow noopener\" target=\"_blank\"><img decoding=\"async\" alt=\"Smiljan Radi\u0107 Clarke Receives the 2026 Pritzker Prize, The Artist of Unspoken Architecture - Image 6 of 37\" data-nr-picture-id=\"69b1b771314f66018902c73d\" height=\"427\" itemprop=\"image\" loading=\"lazy\" longdesc=\"https:\/\/www.archdaily.com\/1039553\/smiljan-radic-clarke-receives-the-2026-pritzker-prize-the-artist-of-unspoken-architecture\/69b1b771314f66018902c73d-smiljan-radic-clarke-receives-the-2026-pritzker-prize-the-artist-of-unspoken-architecture-image\" src=\"https:\/\/www.newsbeep.com\/au\/wp-content\/uploads\/2026\/03\/1773332356_134_x_10.jpg\" width=\"640\"\/>Mestizo Restaurant, Santiago, Chile. Image \u00a9 Gonzalo Puga<\/a><\/p>\n<p>In Santiago&#8217;s Bicentenario Park, <a href=\"https:\/\/www.archdaily.com\/16372\/mestizo-restaurant-smiljan-radic?ad_medium=office_landing&amp;ad_name=article\" rel=\"nofollow noopener\" target=\"_blank\">Restaurant Mestizo<\/a> explores a different material strategy. Here, a horizontal roof supported by massive quarry stones extends across the landscape, functioning simultaneously as shelter, horizon, and civic gesture. The juxtaposition of heavy stone and slender structural elements dissolves the boundary between architecture and terrain. Radi\u0107&#8217;s <a href=\"https:\/\/www.archdaily.com\/522962\/critical-round-up-2014-serpentine-pavilion-smiljan-radic?ad_source=search&amp;ad_medium=projects_tab&amp;ad_source=search&amp;ad_medium=search_result_all\" rel=\"nofollow noopener\" target=\"_blank\">Serpentine Gallery Pavilion <\/a>in London further expands this dialogue between materials. A translucent fiberglass shell appears to hover above the lawn of Kensington Gardens, improbably resting on a ring of large load-bearing stones. The project combines geological weight with industrial lightness, producing a structure that feels at once ancient and provisional.<\/p>\n<p>Fragility and Provisional Monumentality<\/p>\n<p>Across many of Radi\u0107&#8217;s projects, architecture appears intentionally unstable or temporary, embracing fragility as a spatial condition rather than concealing it. The<a href=\"https:\/\/www.archdaily.com\/997624\/exploring-vulnerable-habitats-in-the-xxii-chile-architecture-biennial\/6408ce695319e131404000d7-exploring-vulnerable-habitats-in-the-xxii-chile-architecture-biennial-photo\" rel=\"nofollow noopener\" target=\"_blank\"> installation Guatero<\/a>, created for the <a href=\"https:\/\/www.archdaily.com\/997624\/exploring-vulnerable-habitats-in-the-xxii-chile-architecture-biennial?ad_medium=gallery\" rel=\"nofollow noopener\" target=\"_blank\">XXII Chilean Architecture Biennial in Santiago<\/a>, embodies this approach through a pneumatic structure defined by air pressure. Its translucent membrane transforms a seemingly delicate form into an immersive environment where light, sound, and movement continually reshape the interior atmosphere.<\/p>\n<p><a class=\"js-image-size__link lazy-anchor\" href=\"https:\/\/www.archdaily.com\/1039553\/smiljan-radic-clarke-receives-the-2026-pritzker-prize-the-artist-of-unspoken-architecture\/69b1b6a2314f66018902c739-smiljan-radic-clarke-receives-the-2026-pritzker-prize-the-artist-of-unspoken-architecture-image\" rel=\"nofollow noopener\" target=\"_blank\"><img decoding=\"async\" alt=\"Smiljan Radi\u0107 Clarke Receives the 2026 Pritzker Prize, The Artist of Unspoken Architecture - Image 22 of 37\" data-nr-picture-id=\"69b1b6a2314f66018902c739\" height=\"427\" itemprop=\"image\" loading=\"lazy\" longdesc=\"https:\/\/www.archdaily.com\/1039553\/smiljan-radic-clarke-receives-the-2026-pritzker-prize-the-artist-of-unspoken-architecture\/69b1b6a2314f66018902c739-smiljan-radic-clarke-receives-the-2026-pritzker-prize-the-artist-of-unspoken-architecture-image\" src=\"https:\/\/www.newsbeep.com\/au\/wp-content\/uploads\/2026\/03\/1773332356_860_x_11.jpg\" width=\"640\"\/>Guatero, Pavilion of the Architecture Biennale 2023, Santiago, Chile. Image \u00a9 Smiljan Radi\u0107<\/a><a class=\"js-image-size__link lazy-anchor\" href=\"https:\/\/www.archdaily.com\/1039553\/smiljan-radic-clarke-receives-the-2026-pritzker-prize-the-artist-of-unspoken-architecture\/69b1b6a23c4949017d2afa14-smiljan-radic-clarke-receives-the-2026-pritzker-prize-the-artist-of-unspoken-architecture-image\" rel=\"nofollow noopener\" target=\"_blank\"><img decoding=\"async\" alt=\"Smiljan Radi\u0107 Clarke Receives the 2026 Pritzker Prize, The Artist of Unspoken Architecture - Image 23 of 37\" data-nr-picture-id=\"69b1b6a23c4949017d2afa14\" height=\"427\" itemprop=\"image\" loading=\"lazy\" longdesc=\"https:\/\/www.archdaily.com\/1039553\/smiljan-radic-clarke-receives-the-2026-pritzker-prize-the-artist-of-unspoken-architecture\/69b1b6a23c4949017d2afa14-smiljan-radic-clarke-receives-the-2026-pritzker-prize-the-artist-of-unspoken-architecture-image\" src=\"https:\/\/www.newsbeep.com\/au\/wp-content\/uploads\/2026\/03\/1773332357_206_x_12.jpg\" width=\"640\"\/>Guatero, Pavilion of the Architecture Biennale 2023, Santiago, Chile. Image \u00a9 Cristobal Palma<\/a><\/p>\n<p>Earlier works already hinted at this sensibility. Carbonero House in Melipilla, constructed from timber and blackened mesh, allows wind, shadow, and sound to pass through its porous envelope, dissolving the boundaries between building and landscape. At Pite House on Chile&#8217;s central coast, architecture is embedded within rocky terrain, organized through terraces and retaining walls that frame the vast horizon of the Pacific Ocean. In each case, Radi\u0107 demonstrates how architecture can transform exposure into intimacy, producing spaces that feel simultaneously protective and provisional.<\/p>\n<p><a class=\"js-image-size__link lazy-anchor\" href=\"https:\/\/www.archdaily.com\/1039553\/smiljan-radic-clarke-receives-the-2026-pritzker-prize-the-artist-of-unspoken-architecture\/69b1b81f3c4949017d2afa1f-smiljan-radic-clarke-receives-the-2026-pritzker-prize-the-artist-of-unspoken-architecture-image\" rel=\"nofollow noopener\" target=\"_blank\"><img decoding=\"async\" alt=\"Smiljan Radi\u0107 Clarke Receives the 2026 Pritzker Prize, The Artist of Unspoken Architecture - Image 32 of 37\" data-nr-picture-id=\"69b1b81f3c4949017d2afa1f\" height=\"427\" itemprop=\"image\" loading=\"lazy\" longdesc=\"https:\/\/www.archdaily.com\/1039553\/smiljan-radic-clarke-receives-the-2026-pritzker-prize-the-artist-of-unspoken-architecture\/69b1b81f3c4949017d2afa1f-smiljan-radic-clarke-receives-the-2026-pritzker-prize-the-artist-of-unspoken-architecture-image\" src=\"https:\/\/www.newsbeep.com\/au\/wp-content\/uploads\/2026\/03\/x_33.jpg\" width=\"640\"\/>Casa Pite, Papudo. Image \u00a9 Cristobal Palma<\/a><a class=\"js-image-size__link lazy-anchor\" href=\"https:\/\/www.archdaily.com\/1039553\/smiljan-radic-clarke-receives-the-2026-pritzker-prize-the-artist-of-unspoken-architecture\/69b1b81d785c2724789314a3-smiljan-radic-clarke-receives-the-2026-pritzker-prize-the-artist-of-unspoken-architecture-image\" rel=\"nofollow noopener\" target=\"_blank\"><img decoding=\"async\" alt=\"Smiljan Radi\u0107 Clarke Receives the 2026 Pritzker Prize, The Artist of Unspoken Architecture - Image 33 of 37\" data-nr-picture-id=\"69b1b81d785c2724789314a3\" height=\"427\" itemprop=\"image\" loading=\"lazy\" longdesc=\"https:\/\/www.archdaily.com\/1039553\/smiljan-radic-clarke-receives-the-2026-pritzker-prize-the-artist-of-unspoken-architecture\/69b1b81d785c2724789314a3-smiljan-radic-clarke-receives-the-2026-pritzker-prize-the-artist-of-unspoken-architecture-image\" src=\"https:\/\/www.newsbeep.com\/au\/wp-content\/uploads\/2026\/03\/1773332358_992_x_34.jpg\" width=\"640\"\/>Casa Pite, Papudo. Image \u00a9 Cristobal Palma<\/a><\/p>\n<p>Radi\u0107&#8217;s broader body of work further illustrates the diversity of his architectural investigations. The <a href=\"https:\/\/www.archdaily.com\/529903\/the-winery-at-vik-smiljan-radic?ad_medium=office_landing&amp;ad_name=article\" rel=\"nofollow noopener\" target=\"_blank\">Vik Millahue Winery<\/a> in the O&#8217;Higgins region extends horizontally across the valley landscape, integrating production facilities and public spaces within a sequence of concrete retaining walls that stabilize the surrounding terrain. House for the Poem of the Right Angle (2013) in Vilches, <a href=\"https:\/\/www.archdaily.com\/tag\/chile\" rel=\"nofollow noopener\" target=\"_blank\">Chile<\/a>, offers a contrasting domestic scale, organizing the act of dwelling through thick walls and carefully oriented openings that frame light, silence, and the surrounding forest. Temporary installations, such as<a href=\"https:\/\/www.archdaily.com\/970275\/smiljan-radic-designs-transparent-dome-for-alexander-mcqueen-show-in-london?ad_source=search&amp;ad_medium=projects_tab&amp;ad_source=search&amp;ad_medium=search_result_all\" rel=\"nofollow noopener\" target=\"_blank\"> the transparent dome created for Alexander McQueen&#8217;s Spring\/Summer 2022 fashion show in London<\/a> and <a href=\"https:\/\/www.archdaily.com\/997624\/exploring-vulnerable-habitats-in-the-xxii-chile-architecture-biennial\/6408ce795319e131404000dc-exploring-vulnerable-habitats-in-the-xxii-chile-architecture-biennial-photo\" rel=\"nofollow noopener\" target=\"_blank\">Guatero<\/a>, examine the atmospheric potential of inflatable structures, transforming air pressure and light into spatial experience. These projects demonstrate Radi\u0107&#8217;s consistent interest in architecture as a framework that mediates between landscape, climate, and human occupation.<\/p>\n<p><a class=\"js-image-size__link lazy-anchor\" href=\"https:\/\/www.archdaily.com\/1039553\/smiljan-radic-clarke-receives-the-2026-pritzker-prize-the-artist-of-unspoken-architecture\/69b1b412314f66018902c72a-smiljan-radic-clarke-receives-the-2026-pritzker-prize-the-artist-of-unspoken-architecture-image\" rel=\"nofollow noopener\" target=\"_blank\"><img decoding=\"async\" alt=\"Smiljan Radi\u0107 Clarke Receives the 2026 Pritzker Prize, The Artist of Unspoken Architecture - Image 24 of 37\" data-nr-picture-id=\"69b1b412314f66018902c72a\" height=\"427\" itemprop=\"image\" loading=\"lazy\" longdesc=\"https:\/\/www.archdaily.com\/1039553\/smiljan-radic-clarke-receives-the-2026-pritzker-prize-the-artist-of-unspoken-architecture\/69b1b412314f66018902c72a-smiljan-radic-clarke-receives-the-2026-pritzker-prize-the-artist-of-unspoken-architecture-image\" src=\"https:\/\/www.newsbeep.com\/au\/wp-content\/uploads\/2026\/03\/x_2.jpg\" width=\"640\"\/>Vik Winery, Millahue, Chile. Image \u00a9 Cristobal Palma<\/a><a class=\"js-image-size__link lazy-anchor\" href=\"https:\/\/www.archdaily.com\/1039553\/smiljan-radic-clarke-receives-the-2026-pritzker-prize-the-artist-of-unspoken-architecture\/69b1b51d314f66018902c731-smiljan-radic-clarke-receives-the-2026-pritzker-prize-the-artist-of-unspoken-architecture-image\" rel=\"nofollow noopener\" target=\"_blank\"><img decoding=\"async\" alt=\"Smiljan Radi\u0107 Clarke Receives the 2026 Pritzker Prize, The Artist of Unspoken Architecture - Image 26 of 37\" data-nr-picture-id=\"69b1b51d314f66018902c731\" height=\"427\" itemprop=\"image\" loading=\"lazy\" longdesc=\"https:\/\/www.archdaily.com\/1039553\/smiljan-radic-clarke-receives-the-2026-pritzker-prize-the-artist-of-unspoken-architecture\/69b1b51d314f66018902c731-smiljan-radic-clarke-receives-the-2026-pritzker-prize-the-artist-of-unspoken-architecture-image\" src=\"https:\/\/www.newsbeep.com\/au\/wp-content\/uploads\/2026\/03\/x_4.jpg\" width=\"640\"\/>Vik Winery, Millahue, Chile. Image \u00a9 Cristobal Palma<\/a><\/p>\n<p>Beyond his built work, Radi\u0107&#8217;s practice extends into exhibitions and collaborations with artists and cultural institutions. His projects have been presented in international exhibitions, including Global Ends at Gallery Ma (Tokyo, Japan, 2010); Un Ruido Naranjo at Museum of Contemporary Art, (Hiroshima, Japan, 2012); The Wardrobe and the Mattress, Herm\u00e8s Gallery, Tokyo, with Marcela Correa (Tokyo, Japan, 2013); and Bus Stop for Krumbach at Kunsthaus Bregenz (Bregenz, Austria, 2013); Smiljan Radi\u0107: BESTIARY at TOTO Gallery Ma (Tokyo, Japan, 2016). His work has been recognized with numerous international honors, including being named Best Architect Under 35 by the Colegio de Arquitectos de <a href=\"https:\/\/www.archdaily.com\/tag\/chile\" rel=\"nofollow noopener\" target=\"_blank\">Chile<\/a> (Chile, 2001), the Oris Award (Croatia, 2015), the Arnold W. Brunner Memorial Prize from the American Academy of Arts and Letters (United States, 2018), and the Grand Prize at the Pan-American Architecture Biennial of Quito (Ecuador, 2022). He has been an Honorary Member of the American Institute of Architects and an Honorary Fellow of the Croatian Academy of Sciences and Arts since 2009 and 2020, respectively.<\/p>\n<p>The 2026 Pritzker Architecture Prize jury recognized Radi\u0107 for an architectural practice that expands the discipline through experimentation, material exploration, and profound attention to the emotional dimensions of space. The jury is chaired by <a href=\"https:\/\/www.archdaily.com\/tag\/alejandro-aravena\" target=\"_blank\" rel=\"noopener nofollow\">Alejandro Aravena<\/a> and includes <a href=\"https:\/\/www.archdaily.com\/tag\/barry-bergdoll\" target=\"_blank\" rel=\"noopener nofollow\">Barry Bergdoll<\/a>, <a href=\"https:\/\/www.archdaily.com\/tag\/deborah-berke\" target=\"_blank\" rel=\"noopener nofollow\">Deborah Berke<\/a>, <a href=\"https:\/\/www.archdaily.com\/tag\/stephen-breyer\" target=\"_blank\" rel=\"noopener nofollow\">Stephen Breyer<\/a>, <a href=\"https:\/\/www.archdaily.com.br\/br\/tag\/andre-correa-do-lago\" target=\"_blank\" rel=\"noopener nofollow\">Andr\u00e9 Corr\u00eaa do Lago<\/a>, <a href=\"https:\/\/www.archdaily.com\/tag\/anne-lacaton\" target=\"_blank\" rel=\"noopener nofollow\">Anne Lacaton<\/a>, <a href=\"https:\/\/www.archdaily.com\/tag\/hashim-sarkis\" target=\"_blank\" rel=\"noopener nofollow\">Hashim Sarkis<\/a>, <a href=\"https:\/\/www.archdaily.com\/tag\/kazuyo-sejima\" target=\"_blank\" rel=\"noopener nofollow\">Kazuyo Sejima<\/a>, and <a href=\"https:\/\/www.archdaily.com\/tag\/manuela-luca-dazio\" target=\"_blank\" rel=\"noopener nofollow\">Manuela Luc\u00e1-Dazio<\/a> as Executive Director.<\/p>\n<p><a class=\"js-image-size__link lazy-anchor\" href=\"https:\/\/www.archdaily.com\/1039553\/smiljan-radic-clarke-receives-the-2026-pritzker-prize-the-artist-of-unspoken-architecture\/69b1b810314f66018902c740-smiljan-radic-clarke-receives-the-2026-pritzker-prize-the-artist-of-unspoken-architecture-image\" rel=\"nofollow noopener\" target=\"_blank\"><img decoding=\"async\" alt=\"Smiljan Radi\u0107 Clarke Receives the 2026 Pritzker Prize, The Artist of Unspoken Architecture - Image 30 of 37\" data-nr-picture-id=\"69b1b810314f66018902c740\" height=\"427\" itemprop=\"image\" loading=\"lazy\" longdesc=\"https:\/\/www.archdaily.com\/1039553\/smiljan-radic-clarke-receives-the-2026-pritzker-prize-the-artist-of-unspoken-architecture\/69b1b810314f66018902c740-smiljan-radic-clarke-receives-the-2026-pritzker-prize-the-artist-of-unspoken-architecture-image\" src=\"https:\/\/www.newsbeep.com\/au\/wp-content\/uploads\/2026\/03\/x_31.jpg\" width=\"640\"\/>Nave, performing arts creation center, Santiago, Chile. Image \u00a9 Cristobal Palma<\/a>2026 Pritzker Architecture Prize Jury Citation<\/p>\n<p>The Pritzker Architecture Prize is awarded in recognition of exceptional talent, vision, and commitment that, over time, have given rise to profound and enduring contributions to humanity and the built environment through the art of architecture. Smiljan Radi\u0107&#8217;s body of work embodies these values in their most radical and essential form.<\/p>\n<p>To render the qualities of his architectural work in spoken language is intrinsically difficult, for in his designs he works with dimensions of experience that are immediately palpable but escape verbalization\u2014like the perception of time itself: immediately recognizable, yet conceptually evasive.<\/p>\n<p><a class=\"js-image-size__link lazy-anchor\" href=\"https:\/\/www.archdaily.com\/1039553\/smiljan-radic-clarke-receives-the-2026-pritzker-prize-the-artist-of-unspoken-architecture\/69b1b81b314f66018902c743-smiljan-radic-clarke-receives-the-2026-pritzker-prize-the-artist-of-unspoken-architecture-image\" rel=\"nofollow noopener\" target=\"_blank\"><img decoding=\"async\" alt=\"Smiljan Radi\u0107 Clarke Receives the 2026 Pritzker Prize, The Artist of Unspoken Architecture - Image 34 of 37\" data-nr-picture-id=\"69b1b81b314f66018902c743\" height=\"427\" itemprop=\"image\" loading=\"lazy\" longdesc=\"https:\/\/www.archdaily.com\/1039553\/smiljan-radic-clarke-receives-the-2026-pritzker-prize-the-artist-of-unspoken-architecture\/69b1b81b314f66018902c743-smiljan-radic-clarke-receives-the-2026-pritzker-prize-the-artist-of-unspoken-architecture-image\" src=\"https:\/\/www.newsbeep.com\/au\/wp-content\/uploads\/2026\/03\/1773332360_967_x_36.jpg\" width=\"640\"\/>Casa Pite, Papudo. Image \u00a9 Cristobal Palma<\/a><\/p>\n<p>His buildings are not conceived simply as visual artifacts; rather, they demand embodied presence. A first fundamental paradox of Smiljan Radi\u0107&#8217;s architecture is in that it establishes a personal, almost introspective point of entry, without culminating in withdrawal. On the contrary, what begins as an individual encounter expands into a broader, collective resonance. This is, perhaps, the nature of true art: it addresses each of us as singular beings, one to one, and yet propels us towards a shared origin\u2014an atavistic place beyond race, gender, or culture. Such a capacity acquires particular relevance in times of polarisation and dehumanisation, and may well constitute the true value of an architect whose work can be described, without hesitation, as profoundly original: the art of architecture practiced as a sustained attempt to reconnect all individuals with a deeper origin. Importantly, this should not be mistaken for nostalgia or historical revivalism. His stripping away of the surface is grounded in radical experimentation and an unrelenting interrogation of convention, precedent, and the well-trodden path. Herein lies a further paradox: his unorthodox approach to design may initially appear unusual, unexpected\u2014even rebellious\u2014yet far from producing alienation or estrangement, his anti-canonical stance feels fresh and unprecedented. It conveys the unmistakable sensation of encountering something new.<\/p>\n<p>Through unobvious connections and patterns of circulation, Radi\u0107&#8217;s buildings offer a multiplicity of stages for users to act, interact, and even change the narratives that unfold within them. The masterful composition of volumes and the precise calibration of scales lend a sense of monumentality to the everyday life, whether experienced at an individual or public level. In Radi\u0107&#8217;s architecture, monumental presence is reworked through fragility, lightness and apparent instability, achieved not through scale alone, but through atmosphere, material tension and spatial intensity. This allows everyday actions\u2014walking, waiting, gathering\u2014to acquire significance without being subordinated to a grand ideological narrative. Through his deeply democratic approach, the monumental is thus returned to common experience rather than reserved for exceptional moments.\u00a0<\/p>\n<p><a class=\"js-image-size__link lazy-anchor\" href=\"https:\/\/www.archdaily.com\/1039553\/smiljan-radic-clarke-receives-the-2026-pritzker-prize-the-artist-of-unspoken-architecture\/69b1b813314f66018902c742-smiljan-radic-clarke-receives-the-2026-pritzker-prize-the-artist-of-unspoken-architecture-image\" rel=\"nofollow noopener\" target=\"_blank\"><img decoding=\"async\" alt=\"Smiljan Radi\u0107 Clarke Receives the 2026 Pritzker Prize, The Artist of Unspoken Architecture - Image 28 of 37\" data-nr-picture-id=\"69b1b813314f66018902c742\" height=\"427\" itemprop=\"image\" loading=\"lazy\" longdesc=\"https:\/\/www.archdaily.com\/1039553\/smiljan-radic-clarke-receives-the-2026-pritzker-prize-the-artist-of-unspoken-architecture\/69b1b813314f66018902c742-smiljan-radic-clarke-receives-the-2026-pritzker-prize-the-artist-of-unspoken-architecture-image\" src=\"https:\/\/www.newsbeep.com\/au\/wp-content\/uploads\/2026\/03\/x_32.jpg\" width=\"640\"\/>Nave, performing arts creation center, Santiago, Chile. Image \u00a9 Cristobal Palma<\/a><\/p>\n<p>Through a body of work positioned at the crossroads of an iconoclast language, material exploration and cultural memory, Smiljan Radi\u0107 favours fragility over any unwarranted claim to certainty. His buildings may appear temporary, unstable, or deliberately unfinished\u2014almost on the point of disappearance\u2014yet they provide a structured, optimistic and quietly joyful shelter, embracing vulnerability as an intrinsic condition of lived experience.\u00a0<\/p>\n<p>They are not firmly anchored to the ground; rather, they are delicately placed upon it, often hovering slightly above the surface and only occasionally making contact. Any lasting alteration to the site is carefully avoided, as though they could be removed at any moment and the ground restored to its original state. Inspired by the powerful and yet seismic Chilean environmental context and shifting from the logic\u2014often implicit in construction\u2014of domination and ownership towards coexistence, Radi\u0107 presents architecture as a guest rather than a master of the site, acknowledging the primacy of the landscape and, by extension, of collective memory and shared territory over individual authorship.<\/p>\n<p>This sense of architectural impermanence is frequently expressed through the choice of materials. While varying from one project to another, these are always carefully considered, contextually responsive and informed by local availability.\u00a0<\/p>\n<p>Reinforcing the democratic ethos of his work, Radi\u0107 employs materials\u2014whether industrial or natural, refined or traditionally regarded as marginal\u2014in ways that are neither nostalgic nor merely pragmatic. Instead, they unsettle established hierarchies of value: high and low, refined and crude, permanent and provisional coexist without clear distinction. This material equivalence mirrors the social openness of his spaces, in which no user is privileged over another. The circus tent coronating the roof of NAVE in <a href=\"https:\/\/www.archdaily.com\/tag\/santiago\" rel=\"nofollow noopener\" target=\"_blank\">Santiago<\/a>, the white membrane enveloping the Teatro Regional del B\u00edo-B\u00edo in Concepci\u00f3n\u2014glowing with a warm, welcoming light at dusk\u2014and the monumental Guatero inflatable pavilion designed for the Santiago Architecture Biennale all become structurally sophisticated yet playful stages, in which unexpected textures and colours engage with volumes of equally unexpected form.<\/p>\n<p><a class=\"js-image-size__link lazy-anchor\" href=\"https:\/\/www.archdaily.com\/1039553\/smiljan-radic-clarke-receives-the-2026-pritzker-prize-the-artist-of-unspoken-architecture\/69b1b811785c2724789314a2-smiljan-radic-clarke-receives-the-2026-pritzker-prize-the-artist-of-unspoken-architecture-image\" rel=\"nofollow noopener\" target=\"_blank\"><img decoding=\"async\" alt=\"Smiljan Radi\u0107 Clarke Receives the 2026 Pritzker Prize, The Artist of Unspoken Architecture - Image 5 of 37\" data-nr-picture-id=\"69b1b811785c2724789314a2\" height=\"427\" itemprop=\"image\" loading=\"lazy\" longdesc=\"https:\/\/www.archdaily.com\/1039553\/smiljan-radic-clarke-receives-the-2026-pritzker-prize-the-artist-of-unspoken-architecture\/69b1b811785c2724789314a2-smiljan-radic-clarke-receives-the-2026-pritzker-prize-the-artist-of-unspoken-architecture-image\" src=\"https:\/\/www.newsbeep.com\/au\/wp-content\/uploads\/2026\/03\/x_28.jpg\" width=\"640\"\/>Carbonero, Chile. Image \u00a9 Smiljan Radi\u0107<\/a><\/p>\n<p>If architecture gives shape to the ways in which people live, Radi\u0107&#8217;s work produces spatial experiences that feel at once surprising and entirely natural. They are surprising in their flexible capacity to combine, question and dismantle established typologies; natural in the way they emerge both from his personal history and from that of those who will ultimately inhabit his buildings. While fully responsive to its function, each project contains an element of unexpectedness: to experience Smiljan Radi\u0107&#8217;s buildings is to have one&#8217;s curiosity provoked and sustained. He pushes coherent spatial strategies to their limits, developing them with rigour in order to actively engage the user: no specialised knowledge is required to &#8220;understand&#8221; the space, because understanding is never complete. His work defies the constraints of a single concept: the spaces he creates are often ambiguous, at times even unsettling, never pre-defined. They resist complete comprehension through a single viewpoint, and it is precisely this resistance that restores depth and complexity to architecture. Giant boulders set upright\u2014like at the Mestizo Restaurant in <a href=\"https:\/\/www.archdaily.com\/tag\/santiago\" rel=\"nofollow noopener\" target=\"_blank\">Santiago<\/a>, buildings that appear barely to touch the ground\u2014like Casa Pite in Papudo, and the frequent rejection of the conventional Cartesian coordinate axes\u2014the House for the Poem of the Right Angle in Vilches\u2014all invite interpretation, rather than consumption.<\/p>\n<p>For reminding us that architecture is an art, in that it touches the very core of the human condition; for allowing the discipline to embrace imperfection and fragility, offering quiet shelters in a world shaped by uncertainty, without the need to be louder or more spectacular in order to matter; for creating buildings whose hybrid nature reflects the contemporary blurring of disciplinary boundaries, and which do not speak on behalf of people but instead allow people to find their own voice through them, Smiljan Radi\u0107 Clarke is named the 2026 <a href=\"https:\/\/www.archdaily.com\/tag\/pritzker-prize\" rel=\"nofollow noopener\" target=\"_blank\">Pritzker Prize<\/a> Laureate.<\/p>\n<p>We invite you to check out ArchDaily&#8217;s comprehensive coverage of the <a href=\"https:\/\/www.archdaily.com\/tag\/pritzker-prize\" rel=\"nofollow noopener\" target=\"_blank\">Pritzker Prize<\/a>.<\/p>\n<p><script async src=\"https:\/\/platform.twitter.com\/widgets.js\" charset=\"utf-8\"><\/script><\/p>\n","protected":false},"excerpt":{"rendered":"Courtesy of Tom Welsh for The Pritzker Architecture Prize Share Share Facebook Twitter Mail Pinterest Whatsapp Or https:\/\/www.archdaily.com\/1039553\/smiljan-radic-clarke-receives-the-2026-pritzker-prize-the-artist-of-unspoken-architecture&hellip;\n","protected":false},"author":2,"featured_media":535872,"comment_status":"","ping_status":"","sticky":false,"template":"","format":"standard","meta":{"footnotes":""},"categories":[31],"tags":[247886,169381,463,449,458,459,64,63,1703,30330,139773,460,134,34186,4630,174342,23149,15942,76028,1449,30430,101219,241466,174609,247885,212845],"class_list":{"0":"post-535871","1":"post","2":"type-post","3":"status-publish","4":"format-standard","5":"has-post-thumbnail","7":"category-arts-and-design","8":"tag-alejandro-aravena","9":"tag-anne-lacaton","10":"tag-architecture","11":"tag-arts","12":"tag-arts-and-design","13":"tag-artsanddesign","14":"tag-au","15":"tag-australia","16":"tag-awards","17":"tag-chile","18":"tag-chilean-architecture","19":"tag-design","20":"tag-entertainment","21":"tag-experimental-architecture","22":"tag-feature-series","23":"tag-hashim-sarkis","24":"tag-highlight","25":"tag-installations","26":"tag-kazuyo-sejima","27":"tag-materials","28":"tag-phenomenology","29":"tag-pritzker-prize","30":"tag-pritzker-prize-2026","31":"tag-santiago","32":"tag-skip-paywall","33":"tag-smiljan-radic"},"_links":{"self":[{"href":"https:\/\/www.newsbeep.com\/au\/wp-json\/wp\/v2\/posts\/535871","targetHints":{"allow":["GET"]}}],"collection":[{"href":"https:\/\/www.newsbeep.com\/au\/wp-json\/wp\/v2\/posts"}],"about":[{"href":"https:\/\/www.newsbeep.com\/au\/wp-json\/wp\/v2\/types\/post"}],"author":[{"embeddable":true,"href":"https:\/\/www.newsbeep.com\/au\/wp-json\/wp\/v2\/users\/2"}],"replies":[{"embeddable":true,"href":"https:\/\/www.newsbeep.com\/au\/wp-json\/wp\/v2\/comments?post=535871"}],"version-history":[{"count":0,"href":"https:\/\/www.newsbeep.com\/au\/wp-json\/wp\/v2\/posts\/535871\/revisions"}],"wp:featuredmedia":[{"embeddable":true,"href":"https:\/\/www.newsbeep.com\/au\/wp-json\/wp\/v2\/media\/535872"}],"wp:attachment":[{"href":"https:\/\/www.newsbeep.com\/au\/wp-json\/wp\/v2\/media?parent=535871"}],"wp:term":[{"taxonomy":"category","embeddable":true,"href":"https:\/\/www.newsbeep.com\/au\/wp-json\/wp\/v2\/categories?post=535871"},{"taxonomy":"post_tag","embeddable":true,"href":"https:\/\/www.newsbeep.com\/au\/wp-json\/wp\/v2\/tags?post=535871"}],"curies":[{"name":"wp","href":"https:\/\/api.w.org\/{rel}","templated":true}]}}