{"id":617677,"date":"2026-04-19T19:19:21","date_gmt":"2026-04-19T19:19:21","guid":{"rendered":"https:\/\/www.newsbeep.com\/au\/617677\/"},"modified":"2026-04-19T19:19:21","modified_gmt":"2026-04-19T19:19:21","slug":"last-year-i-was-lucky-tables-turn-on-mattias-skjelmose-as-he-cannot-match-a-fully-fit-remco-evenepoel-in-the-amstel-gold-race","status":"publish","type":"post","link":"https:\/\/www.newsbeep.com\/au\/617677\/","title":{"rendered":"&#8216;Last year I was lucky&#8217; \u2013 Tables turn on Mattias Skjelmose as he cannot match a fully fit Remco Evenepoel in the Amstel Gold Race"},"content":{"rendered":"<p id=\"elk-7bad8989-c439-4ab9-bee5-837bc2cc2721\">In 2025, the <a data-analytics-id=\"inline-link\" href=\"https:\/\/www.cyclingnews.com\/amstel-gold-race\/\" data-url=\"https:\/\/www.cyclingnews.com\/amstel-gold-race\/\" data-hl-processed=\"none\" data-mrf-recirculation=\"inline-link\" data-before-rewrite-localise=\"https:\/\/www.cyclingnews.com\/amstel-gold-race\/\" rel=\"nofollow noopener\" target=\"_blank\">Amstel Gold Race<\/a> finished with a shocking win for Mattias Skjelmose over the world&#8217;s number one rider, Tadej Poga\u010dar (UAE Team Emirates-XRG) and the double Olympic champion Remco Evenepoel. But this year, the pendulum swung the other way. With the world champion sitting this one out, Evenepoel proved to be the dominant rider this year, powering the winning move and then <a data-analytics-id=\"inline-link\" href=\"https:\/\/www.cyclingnews.com\/pro-cycling\/racing\/amstel-gold-race-remco-evenepoel-takes-resounding-victory-over-mattias-skjelmose-in-tense-two-man-rematch\/\" data-url=\"https:\/\/www.cyclingnews.com\/pro-cycling\/racing\/amstel-gold-race-remco-evenepoel-takes-resounding-victory-over-mattias-skjelmose-in-tense-two-man-rematch\/\" data-hl-processed=\"none\" data-mrf-recirculation=\"inline-link\" data-before-rewrite-localise=\"https:\/\/www.cyclingnews.com\/pro-cycling\/racing\/amstel-gold-race-remco-evenepoel-takes-resounding-victory-over-mattias-skjelmose-in-tense-two-man-rematch\/\" rel=\"nofollow noopener\" target=\"_blank\">defeating Skjelmose in a two-man sprint<\/a>.<\/p>\n<p>Skjelmose likely knew his fate was sealed when he latched onto an attack with 42km to go that included Evenepoel, the race&#8217;s overwhelming favourite. Whereas last year, Evenepoel was at the start of a delayed season after being doored and suffering numerous injuries, his 2026 campaign went far more smoothly. The Dane was philosophical about finishing second.<\/p>\n<p><a id=\"elk-seasonal\"\/><\/p>\n<p id=\"elk-7bad8989-c439-4ab9-bee5-837bc2cc2721-2\" class=\"paywall\" aria-hidden=\"true\">&#8220;Last year I was lucky,&#8221; Skjelmose said. &#8220;This year, he just beat me with legs. I was on the limit, and I actually thought he would drop me on the climbs. So it was what it could be. I tried my best, and I&#8217;m happy with second.&#8221;<\/p>\n<p>Article continues below <\/p>\n<p>            You may like<\/p>\n<p>The duo might not have been alone in fighting for the win had there not been a <a data-analytics-id=\"inline-link\" href=\"https:\/\/www.cyclingnews.com\/pro-cycling\/teams-riders\/matteo-jorgenson-crashes-out-of-amstel-gold-race-contention-on-wet-downhill-corner\/\" data-url=\"https:\/\/www.cyclingnews.com\/pro-cycling\/teams-riders\/matteo-jorgenson-crashes-out-of-amstel-gold-race-contention-on-wet-downhill-corner\/\" data-hl-processed=\"none\" data-mrf-recirculation=\"inline-link\" data-before-rewrite-localise=\"https:\/\/www.cyclingnews.com\/pro-cycling\/teams-riders\/matteo-jorgenson-crashes-out-of-amstel-gold-race-contention-on-wet-downhill-corner\/\" rel=\"nofollow noopener\" target=\"_blank\">crash in their initial breakaway of five<\/a>, but K\u00e9vin Vauquelin (Ineos Grenadiers) slid out in a turn and took down another pre-race favourite, Matteo Jorgenson (Visma-Lease a Bike). Eventually, they also distanced Romain Gr\u00e9goire (Groupama-FDJ United), setting up the closest replay possible.<\/p>\n<p class=\"paywall\" aria-hidden=\"true\">Evenepoel called the finish &#8220;a bit of flashback to last year&#8221;, adding, &#8220;I had more confidence now. I felt that on the climbs, I was probably the strongest today. So I felt that he was a bit on the limit when he was taking pulls. I felt that he was not as strong as in the beginning when we were gone. So yeah, I had a lot of confidence that I could finish it in the sprint.&#8221;<\/p>\n<p class=\"paywall\" aria-hidden=\"true\">Both riders expressed their love for the Amstel Gold Race, each attracted to the race for different reasons.<\/p>\n<p class=\"paywall\" aria-hidden=\"true\">For Skjelmose, a lithe climber who usually targets the general classification of stage races and Grand Tours, the Amstel Gold Race is the &#8220;closest thing I come to competing in a race like the cobbled Classics,&#8221; he said.<\/p>\n<p class=\"newsletter-form__strapline\">The latest race content, interviews, features, reviews and expert buying guides, direct to your inbox!<\/p>\n<p class=\"paywall\" aria-hidden=\"true\">&#8220;For me, growing up and still, the cobbled Classics have always been what I enjoyed the most to watch. I think these special races are so special. And I think the Amstel is the closest thing I come to competing in a race like the cobbled classics, with the left, right, up, down, and small roads, obstacles. You&#8217;re destroyed mentally after, but it&#8217;s just such a crazy feeling, riding these roads and like having to be focused all the time. It just makes me happy to race here.<\/p>\n<p class=\"paywall\" aria-hidden=\"true\">&#8220;This is for sure, if not my favourite, one of my favourite races in the whole calendar, even though it&#8217;s very mentally demanding and physically hard. I want to come back. I was second this year and first last year, and hopefully I can take it back next year.&#8221;<\/p>\n<p class=\"paywall\" aria-hidden=\"true\">Evenepoel also enjoys the 257-kilometre romp through the Netherlands&#8217; Limburg province, with its numerous climbs and winding, narrow roads.<\/p>\n<p class=\"paywall\" aria-hidden=\"true\">&#8220;This is one of my favourite races in the season, and to win it with my second participation feels amazing,&#8221; Evenepoel said.<\/p>\n<p class=\"paywall\" aria-hidden=\"true\">&#8220;Every win is a new one and is a beautiful one. But like I mentioned a few days ago, this race is just under a Monument, so it&#8217;s really high on my ranking, for sure. It&#8217;s in my top eight victories in my career. I&#8217;m one of the lucky guys to win quite a lot. So to win this one means a lot, and I&#8217;m very proud of it.&#8221;<\/p>\n<p>Get unlimited access to our unrivalled 2026 Spring Classics coverage with a Cyclingnews subscription. We&#8217;ll bring you breaking news, reports, and analysis from some of the biggest races on the calendar, including La Fl\u00e8che Wallonne, and Li\u00e8ge-Bastogne-Li\u00e8ge. <a data-analytics-id=\"inline-link\" href=\"https:\/\/www.cyclingnews.com\/sub24\/?utm_source=Referral+link&amp;utm_medium=Website&amp;utm_campaign=SC26\" target=\"_blank\" data-url=\"https:\/\/www.cyclingnews.com\/sub24\/?utm_source=Referral+link&amp;utm_medium=Website&amp;utm_campaign=SC26\" data-hl-processed=\"none\" data-mrf-recirculation=\"inline-link\" data-before-rewrite-localise=\"https:\/\/www.cyclingnews.com\/sub24\/?utm_source=Referral+link&amp;utm_medium=Website&amp;utm_campaign=SC26\" rel=\"nofollow noopener\">Find out more.<\/a><\/p>\n","protected":false},"excerpt":{"rendered":"In 2025, the Amstel Gold Race finished with a shocking win for Mattias Skjelmose over the world&#8217;s number&hellip;\n","protected":false},"author":2,"featured_media":617678,"comment_status":"","ping_status":"","sticky":false,"template":"","format":"standard","meta":{"footnotes":""},"categories":[569],"tags":[64,63,784,85],"class_list":{"0":"post-617677","1":"post","2":"type-post","3":"status-publish","4":"format-standard","5":"has-post-thumbnail","7":"category-cycling","8":"tag-au","9":"tag-australia","10":"tag-cycling","11":"tag-sports"},"_links":{"self":[{"href":"https:\/\/www.newsbeep.com\/au\/wp-json\/wp\/v2\/posts\/617677","targetHints":{"allow":["GET"]}}],"collection":[{"href":"https:\/\/www.newsbeep.com\/au\/wp-json\/wp\/v2\/posts"}],"about":[{"href":"https:\/\/www.newsbeep.com\/au\/wp-json\/wp\/v2\/types\/post"}],"author":[{"embeddable":true,"href":"https:\/\/www.newsbeep.com\/au\/wp-json\/wp\/v2\/users\/2"}],"replies":[{"embeddable":true,"href":"https:\/\/www.newsbeep.com\/au\/wp-json\/wp\/v2\/comments?post=617677"}],"version-history":[{"count":0,"href":"https:\/\/www.newsbeep.com\/au\/wp-json\/wp\/v2\/posts\/617677\/revisions"}],"wp:featuredmedia":[{"embeddable":true,"href":"https:\/\/www.newsbeep.com\/au\/wp-json\/wp\/v2\/media\/617678"}],"wp:attachment":[{"href":"https:\/\/www.newsbeep.com\/au\/wp-json\/wp\/v2\/media?parent=617677"}],"wp:term":[{"taxonomy":"category","embeddable":true,"href":"https:\/\/www.newsbeep.com\/au\/wp-json\/wp\/v2\/categories?post=617677"},{"taxonomy":"post_tag","embeddable":true,"href":"https:\/\/www.newsbeep.com\/au\/wp-json\/wp\/v2\/tags?post=617677"}],"curies":[{"name":"wp","href":"https:\/\/api.w.org\/{rel}","templated":true}]}}