{"id":618280,"date":"2026-04-20T02:20:32","date_gmt":"2026-04-20T02:20:32","guid":{"rendered":"https:\/\/www.newsbeep.com\/au\/618280\/"},"modified":"2026-04-20T02:20:32","modified_gmt":"2026-04-20T02:20:32","slug":"bulega-completes-assen-hat-trick-as-ducati-locks-out-top-six","status":"publish","type":"post","link":"https:\/\/www.newsbeep.com\/au\/618280\/","title":{"rendered":"Bulega completes Assen hat-trick as Ducati locks out top six"},"content":{"rendered":"<p>Round Three \u2013 Assen \u2013 Sunday<\/p>\n<p>Sunday at TT Circuit Assen began with the 10-lap WorldSBK Superpole Race and ended with Ducati in even firmer control than it had shown on Saturday. Bulega\u2019s weekend maximum pushed his title lead out again, and for the first time ever, a single manufacturer swept the podium in all three races of the weekend.<\/p>\n<p>Across the support classes, though, the picture was more varied, with changing weather, red flags and late-race fights all playing a part in the day\u2019s results.<\/p>\n<p>WorldSBK Race Two<\/p>\n<p>Race 2 briefly hinted at a different script before Ducati\u2019s grip tightened once more. Sam Lowes made a superb launch from the outside of the front row, beat Iker Lecuona to Turn 1 and then swept past Nicol\u00f2 Bulega at the next corner to lead the opening two laps. Lecuona looked ready to respond through Turns 6 and 7 on the first lap, but ran a touch wide and had to settle back in.<\/p>\n<p><a href=\"https:\/\/www.mcnews.com.au\/wp-content\/uploads\/2026\/04\/2026-WorldSBK-Rnd3-Assen-Sunday-WSBK-Start-1.jpg\" rel=\"nofollow noopener\" target=\"_blank\"><img fetchpriority=\"high\" decoding=\"async\" class=\"size-large wp-image-570285\" src=\"https:\/\/www.newsbeep.com\/au\/wp-content\/uploads\/2026\/04\/2026-WorldSBK-Rnd3-Assen-Sunday-WSBK-Start-1-1024x505.jpg\" alt=\"\" width=\"1024\" height=\"505\"  \/><\/a>WorldSBK Race Two Start<\/p>\n<p>The decisive sequence came on lap three: Lecuona first got ahead at Turn 1, Bulega followed him through at Turn 4, then the championship leader made the winning move under brakes at Turn 16 before the lap was done. From there, Bulega took control, set the fastest lap of the race with a 1m33.162s on lap four, and steadily edged clear to win by 2.724s. It was his ninth win from the opening nine races of the season, his 13th in succession to draw level with Toprak Razgatlioglu, and another podium in a run that now stands at 22 straight.<\/p>\n<p><a href=\"https:\/\/www.mcnews.com.au\/wp-content\/uploads\/2026\/04\/2026-WorldSBK-Rnd3-Assen-Sunday-WSBK-Start-2.jpg\" rel=\"nofollow noopener\" target=\"_blank\"><img loading=\"lazy\" decoding=\"async\" class=\"size-large wp-image-570286\" src=\"https:\/\/www.newsbeep.com\/au\/wp-content\/uploads\/2026\/04\/2026-WorldSBK-Rnd3-Assen-Sunday-WSBK-Start-2-1024x559.jpg\" alt=\"\" width=\"1024\" height=\"559\"  \/><\/a>WorldSBK Race Two Start<\/p>\n<p>Lecuona secured a sixth consecutive second place, while Lowes completed the rostrum in third for his third P3 finish of the Assen weekend, a result that also delivered Great Britain\u2019s 900th WorldSBK podium.<\/p>\n<p><a href=\"https:\/\/www.mcnews.com.au\/wp-content\/uploads\/2026\/04\/2026-WorldSBK-Rnd3-Assen-Sunday-Alvaro-Bautista.jpg\" rel=\"nofollow noopener\" target=\"_blank\"><img loading=\"lazy\" decoding=\"async\" class=\"size-large wp-image-570297\" src=\"https:\/\/www.newsbeep.com\/au\/wp-content\/uploads\/2026\/04\/2026-WorldSBK-Rnd3-Assen-Sunday-Alvaro-Bautista-1024x524.jpg\" alt=\"\" width=\"1024\" height=\"524\"  \/><\/a>\u00c1lvaro Bautista<\/p>\n<p>Behind the leading trio, Ducati\u2019s dominance only became more emphatic. \u00c1lvaro Bautista made the key move for fourth on Alex Lowes at Turn 16 on lap four and never relinquished the position, capping a weekend in which he finished fourth in all three races. Team-mate Yari Montella came through strongly from eighth on the grid and used his pace advantage to move into fifth around mid-distance, while Lorenzo Baldassarri climbed from 10th on the grid to sixth after picking off riders ahead with a series of aggressive passes. That gave Ducati a clean sweep of the top six in the 21-lap finale, repeating the feat they managed in Race 2 at Phillip Island last year.<\/p>\n<p><a href=\"https:\/\/www.mcnews.com.au\/wp-content\/uploads\/2026\/04\/2026-WorldSBK-Rnd3-Assen-Sunday-Sam-Lowes.jpg\" rel=\"nofollow noopener\" target=\"_blank\"><img loading=\"lazy\" decoding=\"async\" class=\"size-large wp-image-570290\" src=\"https:\/\/www.newsbeep.com\/au\/wp-content\/uploads\/2026\/04\/2026-WorldSBK-Rnd3-Assen-Sunday-Sam-Lowes-1024x682.jpg\" alt=\"\" width=\"1024\" height=\"682\"  \/><\/a>Sam Lowes<\/p>\n<p>Xavi Vierge was best of the rest in seventh, just ahead of Pata Maxus Yamaha team-mate Andrea Locatelli, who made a late move on Danilo Petrucci for eighth, while the BMW rider had to settle for ninth. Tarran Mackenzie completed the top 10.<\/p>\n<p><a href=\"https:\/\/www.mcnews.com.au\/wp-content\/uploads\/2026\/04\/2026-WorldSBK-Rnd3-Assen-Sunday-Miguel-Oliveira-4.jpg\" rel=\"nofollow noopener\" target=\"_blank\"><img loading=\"lazy\" decoding=\"async\" class=\"size-large wp-image-570292\" src=\"https:\/\/www.newsbeep.com\/au\/wp-content\/uploads\/2026\/04\/2026-WorldSBK-Rnd3-Assen-Sunday-Miguel-Oliveira-4-1024x624.jpg\" alt=\"\" width=\"1024\" height=\"624\"  \/><\/a>Miguel Oliveira<\/p>\n<p>Further back, Alex Lowes\u2019 race unravelled after running fourth in the early laps, the bimota rider fading to 11th by the flag, while Miguel Oliveira could not convert his speed into another top-10 result and finished 12th. Axel Bassani was 13th, with Remy Gardner and Stefano Manzi taking 14th and 15th respectively for GYTR GRT Yamaha, separated by just 0.003s at the line.<\/p>\n<p><a href=\"https:\/\/www.mcnews.com.au\/wp-content\/uploads\/2026\/04\/2026-WorldSBK-Rnd3-Assen-Sunday-Jonathan-Rea-1.jpg\" rel=\"nofollow noopener\" target=\"_blank\"><img loading=\"lazy\" decoding=\"async\" class=\"size-large wp-image-570301\" src=\"https:\/\/www.newsbeep.com\/au\/wp-content\/uploads\/2026\/04\/2026-WorldSBK-Rnd3-Assen-Sunday-Jonathan-Rea-1-1024x681.jpg\" alt=\"\" width=\"1024\" height=\"681\"  \/><\/a>Jonathan Rea<\/p>\n<p>Tommy Bridewell missed a point by 1.585s in 16th, ahead of Alberto Surra, Garrett Gerloff and Jonathan Rea, while Bahattin Sofuoglu rounded out the top 20. As of Saturday, every rider who started the race reached the finish, with Mattia Rato and wildcard Twan Smits completing the order.<\/p>\n<p><a href=\"https:\/\/www.mcnews.com.au\/wp-content\/uploads\/2026\/04\/2026-WorldSBK-Rnd3-Assen-Sunday-WSBK-Race-2-Podium.jpg\" rel=\"nofollow noopener\" target=\"_blank\"><img loading=\"lazy\" decoding=\"async\" class=\"size-large wp-image-570287\" src=\"https:\/\/www.newsbeep.com\/au\/wp-content\/uploads\/2026\/04\/2026-WorldSBK-Rnd3-Assen-Sunday-WSBK-Race-2-Podium-1024x682.jpg\" alt=\"\" width=\"1024\" height=\"682\"  \/><\/a>WorldSBK Race Two Podium<br \/>\nWorldSBK Race Two Results<\/p>\n<p><img loading=\"lazy\" decoding=\"async\" class=\"aligncenter wp-image-559754\" src=\"https:\/\/www.newsbeep.com\/au\/wp-content\/uploads\/2026\/01\/Superbike_World_Championship_logo_2022.svg-300x50.png\" alt=\"\" width=\"220\" height=\"36\"  \/><\/p>\n<p>Pos<\/p>\n<p>Rider<\/p>\n<p>Bike<\/p>\n<p>Time\/Gap<\/p>\n<p>Speed<\/p>\n<p>1<\/p>\n<p>N. Bulega<\/p>\n<p>Duc<\/p>\n<p>32m58.347<\/p>\n<p>298.3Km\/h<\/p>\n<p>2<\/p>\n<p>I. Lecuona<\/p>\n<p>Duc<\/p>\n<p>+2.724<\/p>\n<p>298.3Km\/h<\/p>\n<p>3<\/p>\n<p>S. Lowes<\/p>\n<p>Duc<\/p>\n<p>+5.257<\/p>\n<p>294.3Km\/h<\/p>\n<p>4<\/p>\n<p>A. Bautista<\/p>\n<p>Duc<\/p>\n<p>+8.941<\/p>\n<p>300.8Km\/h<\/p>\n<p>5<\/p>\n<p>Y. Montella<\/p>\n<p>Duc<\/p>\n<p>+9.845<\/p>\n<p>300.0Km\/h<\/p>\n<p>6<\/p>\n<p>L. Baldassarri<\/p>\n<p>Duc<\/p>\n<p>+12.872<\/p>\n<p>296.7Km\/h<\/p>\n<p>7<\/p>\n<p>X. Vierge<\/p>\n<p>Yam<\/p>\n<p>+17.363<\/p>\n<p>296.7Km\/h<\/p>\n<p>8<\/p>\n<p>A. Locatelli<\/p>\n<p>Yam<\/p>\n<p>+18.294<\/p>\n<p>295.9Km\/h<\/p>\n<p>9<\/p>\n<p>D. Petrucci<\/p>\n<p>BMW<\/p>\n<p>+19.054<\/p>\n<p>297.5Km\/h<\/p>\n<p>10<\/p>\n<p>T. Mackenzie<\/p>\n<p>Duc<\/p>\n<p>+21.924<\/p>\n<p>299.2Km\/h<\/p>\n<p>11<\/p>\n<p>A. Lowes<\/p>\n<p>Bim<\/p>\n<p>+22.304<\/p>\n<p>295.1Km\/h<\/p>\n<p>12<\/p>\n<p>M. Oliveira<\/p>\n<p>BMW<\/p>\n<p>+24.570<\/p>\n<p>304.2Km\/h<\/p>\n<p>13<\/p>\n<p>A. Bassani<\/p>\n<p>Bim<\/p>\n<p>+25.291<\/p>\n<p>297.5Km\/h<\/p>\n<p>14<\/p>\n<p>R. Gardner<\/p>\n<p>Yam<\/p>\n<p>+25.391<\/p>\n<p>295.9Km\/h<\/p>\n<p>15<\/p>\n<p>S. Manzi<\/p>\n<p>Yam<\/p>\n<p>+25.394<\/p>\n<p>295.1Km\/h<\/p>\n<p>16<\/p>\n<p>T. Bridewell<\/p>\n<p>Duc<\/p>\n<p>+26.979<\/p>\n<p>296.7Km\/h<\/p>\n<p>17<\/p>\n<p>A. Surra<\/p>\n<p>Duc<\/p>\n<p>+30.923<\/p>\n<p>299.2Km\/h<\/p>\n<p>18<\/p>\n<p>G. Gerloff<\/p>\n<p>Kaw<\/p>\n<p>+31.060<\/p>\n<p>300.0Km\/h<\/p>\n<p>19<\/p>\n<p>J. Rea<\/p>\n<p>Hon<\/p>\n<p>+36.230<\/p>\n<p>293.5Km\/h<\/p>\n<p>20<\/p>\n<p>B. Sofuoglu<\/p>\n<p>Yam<\/p>\n<p>+38.452<\/p>\n<p>292.7Km\/h<\/p>\n<p>21<\/p>\n<p>M. Rato<\/p>\n<p>Yam<\/p>\n<p>+49.397<\/p>\n<p>292.7Km\/h<\/p>\n<p>22<\/p>\n<p>T. Smits<\/p>\n<p>Yam<\/p>\n<p>+56.266<\/p>\n<p>286.5Km\/h<\/p>\n<p>\u00a0<\/p>\n<p>WorldSBK Superpole Race<\/p>\n<p>Earlier on Sunday, before the full-distance Race 2 delivered Ducati\u2019s top-six lockout, the 10-lap Superpole Race had already reinforced who controlled the Dutch round. Nicol\u00f2 Bulega converted pole into another win, but the sprint was not entirely straightforward. Iker Lecuona stayed close enough to keep the pressure on in the opening laps, Sam Lowes again put an independent Ducati on the podium in third, and behind them, the fight for the crucial top-nine grid spots for Race 2 remained tight all the way to the flag.<\/p>\n<p><a href=\"https:\/\/www.mcnews.com.au\/wp-content\/uploads\/2026\/04\/2026-WorldSBK-Rnd3-Assen-Sunday-Finish.jpg\" rel=\"nofollow noopener\" target=\"_blank\"><img loading=\"lazy\" decoding=\"async\" class=\"size-large wp-image-570302\" src=\"https:\/\/www.newsbeep.com\/au\/wp-content\/uploads\/2026\/04\/2026-WorldSBK-Rnd3-Assen-Sunday-Finish-1024x576.jpg\" alt=\"\" width=\"1024\" height=\"576\"  \/><\/a>Nicol\u00f2 Bulega<\/p>\n<p>Bulega ultimately won by 1.742s from Lecuona, with Lowes another 0.890s back in third. His 1m32.357s was not only the fastest lap of the race but also a new Superpole Race lap record at Assen.<\/p>\n<p>Behind the leading trio, \u00c1lvaro Bautista turned seventh on the grid into fourth, completing the decisive move on Alex Lowes in the closing stages after the pair spent much of the race locked together. Alex Lowes still came away with a solid fifth for bimota, just 0.154s behind Bautista at the flag, while Xavi Vierge backed up his strong qualifying pace with sixth for Yamaha.<\/p>\n<p><a href=\"https:\/\/www.mcnews.com.au\/wp-content\/uploads\/2026\/04\/2026-WorldSBK-Rnd3-Assen-Sunday-Lowes-2.jpg\" rel=\"nofollow noopener\" target=\"_blank\"><img loading=\"lazy\" decoding=\"async\" class=\"size-large wp-image-570296\" src=\"https:\/\/www.newsbeep.com\/au\/wp-content\/uploads\/2026\/04\/2026-WorldSBK-Rnd3-Assen-Sunday-Lowes-2-1024x665.jpg\" alt=\"Sam Lowes\" width=\"1024\" height=\"665\"  \/><\/a>Sam Lowes<\/p>\n<p>Danilo Petrucci edged Yari Montella by the finest possible margin for seventh, the BMW rider beating the Barni Ducati by just 0.001s, while Andrea Locatelli claimed ninth and the final spot that mattered for the Race 2 grid. That top-nine result was especially important because it kept him in the first three rows for the afternoon\u2019s long race.<\/p>\n<p>Just outside that cut-off, Remy Gardner was only 0.243s short of Locatelli in 10th, which left the Australian narrowly missing the grid gain he needed for Race 2. Miguel Oliveira finished 11th.<\/p>\n<p>WorldSBK Superpole Race Results<\/p>\n<p><img loading=\"lazy\" decoding=\"async\" class=\"aligncenter wp-image-559754\" src=\"https:\/\/www.newsbeep.com\/au\/wp-content\/uploads\/2026\/01\/Superbike_World_Championship_logo_2022.svg-300x50.png\" alt=\"\" width=\"220\" height=\"36\"  \/><\/p>\n<p>Pos<\/p>\n<p>Rider<\/p>\n<p>Bike<\/p>\n<p>Time\/Gap<\/p>\n<p>Speed<\/p>\n<p>1<\/p>\n<p>N. Bulega<\/p>\n<p>Duc<\/p>\n<p>15m35.366<\/p>\n<p>291.9Km\/h<\/p>\n<p>2<\/p>\n<p>I. Lecuona<\/p>\n<p>Duc<\/p>\n<p>+1.742<\/p>\n<p>297.5Km\/h<\/p>\n<p>3<\/p>\n<p>S. Lowes<\/p>\n<p>Duc<\/p>\n<p>+2.632<\/p>\n<p>295.1Km\/h<\/p>\n<p>4<\/p>\n<p>A. Bautista<\/p>\n<p>Duc<\/p>\n<p>+6.219<\/p>\n<p>298.3Km\/h<\/p>\n<p>5<\/p>\n<p>A. Lowes<\/p>\n<p>Bim<\/p>\n<p>+6.373<\/p>\n<p>295.1Km\/h<\/p>\n<p>6<\/p>\n<p>X. Vierge<\/p>\n<p>Yam<\/p>\n<p>+9.318<\/p>\n<p>296.7Km\/h<\/p>\n<p>7<\/p>\n<p>D. Petrucci<\/p>\n<p>BMW<\/p>\n<p>+9.432<\/p>\n<p>296.7Km\/h<\/p>\n<p>8<\/p>\n<p>Y. Montella<\/p>\n<p>Duc<\/p>\n<p>+9.433<\/p>\n<p>300.8Km\/h<\/p>\n<p>9<\/p>\n<p>A. Locatelli<\/p>\n<p>Yam<\/p>\n<p>+11.347<\/p>\n<p>294.3Km\/h<\/p>\n<p>10<\/p>\n<p>R. Gardner<\/p>\n<p>Yam<\/p>\n<p>+11.590<\/p>\n<p>294.3Km\/h<\/p>\n<p>11<\/p>\n<p>M. Oliveira<\/p>\n<p>BMW<\/p>\n<p>+12.170<\/p>\n<p>304.2Km\/h<\/p>\n<p>12<\/p>\n<p>A. Surra<\/p>\n<p>Duc<\/p>\n<p>+14.379<\/p>\n<p>300.0Km\/h<\/p>\n<p>13<\/p>\n<p>L. Baldassarri<\/p>\n<p>Duc<\/p>\n<p>+15.384<\/p>\n<p>298.3Km\/h<\/p>\n<p>14<\/p>\n<p>G. Gerloff<\/p>\n<p>Kaw<\/p>\n<p>+15.429<\/p>\n<p>300.8Km\/h<\/p>\n<p>15<\/p>\n<p>T. Bridewell<\/p>\n<p>Duc<\/p>\n<p>+16.749<\/p>\n<p>295.9Km\/h<\/p>\n<p>16<\/p>\n<p>S. Manzi<\/p>\n<p>Yam<\/p>\n<p>+16.856<\/p>\n<p>292.7Km\/h<\/p>\n<p>17<\/p>\n<p>J. Rea<\/p>\n<p>Hon<\/p>\n<p>+18.759<\/p>\n<p>294.3Km\/h<\/p>\n<p>18<\/p>\n<p>A. Bassani<\/p>\n<p>Bim<\/p>\n<p>+21.090<\/p>\n<p>296.7Km\/h<\/p>\n<p>19<\/p>\n<p>M. Rato<\/p>\n<p>Yam<\/p>\n<p>+25.517<\/p>\n<p>290.3Km\/h<\/p>\n<p>20<\/p>\n<p>B. Sofuoglu<\/p>\n<p>Yam<\/p>\n<p>+25.532<\/p>\n<p>291.1Km\/h<\/p>\n<p>21<\/p>\n<p>T. Smits<\/p>\n<p>Yam<\/p>\n<p>+27.932<\/p>\n<p>286.5Km\/h<\/p>\n<p>Not Classified<\/p>\n<p>RET<\/p>\n<p>T. Mackenzie<\/p>\n<p>Duc<\/p>\n<p>6 Laps<\/p>\n<p>297.5Km\/h<\/p>\n<p>WorldSBK Championship<\/p>\n<p>Bulega\u2019s Assen haul means he now has 186 points to Lecuona\u2019s 117, a 69-point championship lead after only three rounds. Sam Lowes moves into third on 82 and continues to head the independent riders, while Ducati\u2019s perfect nine wins from nine races have opened a 91-point manufacturers\u2019 lead over bimota, 186 to 95. For the first time in WorldSBK history, one manufacturer locked out the podium in all three races of a single round.<\/p>\n<p><a href=\"https:\/\/www.mcnews.com.au\/wp-content\/uploads\/2026\/04\/2026-WorldSBK-Rnd3-Assen-Sunday-1.jpg\" rel=\"nofollow noopener\" target=\"_blank\"><img loading=\"lazy\" decoding=\"async\" class=\"size-large wp-image-570306\" src=\"https:\/\/www.newsbeep.com\/au\/wp-content\/uploads\/2026\/04\/2026-WorldSBK-Rnd3-Assen-Sunday-1-1024x699.jpg\" alt=\"\" width=\"1024\" height=\"699\"  \/><\/a>Nicol\u00f2 Bulega<\/p>\n<p>From the Australian angle, Gardner added points in both Sunday races but never quite escaped the same midfield gravity that shaped his Saturday. He was 10th in the sprint and 14th in Race 2, while Honda\u2019s weekend remained grim. Rea was 17th in the Superpole Race, 17th in Saturday\u2019s Race 1 and 19th in Race 2, while Chantra never returned after his FP3 crash. The end result was stark: despite Rea\u2019s second weekend of development work with the CBR1000RR-R, no Honda rider scored a point at Assen.<\/p>\n<p>WorldSBK Championship Points<\/p>\n<p><img loading=\"lazy\" decoding=\"async\" class=\"aligncenter wp-image-559754\" src=\"https:\/\/www.newsbeep.com\/au\/wp-content\/uploads\/2026\/01\/Superbike_World_Championship_logo_2022.svg-300x50.png\" alt=\"\" width=\"220\" height=\"36\"  \/><\/p>\n<p>Pos<\/p>\n<p>Rider<\/p>\n<p>Points<\/p>\n<p>1<\/p>\n<p>N. Bulega<\/p>\n<p>186<\/p>\n<p>2<\/p>\n<p>I. Lecuona<\/p>\n<p>117<\/p>\n<p>3<\/p>\n<p>S. Lowes<\/p>\n<p>82<\/p>\n<p>4<\/p>\n<p>M. Oliveira<\/p>\n<p>69<\/p>\n<p>5<\/p>\n<p>A. Lowes<\/p>\n<p>69<\/p>\n<p>6<\/p>\n<p>A. Bassani<\/p>\n<p>67<\/p>\n<p>7<\/p>\n<p>A. Bautista<\/p>\n<p>59<\/p>\n<p>8<\/p>\n<p>L. Baldassarri<\/p>\n<p>58<\/p>\n<p>9<\/p>\n<p>Y. Montella<\/p>\n<p>48<\/p>\n<p>10<\/p>\n<p>A. Locatelli<\/p>\n<p>44<\/p>\n<p>11<\/p>\n<p>D. Petrucci<\/p>\n<p>41<\/p>\n<p>12<\/p>\n<p>X. Vierge<\/p>\n<p>34<\/p>\n<p>13<\/p>\n<p>T. Mackenzie<\/p>\n<p>32<\/p>\n<p>14<\/p>\n<p>G. Gerloff<\/p>\n<p>24<\/p>\n<p>15<\/p>\n<p>R. Gardner<\/p>\n<p>16<\/p>\n<p>16<\/p>\n<p>A. Surra<\/p>\n<p>13<\/p>\n<p>17<\/p>\n<p>S. Manzi<\/p>\n<p>8<\/p>\n<p>18<\/p>\n<p>T. Nagashima<\/p>\n<p>7<\/p>\n<p>19<\/p>\n<p>T. Bridewell<\/p>\n<p>6<\/p>\n<p>20<\/p>\n<p>J. Rea<\/p>\n<p>4<\/p>\n<p>21<\/p>\n<p>S. Chantra<\/p>\n<p>1<\/p>\n<p>22<\/p>\n<p>B. Sofuoglu<\/p>\n<p>1<\/p>\n<p>23<\/p>\n<p>R. Vickers<\/p>\n<p>1<\/p>\n<p>WorldSBK Quotes<\/p>\n<p>Nicolo Bulega \u2013 P1 Championship \u2013 186-points<\/p>\n<p>\u201cI didn\u2019t make the perfect start and Sam and Iker overtook me on the first lap. After that I stayed calm and studied where I could pass them. It was a fantastic race and I made some good overtakes. I didn\u2019t make any big mistakes and my race pace was very strong, so we improved the feeling from yesterday and I\u2019m happy about that. I\u2019m in a good place mentally. I know I can be fast in all conditions, and that\u2019s very important. Winning 13 races in a row gives you a lot of confidence and motivation for the next races.\u201d<\/p>\n<p>Iker Lecuona \u2013 P2 Championship \u2013 117-points<\/p>\n<p>\u201cI\u2019m really happy. We did a strong job throughout the weekend. At times I struggled, other times I felt more comfortable. After the Superpole Race we decided to try something new with the bike, which we hadn\u2019t tested before, and in the end it worked well. I had two big moments at Turn 12 where I almost crashed, losing a bit of time, but overall I\u2019m satisfied. Nicolo is still a bit faster, but I know this is one of his best tracks. Let\u2019s see if we can fight for first position in the next races.\u201d<\/p>\n<p>Sam Lowes \u2013 P3 Championship \u2013 82-points<\/p>\n<p>\u201cI think Nicolo had a bit of an advantage, and Iker slightly less, but I\u2019m happy to be fighting close to them. At the moment they are the reference, both rider and team, so it\u2019s positive for us to be in that group. This track suits us well and the Ducatis were strong all weekend, but I was able to stay close and battle with them, and also to qualify ahead of one of them. I tried to be smart and consistent, especially after two good races, to finish the weekend in a strong way. It\u2019s been a very positive Sunday and I\u2019m proud of the job we\u2019ve done.\u201d<\/p>\n<p><a href=\"https:\/\/www.mcnews.com.au\/wp-content\/uploads\/2026\/04\/2026-WorldSBK-Rnd3-Assen-Sunday-Miguel-Oliveira-3.jpg\" rel=\"nofollow noopener\" target=\"_blank\"><img loading=\"lazy\" decoding=\"async\" class=\"size-large wp-image-570294\" src=\"https:\/\/www.newsbeep.com\/au\/wp-content\/uploads\/2026\/04\/2026-WorldSBK-Rnd3-Assen-Sunday-Miguel-Oliveira-3-1024x622.jpg\" alt=\"\" width=\"1024\" height=\"622\"  \/><\/a>Miguel Oliveira<br \/>\nMiguel Oliveira \u2013 P4 Championship \u2013 69-points<\/p>\n<p>\u201cIt was a tough weekend for us. We know Assen is always a bit of a challenge, but we fought hard. The team gave absolutely everything to put the best possible bike out there on track, but it was still challenging. Without a good qualifying, we were left mid-pack and we didn\u2019t optimise the result. Yesterday was kind of okay, but today it was even more difficult to move forward through the field. Still, we\u2019re heading to a new track where we know the bike can work well, so we\u2019re looking forward to that, and as always, we\u2019ll be ready to fight.\u201d<\/p>\n<p>Alex Lowes \u2013 P5 Championship \u2013 69-points<\/p>\n<p>\u201cThe Superpole Race was good. I slowed down a little bit when it started to rain a little, but I had a good start. I was happy with the pace and set the best lap I have done here at Assen. The bike was working well. I was nearly in the mix with the leading bikes and trying to hold Alvaro Bautista off. He was a bit stronger and passed me near the end of the race. Then I was trying to stay with him to try to come back. I was happy with the race and happy with the speed. In Race Two, I had a good start again, put myself in a strong position, and had a few good laps trying to go with the Ducatis. After about five laps, I had a big problem with vibration and sliding from the rear. From there on, I was just trying to finish the race. We have to check why we had this problem. Other than that, over the whole weekend, I felt like I maximised our package well. Apart from the last 14 laps of the second race, I think we did a good job. I am trying to take the positive points and move forward for Balaton Park.\u201d<\/p>\n<p><a href=\"https:\/\/www.mcnews.com.au\/wp-content\/uploads\/2026\/04\/2026-WorldSBK-Rnd3-Assen-Sunday-Bassani-2.jpg\" rel=\"nofollow noopener\" target=\"_blank\"><img loading=\"lazy\" decoding=\"async\" class=\"size-large wp-image-570308\" src=\"https:\/\/www.newsbeep.com\/au\/wp-content\/uploads\/2026\/04\/2026-WorldSBK-Rnd3-Assen-Sunday-Bassani-2-1024x611.jpg\" alt=\"\" width=\"1024\" height=\"611\"  \/><\/a>Axel Bassani<br \/>\nAxel Bassani \u2013 P6 Championship \u2013 67-points<\/p>\n<p>\u201cIn general, it has been a difficult weekend \u2013 and also being ill was not the best solution! We finished the Superpole race with things being quite difficult. My feeling with the set-up was not really good, and then we had a long lap penalty. When you have that, then the race is completely finished. In Race Two, honestly, I was feeling quite good with the bike and I felt like I also had more pace than the riders in front of me. But it was really difficult to overtake. I tried it sometimes, but every time I was going long. I had to adapt to the pace that the riders were setting in front. In the end, I took some points. Now we have to work for Balaton and come back a little bit more strongly.\u201d<\/p>\n<p>\u00c1lvaro Bautista \u2013 P7 Championship \u2013 59-points<\/p>\n<p>\u201cVery positive day. Beyond the result, where we achieved the maximum possible, the most important thing is that the changes we made to the bike allowed me to feel more comfortable in the opening laps, both in the Superpole Race and Race 2. We improved the feeling compared to yesterday and, step by step, we are closing the gap to the front. It\u2019s been a very positive weekend in terms of work done and we collected good results. A great Sunday for the whole team, with both riders in the top 5, congratulations to everyone. Hopefully this is just the beginning to reach our maximum performance. I want to thank all the team members for their great work and focus throughout the weekend. Let\u2019s keep going like this.\u201d<\/p>\n<p><a href=\"https:\/\/www.mcnews.com.au\/wp-content\/uploads\/2026\/04\/2026-WorldSBK-Rnd3-Assen-Sunday-Lorenzo-Baldassarri.jpg\" rel=\"nofollow noopener\" target=\"_blank\"><img loading=\"lazy\" decoding=\"async\" class=\"size-large wp-image-570298\" src=\"https:\/\/www.newsbeep.com\/au\/wp-content\/uploads\/2026\/04\/2026-WorldSBK-Rnd3-Assen-Sunday-Lorenzo-Baldassarri-1024x538.jpg\" alt=\"\" width=\"1024\" height=\"538\"  \/><\/a>Lorenzo Baldassarri<br \/>\nLorenzo Baldassarri \u2013 P8 Championship \u2013 58-points<\/p>\n<p>\u201cThis afternoon in race 2 I really enjoyed myself. I managed to make a lot of overtakes despite some contact on the first lap. Expectations were a bit higher here on Friday, but in the end we confirmed our speed and achieved our goal. The pace this Sunday was excellent, I felt good on the bike, and I\u2019m satisfied with the result. I think I\u2019ve almost completely resolved the forearm problem; I didn\u2019t suffer here. Now I\u2019m going to rest a bit, but not too much because we\u2019ll be back on track soon at Balaton. For me, it\u2019s best to get back on the bike straight away, so I can\u2019t wait. I have to thank the whole team and the people who work with me; I think our level is rising race after race!\u201d<\/p>\n<p>Yari Montella \u2013 P9 Championship \u2013 48-points<\/p>\n<p>\u201cI\u2019m very happy with today. Overall, it\u2019s been a positive weekend, we improved from Friday to today and that was important. I\u2019m satisfied with how I managed three completely different races. Yesterday\u2019s Race 1 was a group race, in the Superpole Race I recovered and fought, while in Race 2 I kept a good pace behind \u00c1lvaro. It was crucial to complete a full weekend without mistakes, continuing to work on both the setup and confidence with the bike. Considering how things were yesterday after qualifying, today we turned it around well and I\u2019m very happy.\u201d<\/p>\n<p><a href=\"https:\/\/www.mcnews.com.au\/wp-content\/uploads\/2026\/04\/2026-WorldSBK-Rnd3-Assen-Sunday-Locatelli_DSC_0530.jpg\" rel=\"nofollow noopener\" target=\"_blank\"><img loading=\"lazy\" decoding=\"async\" class=\"size-large wp-image-570317\" src=\"https:\/\/www.newsbeep.com\/au\/wp-content\/uploads\/2026\/04\/2026-WorldSBK-Rnd3-Assen-Sunday-Locatelli_DSC_0530-1024x554.jpg\" alt=\"\" width=\"1024\" height=\"554\"  \/><\/a>Andrea Locatelli<br \/>\nAndrea Locatelli \u2013 P10 Championship \u2013 44-points<\/p>\n<p>\u201cRace 2 was a bit unlucky, I\u2019m disappointed because at the beginning one rider put me out of the track at the last chicane \u2013 so I lost a lot of positions and a lot of time. I tried to recover but it was not easy in the first laps because the pace was fast, then step-by-step and lap-by-lap I was improving. I found my rhythm and I was able to recover and finish in a good position \u2013 still not where I want to be, but in any case, we know that we are working hard and compared to the previous weekends in Portimao and Phillip Island, we did a much better job. I don\u2019t want to say that we have are back, but for sure we have made a step, I enjoyed the races and it looks like we understand where we were struggling before. Let\u2019s see what can happen in Hungary, it was a good track for me last year.\u201d<\/p>\n<p><a href=\"https:\/\/www.mcnews.com.au\/wp-content\/uploads\/2026\/04\/2026-WorldSBK-Rnd3-Assen-Sunday-Danilo-Petrucci-2.jpg\" rel=\"nofollow noopener\" target=\"_blank\"><img loading=\"lazy\" decoding=\"async\" class=\"size-large wp-image-570305\" src=\"https:\/\/www.newsbeep.com\/au\/wp-content\/uploads\/2026\/04\/2026-WorldSBK-Rnd3-Assen-Sunday-Danilo-Petrucci-2-1024x546.jpg\" alt=\"\" width=\"1024\" height=\"546\"  \/><\/a>Danilo Petrucci<br \/>\nDanilo Petrucci \u2013 P11 Championship \u2013 41-points<\/p>\n<p>\u201cThis weekend was crazy. I immediately felt good on the bike, and I\u2019m starting to really enjoy it. Superpole qualifying was really good: I enjoyed the bike and put in a good lap time. Then yesterday there was the penalty for the jump start. I\u2019m not sure I actually did a jump start, but the rules are the rules. I think the penalty was too long and not really fair, especially since I didn\u2019t gain any position. But anyway, today we were able to score some points. We fought, and we can look at the positive side. I think our bike will work really well in the next two rounds. I enjoy those tracks, so we have to focus on the positives. For sure, we\u2019re still working on the bike, so there\u2019s still potential. I can\u2019t wait to ride the bike again as soon as possible.\u201d<\/p>\n<p><a href=\"https:\/\/www.mcnews.com.au\/wp-content\/uploads\/2026\/04\/2026-WorldSBK-Rnd3-Assen-Sunday-Vierge_Z9A_2999.jpg\" rel=\"nofollow noopener\" target=\"_blank\"><img loading=\"lazy\" decoding=\"async\" class=\"size-large wp-image-570314\" src=\"https:\/\/www.newsbeep.com\/au\/wp-content\/uploads\/2026\/04\/2026-WorldSBK-Rnd3-Assen-Sunday-Vierge_Z9A_2999-1024x616.jpg\" alt=\"\" width=\"1024\" height=\"616\"  \/><\/a>Xavi Vierge<br \/>\nXavi Vierge \u2013 P12 Championship \u2013 34-points<\/p>\n<p>\u201cAfter the race of yesterday, we learnt a lot! It was a hard night for me, I did a lot of thinking \u2013 I thought about 2,000 better starts and 2,000 better races overnight! In the Superpole Race, I had a good start in the front group and this helped to take the maximum of my riding style. We tried to fight until the end for a good position and in the last corner I was able to overtake Petrucci for sixth. Then again, in the long race I made a good start and I was trying to go with the front six, until the last four laps when my front tyre was destroyed. Even like this, it was a solid weekend and it\u2019s only the third round together with Yamaha. Of course, we were expecting more but we need to take the positives. I think the team and myself are doing a good job, we are understanding our way and improving. Race 1 yesterday was not the best for the tyres, but we always can learn and improve \u2013 we need to discover where the limit is in all the aspects. I\u2019m happy, thank you so much to the team for all their hard work and now, we will move forward together to Balaton.\u201d<\/p>\n<p><a href=\"https:\/\/www.mcnews.com.au\/wp-content\/uploads\/2026\/04\/2026-WorldSBK-Rnd3-Assen-Sunday-Gardner_Z9A_3086.jpg\" rel=\"nofollow noopener\" target=\"_blank\"><img loading=\"lazy\" decoding=\"async\" class=\"size-large wp-image-570321\" src=\"https:\/\/www.newsbeep.com\/au\/wp-content\/uploads\/2026\/04\/2026-WorldSBK-Rnd3-Assen-Sunday-Gardner_Z9A_3086-1024x550.jpg\" alt=\"\" width=\"1024\" height=\"550\"  \/><\/a>Remy Gardner<br \/>\nRemy Gardner \u2013 P15 Championship \u2013 16-points<\/p>\n<p>\u201cThis wasn\u2019t the weekend we were aiming for, but today we pushed hard and tried a few changes. The Superpole Race was decent, and it\u2019s a shame to have missed out on the top nine at the final corner. In Race 2, our early pace was quite strong, but I struggled more in the latter stages and lost a couple of positions. Now we focus on what\u2019s ahead \u2014 the potential is there, and we\u2019re determined to show it.\u201d<\/p>\n<p><a href=\"https:\/\/www.mcnews.com.au\/wp-content\/uploads\/2026\/04\/2026-WorldSBK-Rnd3-Assen-Sunday-Manzi_Z9A_3162.jpg\" rel=\"nofollow noopener\" target=\"_blank\"><img loading=\"lazy\" decoding=\"async\" class=\"size-large wp-image-570324\" src=\"https:\/\/www.newsbeep.com\/au\/wp-content\/uploads\/2026\/04\/2026-WorldSBK-Rnd3-Assen-Sunday-Manzi_Z9A_3162-1024x694.jpg\" alt=\"\" width=\"1024\" height=\"694\"  \/><\/a>Stefano Manzi<br \/>\nStefano Manzi \u2013 P17 Championship \u2013 8-points<\/p>\n<p>\u201cIt wasn\u2019t a bad way to end the weekend. Of course, we\u2019re aiming for more, but we have to take the positives from each round, and the progress we made here is encouraging. We took a step forward in the Superpole Race and improved further in Race 2, finishing on a positive note. We\u2019ll build from here and head into the next round with confidence, knowing there\u2019s still plenty of room to improve.\u201d<\/p>\n<p><a href=\"https:\/\/www.mcnews.com.au\/wp-content\/uploads\/2026\/04\/2026-WorldSBK-Rnd3-Assen-Sunday-Jonathan-Rea-2.jpg\" rel=\"nofollow noopener\" target=\"_blank\"><img loading=\"lazy\" decoding=\"async\" class=\"size-large wp-image-570300\" src=\"https:\/\/www.newsbeep.com\/au\/wp-content\/uploads\/2026\/04\/2026-WorldSBK-Rnd3-Assen-Sunday-Jonathan-Rea-2-1024x577.jpg\" alt=\"\" width=\"1024\" height=\"577\"  \/><\/a>Jonathan Rea<br \/>\nJonathan Rea \u2013 P20 Championship \u2013 4-points<\/p>\n<p>\u201cI actually enjoyed Race 2, or at least the first half of it, because even though I got a bad start, I was able to make some passes and find a good rhythm. It was the fastest I\u2019ve been all weekend, lapping in the mid-1\u201934s. The pace was good and I felt comfortable. But around lap 11 or 12, I started to struggle with the front tyre. I had a few moments and then found it difficult to turn because I wasn\u2019t loading the tyre in the same way. To be honest, I was kind of in survival mode at the end, which was frustrating because physically I felt good. The guys made some good setup changes right from Free Practice 1 and we worked well to explore some options with the bike. If we had to come back tomorrow, of course we already have more ideas to try in order to be faster at the end of the race. I know the result doesn\u2019t really reflect it, but we made some progress this weekend. Now the weekend is done, I want to wish Somkiat all the best in his recovery, and Jake as well. Hopefully they can be back on board at Balaton.\u201d<\/p>\n<p>Somkiat Chantra \u2013 P21 Championship \u2013 1-point<\/p>\n<p>\u201cI\u2019m so sorry for the team that I couldn\u2019t race this weekend. In FP3 I had a crash and the bike hit my right leg. It hurts a lot, and so I couldn\u2019t ride in this condition. But I want to thank everyone for their support. I will try to recover fast and be back for Balaton.\u201d<\/p>\n<p>WorldSSP Race Two<br \/>\nOettl gets his first win as red flag cuts Race 2 short<\/p>\n<p>Philipp Oettl\u2019s first WorldSSP win had been coming often enough to feel overdue, and Assen finally gave it to him. The German took the lead on lap 10 and was still there when Race 2 was stopped after 12 laps, the red flag ending proceedings following a Turn 5 crash involving Roberto Garcia and Jack Kennedy. With more than two-thirds of the distance completed, the result was declared, leaving Oettl a maiden winner in his 66th class start. Albert Arenas finished second, only 0.403s adrift at the stoppage, and Can \u00d6nc\u00fc was third after leading seven laps in the middle part of the race.<\/p>\n<p><a href=\"https:\/\/www.mcnews.com.au\/wp-content\/uploads\/2026\/04\/2026-WorldSBK-Rnd3-Assen-Sunday-Philipp-Oettl-2.jpg\" rel=\"nofollow noopener\" target=\"_blank\"><img loading=\"lazy\" decoding=\"async\" class=\"size-large wp-image-570293\" src=\"https:\/\/www.newsbeep.com\/au\/wp-content\/uploads\/2026\/04\/2026-WorldSBK-Rnd3-Assen-Sunday-Philipp-Oettl-2-1024x558.jpg\" alt=\"\" width=\"1024\" height=\"558\"  \/><\/a>Philipp Oettl<br \/>\nPhilipp Oettl \u2013 P1<\/p>\n<p>\u201cThis win feels great. I had a difficult race yesterday because of a long lap penalty and some issues with the tyre. Today we made a different choice and it worked well. I tried to be smart and pushed when I was in front and then I tried to manage the race. The red flag came at a good moment for me but I felt I had the pace to pull away and that I was in control if the race had continued. The bike was very fast and I felt comfortable. I\u2019m really happy to finish the weekend in a positive way, and I\u2019m looking forward to the next round to keep building on this.\u201d<\/p>\n<p><a href=\"https:\/\/www.mcnews.com.au\/wp-content\/uploads\/2026\/04\/2026-WorldSBK-Rnd3-Assen-Sunday-Phillip-Oettl.jpg\" rel=\"nofollow noopener\" target=\"_blank\"><img loading=\"lazy\" decoding=\"async\" class=\"size-large wp-image-570289\" src=\"https:\/\/www.newsbeep.com\/au\/wp-content\/uploads\/2026\/04\/2026-WorldSBK-Rnd3-Assen-Sunday-Phillip-Oettl-1024x682.jpg\" alt=\"\" width=\"1024\" height=\"682\"  \/><\/a>Philipp Oettl<br \/>\nAlbert Arenas \u2013 P2<\/p>\n<p>\u201cIt was a tricky race today. The track conditions in the first lap were not great as it was quite wet, and then there was some more rain during the race but not a lot. Despite this I was quite calm and steady and felt I managed the first laps well. I was in a good position, and I was happy to be in second behind Philip in the middle of the race. As the fuel tank got emptier, my bike was starting tow ork even better so it is a shame we could not have the final fight because of the red flag as I believe I could have won today \u2013 however I am super happy for Philip because I have known him for a long time. It\u2019s also good for Yamaha with two bikes on the podium, so we will work hard for the next race and try to continue how we have started the year.\u201d<\/p>\n<p>Rain before the start changes the opening phase<\/p>\n<p>WorldSSP\u2019s final race of the weekend began under the sort of conditions that promised uncertainty. The official session log shows drops of rain reported in sectors 2 to 4 before the start and a white flag before lights out, which helps explain how tightly packed the early laps were. Arenas led lap one, \u00d6nc\u00fc then took over and controlled the race from laps two to five, Zaccone briefly led lap six, and \u00d6nc\u00fc resumed at the front from laps seven to nine. Oettl only took command on lap 10, but once he did, he held it to the flag.<\/p>\n<p>Booth-Amos quick again, Bayliss crashes out<\/p>\n<p>Tom Booth-Amos backed up Saturday\u2019s podium with fourth on Sunday and also set the fastest lap of the race, a 1m37.145s on lap eight.<\/p>\n<p><a href=\"https:\/\/www.mcnews.com.au\/wp-content\/uploads\/2026\/04\/2026-WorldSBK-Rnd3-Assen-Sunday-Booth_699090.jpg\" rel=\"nofollow noopener\" target=\"_blank\"><img loading=\"lazy\" decoding=\"async\" class=\"size-large wp-image-570330\" src=\"https:\/\/www.newsbeep.com\/au\/wp-content\/uploads\/2026\/04\/2026-WorldSBK-Rnd3-Assen-Sunday-Booth_699090-1024x576.jpg\" alt=\"\" width=\"1024\" height=\"576\"  \/><\/a>Tom Booth-Amos<br \/>\nTom Booth-Amos \u2013 P4<\/p>\n<p>\u201cI\u2019m happy to be fast again this weekend which boosts my confidence going into the next few rounds. The feeling with the bike was good and what I needed to be fighting back at the front. The podium yesterday was great but, of course, a little bit disappointed that today\u2019s race was cut short \u2013 but that\u2019s racing and I hope everyone is okay. Now we look ahead to Balaton in a few weeks and continue this momentum.\u201d<\/p>\n<p><a href=\"https:\/\/www.mcnews.com.au\/wp-content\/uploads\/2026\/04\/2026-WorldSBK-Rnd3-Assen-Sunday-Booth_697302.jpg\" rel=\"nofollow noopener\" target=\"_blank\"><img loading=\"lazy\" decoding=\"async\" class=\"size-large wp-image-570331\" src=\"https:\/\/www.newsbeep.com\/au\/wp-content\/uploads\/2026\/04\/2026-WorldSBK-Rnd3-Assen-Sunday-Booth_697302-1024x622.jpg\" alt=\"\" width=\"1024\" height=\"622\"  \/><\/a>Tom Booth-Amos<\/p>\n<p>Zaccone was fifth, while Masi\u00e1 came through for sixth after again looking capable of more in the second half of the race.<\/p>\n<p>Debise wound up seventh, Alcoba eighth and Mahias 10th after starting the race among the front few.<\/p>\n<p>Oli Bayliss\u2019 Sunday ended almost immediately with a crash at Turn 18 on lap two, putting the PTR Triumph rider out after what had already been a difficult weekend.<\/p>\n<p><a href=\"https:\/\/www.mcnews.com.au\/wp-content\/uploads\/2026\/04\/2026-WorldSBK-Rnd3-Assen-Sunday-Bayliss-326420.jpg\" rel=\"nofollow noopener\" target=\"_blank\"><img loading=\"lazy\" decoding=\"async\" class=\"size-large wp-image-570329\" src=\"https:\/\/www.newsbeep.com\/au\/wp-content\/uploads\/2026\/04\/2026-WorldSBK-Rnd3-Assen-Sunday-Bayliss-326420-1024x576.jpg\" alt=\"\" width=\"1024\" height=\"576\"  \/><\/a>Oli Bayliss<br \/>\nOli Bayliss \u2013 DNF<\/p>\n<p>\u201cIt\u2019s been a difficult weekend in Assen. We were chasing a feeling on Friday and then had a back of the grid penalty on Saturday for race one which made things difficult. The race today was better, the feeling with the bike was good but a small crash finished our Sunday race too early. I\u2019m looking forward to one of my favourite rounds at Balaton in a few weeks.\u201d<\/p>\n<p>Title race tightens again<\/p>\n<p>The championship now looks properly compressed. Masi\u00e1 leaves Assen still leading on 106 points, but Arenas is only one point behind on 105, while Oettl\u2019s win lifts him to third on 79. Debise sits fourth on 72, Mahias fifth on 54 and \u00d6nc\u00fc sixth on 52. Ducati still leads Yamaha in the manufacturers\u2019 standings, but only by 21 points. So although Oettl took the headline and the breakthrough win, the bigger long-game story out of Assen may be how little margin remains between Masi\u00e1 and Arenas<\/p>\n<p>WorldSSP Race Two Results<\/p>\n<p><img loading=\"lazy\" decoding=\"async\" class=\"aligncenter wp-image-559754\" src=\"https:\/\/www.newsbeep.com\/au\/wp-content\/uploads\/2026\/01\/Superbike_World_Championship_logo_2022.svg-300x50.png\" alt=\"\" width=\"211\" height=\"35\"  \/><\/p>\n<p>Pos<\/p>\n<p>Rider<\/p>\n<p>Bike<\/p>\n<p>Time\/Gap<\/p>\n<p>Speed<\/p>\n<p>1<\/p>\n<p>P. Oettl<\/p>\n<p>Duc<\/p>\n<p>\u00a020m47.548<\/p>\n<p>260.9Km\/h<\/p>\n<p>2<\/p>\n<p>A. Arenas<\/p>\n<p>Yam<\/p>\n<p>+0.403<\/p>\n<p>255.9Km\/h<\/p>\n<p>3<\/p>\n<p>C. Oncu<\/p>\n<p>Yam<\/p>\n<p>+1.166<\/p>\n<p>255.9Km\/h<\/p>\n<p>4<\/p>\n<p>T. Booth-Amos<\/p>\n<p>Tri<\/p>\n<p>+1.359<\/p>\n<p>267.3Km\/h<\/p>\n<p>5<\/p>\n<p>A. Zaccone<\/p>\n<p>Duc<\/p>\n<p>+1.460<\/p>\n<p>259.0Km\/h<\/p>\n<p>6<\/p>\n<p>J. Masia<\/p>\n<p>Duc<\/p>\n<p>+1.919<\/p>\n<p>260.9Km\/h<\/p>\n<p>7<\/p>\n<p>V. Debise<\/p>\n<p>Zxm<\/p>\n<p>+2.132<\/p>\n<p>259.6Km\/h<\/p>\n<p>8<\/p>\n<p>J. Alcoba<\/p>\n<p>Kaw<\/p>\n<p>+2.207<\/p>\n<p>264.1Km\/h<\/p>\n<p>9<\/p>\n<p>M. Casadei<\/p>\n<p>Duc<\/p>\n<p>+2.521<\/p>\n<p>261.5Km\/h<\/p>\n<p>10<\/p>\n<p>L. Mahias<\/p>\n<p>Yam<\/p>\n<p>+2.856<\/p>\n<p>257.8Km\/h<\/p>\n<p>11<\/p>\n<p>S. Jespersen<\/p>\n<p>Duc<\/p>\n<p>+2.993<\/p>\n<p>261.5Km\/h<\/p>\n<p>12<\/p>\n<p>F. Farioli<\/p>\n<p>Yam<\/p>\n<p>+4.616<\/p>\n<p>257.8Km\/h<\/p>\n<p>13<\/p>\n<p>M. Ferrari<\/p>\n<p>Duc<\/p>\n<p>+5.733<\/p>\n<p>263.4Km\/h<\/p>\n<p>14<\/p>\n<p>A. Mahendra<\/p>\n<p>Yam<\/p>\n<p>+1 Sector<\/p>\n<p>259.6Km\/h<\/p>\n<p>15<\/p>\n<p>D. Aegerter<\/p>\n<p>Kaw<\/p>\n<p>+0.004<\/p>\n<p>260.2Km\/h<\/p>\n<p>16<\/p>\n<p>F. Caricasulo<\/p>\n<p>Zxm<\/p>\n<p>+2.593<\/p>\n<p>257.1Km\/h<\/p>\n<p>17<\/p>\n<p>R. De Rosa<\/p>\n<p>Qjm<\/p>\n<p>+0.714<\/p>\n<p>256.5Km\/h<\/p>\n<p>18<\/p>\n<p>O. Vostatek<\/p>\n<p>Tri<\/p>\n<p>+5.433<\/p>\n<p>251.7Km\/h<\/p>\n<p>19<\/p>\n<p>D. Geiger<\/p>\n<p>Yam<\/p>\n<p>+0.542<\/p>\n<p>264.1Km\/h<\/p>\n<p>20<\/p>\n<p>M. Ramirez<\/p>\n<p>Qjm<\/p>\n<p>+1 Sector<\/p>\n<p>256.5Km\/h<\/p>\n<p>21<\/p>\n<p>J. Kennedy<\/p>\n<p>Hon<\/p>\n<p>+1 Sector<\/p>\n<p>251.2Km\/h<\/p>\n<p>22<\/p>\n<p>A. Kofler<\/p>\n<p>Yam<\/p>\n<p>+6.589<\/p>\n<p>250.6Km\/h<\/p>\n<p>23<\/p>\n<p>J. Whatley<\/p>\n<p>Duc<\/p>\n<p>+0.270<\/p>\n<p>254.1Km\/h<\/p>\n<p>24<\/p>\n<p>L. Taccini<\/p>\n<p>Duc<\/p>\n<p>+3.294<\/p>\n<p>257.1Km\/h<\/p>\n<p>25<\/p>\n<p>O. Konig<\/p>\n<p>Tri<\/p>\n<p>+0.506<\/p>\n<p>252.3Km\/h<\/p>\n<p>26<\/p>\n<p>X. Cardelus<\/p>\n<p>Yam<\/p>\n<p>+0.201<\/p>\n<p>253.5Km\/h<\/p>\n<p>27<\/p>\n<p>Y. Okamoto<\/p>\n<p>Yam<\/p>\n<p>+5.338<\/p>\n<p>251.7Km\/h<\/p>\n<p>28<\/p>\n<p>R. Rossi<\/p>\n<p>Duc<\/p>\n<p>+1 Sector<\/p>\n<p>253.5Km\/h<\/p>\n<p>29<\/p>\n<p>B. Jimenez<\/p>\n<p>Duc<\/p>\n<p>+0.188<\/p>\n<p>254.1Km\/h<\/p>\n<p>30<\/p>\n<p>A. Giombini<\/p>\n<p>Mva<\/p>\n<p>+2.097<\/p>\n<p>252.3Km\/h<\/p>\n<p>31<\/p>\n<p>A. Carrasco<\/p>\n<p>Hon<\/p>\n<p>+8.330<\/p>\n<p>248.3Km\/h<\/p>\n<p>32<\/p>\n<p>J. Cretaro<\/p>\n<p>Mva<\/p>\n<p>+0.379<\/p>\n<p>250.6Km\/h<\/p>\n<p>Not Classified<\/p>\n<p>NC<\/p>\n<p>R. Garcia<\/p>\n<p>Yam<\/p>\n<p>\u2013<\/p>\n<p>257.1Km\/h<\/p>\n<p>RET<\/p>\n<p>O. Bayliss<\/p>\n<p>Tri<\/p>\n<p>DNF<\/p>\n<p>257.8Km\/h<\/p>\n<p>WorldSSP Championship Points<\/p>\n<p><img loading=\"lazy\" decoding=\"async\" class=\"aligncenter wp-image-559754\" src=\"https:\/\/www.newsbeep.com\/au\/wp-content\/uploads\/2026\/01\/Superbike_World_Championship_logo_2022.svg-300x50.png\" alt=\"\" width=\"211\" height=\"35\"  \/><\/p>\n<p>Pos<\/p>\n<p>Rider<\/p>\n<p>Points<\/p>\n<p>1<\/p>\n<p>J. Masia<\/p>\n<p>106<\/p>\n<p>2<\/p>\n<p>A. Arenas<\/p>\n<p>105<\/p>\n<p>3<\/p>\n<p>P. Oettl<\/p>\n<p>79<\/p>\n<p>4<\/p>\n<p>V. Debise<\/p>\n<p>72<\/p>\n<p>5<\/p>\n<p>L. Mahias<\/p>\n<p>54<\/p>\n<p>6<\/p>\n<p>C. Oncu<\/p>\n<p>52<\/p>\n<p>7<\/p>\n<p>A. Zaccone<\/p>\n<p>50<\/p>\n<p>8<\/p>\n<p>J. Alcoba<\/p>\n<p>43<\/p>\n<p>9<\/p>\n<p>R. Garcia<\/p>\n<p>41<\/p>\n<p>10<\/p>\n<p>T. Booth-Amos<\/p>\n<p>38<\/p>\n<p>11<\/p>\n<p>M. Ferrari<\/p>\n<p>32<\/p>\n<p>12<\/p>\n<p>A. Mahendra<\/p>\n<p>26<\/p>\n<p>13<\/p>\n<p>O. Bayliss<\/p>\n<p>20<\/p>\n<p>14<\/p>\n<p>S. Jespersen<\/p>\n<p>19<\/p>\n<p>15<\/p>\n<p>D. Aegerter<\/p>\n<p>16<\/p>\n<p>16<\/p>\n<p>C. Perolari<\/p>\n<p>16<\/p>\n<p>17<\/p>\n<p>M. Casadei<\/p>\n<p>15<\/p>\n<p>18<\/p>\n<p>F. Farioli<\/p>\n<p>14<\/p>\n<p>19<\/p>\n<p>A. Giombini<\/p>\n<p>13<\/p>\n<p>20<\/p>\n<p>O. Vostatek<\/p>\n<p>9<\/p>\n<p>21<\/p>\n<p>F. Caricasulo<\/p>\n<p>9<\/p>\n<p>22<\/p>\n<p>J. Whatley<\/p>\n<p>9<\/p>\n<p>23<\/p>\n<p>X. Cardelus<\/p>\n<p>2<\/p>\n<p>WorldSPB Race Two<br \/>\nFleerackers wins the last-lap brawl<br \/>Thompson finishes in the lead group<\/p>\n<p>World Sportbike again delivered the closest finish of the day. Ferre Fleerackers took his first class victory by 0.097s from Matteo Vannucci, with Jeffrey Buis only another 0.113s back in third. David Salvador finished fourth, Kas Beekmans fifth and Xavi Artigas sixth, with just 1.078s covering the top six after 12 laps. For Fleerackers and Track &amp; Trades Wixx Racing it completed a particularly strong Assen, the Belgian following Saturday\u2019s fastest lap and Sunday pole-equivalent grid slot with the first win of his WorldSPB campaign.<\/p>\n<p><a href=\"https:\/\/www.mcnews.com.au\/wp-content\/uploads\/2026\/04\/2026-WorldSBK-Rnd3-Assen-Sunday-Sportbike-Finish.jpg\" rel=\"nofollow noopener\" target=\"_blank\"><img loading=\"lazy\" decoding=\"async\" class=\"size-large wp-image-570334\" src=\"https:\/\/www.newsbeep.com\/au\/wp-content\/uploads\/2026\/04\/2026-WorldSBK-Rnd3-Assen-Sunday-Sportbike-Finish-1024x588.jpg\" alt=\"\" width=\"1024\" height=\"588\"  \/><\/a>WorldSPB Finish<br \/>\nFerre Fleerackers \u2013 P1<\/p>\n<p>\u201cI made a really strong start from pole position and stayed at the front early on. When Jeffrey passed me a few riders followed him so I focused on getting back to the front as quickly as possible. I learned from yesterday that it\u2019s not ideal to be leading in the final corners, so I tried to position myself as best as possible for the last lap. It worked perfectly in the end and it\u2019s amazing to take my first win in only the second round of the Championship. It\u2019s also special because this is the closest race to home for me and I have a lot of friends and family here. To be on the podium together with Jeffrey here in Assen is something really special.\u201d<\/p>\n<p><a href=\"https:\/\/www.mcnews.com.au\/wp-content\/uploads\/2026\/04\/2026-WorldSBK-Rnd3-Assen-Sunday-Sportbike-Podium.jpg\" rel=\"nofollow noopener\" target=\"_blank\"><img loading=\"lazy\" decoding=\"async\" class=\"size-large wp-image-570335\" src=\"https:\/\/www.newsbeep.com\/au\/wp-content\/uploads\/2026\/04\/2026-WorldSBK-Rnd3-Assen-Sunday-Sportbike-Podium-1024x623.jpg\" alt=\"\" width=\"1024\" height=\"623\"  \/><\/a>WorldSPB Podium<br \/>\nLead keeps changing all race<\/p>\n<p>The lap-leader chart tells the story of how unsettled the race remained. Buis led the opening lap, Fleerackers then controlled laps two and three, Buis resumed on laps four and five, Fleerackers led again on lap six, Buis took lap seven, Fleerackers was back ahead for laps eight and nine, Vannucci led lap 10, Buis led lap 11, and Fleerackers took the only lap that truly mattered \u2014 the last one. That matched the series summary, which described Fleerackers moving from third to first on the final lap, making his decisive move at Turn 14 before holding firm to the flag.<\/p>\n<p>Aprilia gets a first podium, Kove keeps moving<\/p>\n<p>Vannucci\u2019s second place gave Aprilia its first podium in the class, another useful sign of how broad the category remains in terms of competitive machinery. Salvador\u2019s fourth kept Kawasaki at the front of the championship, Beekmans kept Suzuki strongly represented in fifth, and Artigas made it three Kawasakis in the top six. Benat Fernandez missed the top 10 in 11th, but his 1m42.190s on lap four stood as a new race fastest lap record and showed again that Kove\u2019s pace ceiling is rising even if the results are still catching up.<\/p>\n<p>Thompson far closer to the win than the result sheet might first suggest<\/p>\n<p>Carter Thompson finished ninth, but only 2.031s from the win and 0.095s behind Loris Veneman in eighth. That again underlined how tight the class remains and how firmly the Australian is now operating well inside the front group rather than on its edge, but appears to be held back a little as the Yamaha looks a little down on grunt compared to the opposition. It will be interesting to see how the balancing measures by organisers are amended as the season progresses.<\/p>\n<p>Championship chase<\/p>\n<p>Salvador leaves Assen still leading the standings on 69 points, with Buis second on 64 and Fleerackers up to third on 59. Kawasaki heads Suzuki by seven in the manufacturers\u2019 standings.<\/p>\n<p>WorldSPB Race Two Results<\/p>\n<p><img loading=\"lazy\" decoding=\"async\" class=\"aligncenter wp-image-559754\" src=\"https:\/\/www.newsbeep.com\/au\/wp-content\/uploads\/2026\/01\/Superbike_World_Championship_logo_2022.svg-300x50.png\" alt=\"\" width=\"211\" height=\"35\"  \/><\/p>\n<p>Pos<\/p>\n<p>Rider<\/p>\n<p>Bike<\/p>\n<p>Time\/Gap<\/p>\n<p>Speed<\/p>\n<p>1<\/p>\n<p>F. Fleerackers<\/p>\n<p>Suz<\/p>\n<p>\u00a020m44.185<\/p>\n<p>229.3Km\/h<\/p>\n<p>2<\/p>\n<p>M. Vannucci<\/p>\n<p>Apr<\/p>\n<p>+0.097<\/p>\n<p>226.4Km\/h<\/p>\n<p>3<\/p>\n<p>J. Buis<\/p>\n<p>Suz<\/p>\n<p>+0.210<\/p>\n<p>233.3Km\/h<\/p>\n<p>4<\/p>\n<p>D. Salvador<\/p>\n<p>Kaw<\/p>\n<p>+0.398<\/p>\n<p>224.5Km\/h<\/p>\n<p>5<\/p>\n<p>K. Beekmans<\/p>\n<p>Suz<\/p>\n<p>+0.555<\/p>\n<p>228.8Km\/h<\/p>\n<p>6<\/p>\n<p>X. Artigas<\/p>\n<p>Kaw<\/p>\n<p>+1.078<\/p>\n<p>226.9Km\/h<\/p>\n<p>7<\/p>\n<p>B. Ieraci<\/p>\n<p>Tri<\/p>\n<p>+1.891<\/p>\n<p>225.9Km\/h<\/p>\n<p>8<\/p>\n<p>L. Veneman<\/p>\n<p>Kaw<\/p>\n<p>+1.936<\/p>\n<p>228.3Km\/h<\/p>\n<p>9<\/p>\n<p>C. Thompson<\/p>\n<p>Yam<\/p>\n<p>+2.031<\/p>\n<p>229.3Km\/h<\/p>\n<p>10<\/p>\n<p>A. Torres<\/p>\n<p>Kaw<\/p>\n<p>+2.136<\/p>\n<p>230.8Km\/h<\/p>\n<p>11<\/p>\n<p>B. Fernandez<\/p>\n<p>Kov<\/p>\n<p>+2.225<\/p>\n<p>228.8Km\/h<\/p>\n<p>12<\/p>\n<p>M. Gaggi<\/p>\n<p>Yam<\/p>\n<p>+2.591<\/p>\n<p>229.3Km\/h<\/p>\n<p>13<\/p>\n<p>H. Dessoy<\/p>\n<p>Tri<\/p>\n<p>+11.745<\/p>\n<p>232.3Km\/h<\/p>\n<p>14<\/p>\n<p>E. Bartolini<\/p>\n<p>Tri<\/p>\n<p>+15.414<\/p>\n<p>228.3Km\/h<\/p>\n<p>15<\/p>\n<p>M. Gennai<\/p>\n<p>Yam<\/p>\n<p>+15.456<\/p>\n<p>227.4Km\/h<\/p>\n<p>16<\/p>\n<p>J. Correa<\/p>\n<p>Kaw<\/p>\n<p>+15.491<\/p>\n<p>227.4Km\/h<\/p>\n<p>17<\/p>\n<p>J. Osuna<\/p>\n<p>Kaw<\/p>\n<p>+15.731<\/p>\n<p>224.5Km\/h<\/p>\n<p>18<\/p>\n<p>H. Maier<\/p>\n<p>Yam<\/p>\n<p>+18.842<\/p>\n<p>224.1Km\/h<\/p>\n<p>19<\/p>\n<p>G. Sanchez<\/p>\n<p>Yam<\/p>\n<p>+19.057<\/p>\n<p>229.3Km\/h<\/p>\n<p>20<\/p>\n<p>P. Tonn<\/p>\n<p>Kov<\/p>\n<p>+19.100<\/p>\n<p>231.3Km\/h<\/p>\n<p>21<\/p>\n<p>T. Aksu<\/p>\n<p>Yam<\/p>\n<p>+19.532<\/p>\n<p>227.8Km\/h<\/p>\n<p>22<\/p>\n<p>J. Risueno<\/p>\n<p>Kaw<\/p>\n<p>+19.767<\/p>\n<p>228.3Km\/h<\/p>\n<p>23<\/p>\n<p>A. Fuertes<\/p>\n<p>Kaw<\/p>\n<p>+21.948<\/p>\n<p>225.9Km\/h<\/p>\n<p>24<\/p>\n<p>I. Peristeras<\/p>\n<p>Apr<\/p>\n<p>+22.117<\/p>\n<p>227.8Km\/h<\/p>\n<p>25<\/p>\n<p>F. Seabright<\/p>\n<p>Tri<\/p>\n<p>+23.282<\/p>\n<p>229.8Km\/h<\/p>\n<p>26<\/p>\n<p>A. Di Persio<\/p>\n<p>Yam<\/p>\n<p>+24.674<\/p>\n<p>228.3Km\/h<\/p>\n<p>27<\/p>\n<p>A. Agaska<\/p>\n<p>Yam<\/p>\n<p>+25.555<\/p>\n<p>227.8Km\/h<\/p>\n<p>28<\/p>\n<p>T. Benetti<\/p>\n<p>Apr<\/p>\n<p>+28.781<\/p>\n<p>222.7Km\/h<\/p>\n<p>29<\/p>\n<p>I. Schunselaar<\/p>\n<p>Yam<\/p>\n<p>+37.824<\/p>\n<p>227.8Km\/h<\/p>\n<p>30<\/p>\n<p>T. Sovicka<\/p>\n<p>Yam<\/p>\n<p>+47.469<\/p>\n<p>225.9Km\/h<\/p>\n<p>Not Classified<\/p>\n<p>RET<\/p>\n<p>M. Sorrenti<\/p>\n<p>Apr<\/p>\n<p>7 Laps<\/p>\n<p>222.7Km\/h<\/p>\n<p>RET<\/p>\n<p>T. Alonso<\/p>\n<p>Yam<\/p>\n<p>9 Laps<\/p>\n<p>222.2Km\/h<\/p>\n<p>RET<\/p>\n<p>G. Cazard<\/p>\n<p>Yam<\/p>\n<p>DNF<\/p>\n<p>226.9Km\/h<\/p>\n<p>NS<\/p>\n<p>F. Mulya<\/p>\n<p>Yam<\/p>\n<p>DNS<\/p>\n<p>225.0Km\/h<\/p>\n<p>WorldSPB Championship Points<\/p>\n<p><img loading=\"lazy\" decoding=\"async\" class=\"aligncenter wp-image-559754\" src=\"https:\/\/www.newsbeep.com\/au\/wp-content\/uploads\/2026\/01\/Superbike_World_Championship_logo_2022.svg-300x50.png\" alt=\"\" width=\"211\" height=\"35\"  \/><\/p>\n<p>Pos<\/p>\n<p>Rider<\/p>\n<p>Points<\/p>\n<p>1<\/p>\n<p>D. Salvador<\/p>\n<p>69<\/p>\n<p>2<\/p>\n<p>J. Buis<\/p>\n<p>64<\/p>\n<p>3<\/p>\n<p>F. Fleerackers<\/p>\n<p>59<\/p>\n<p>4<\/p>\n<p>X. Artigas<\/p>\n<p>54<\/p>\n<p>5<\/p>\n<p>A. Torres<\/p>\n<p>53<\/p>\n<p>6<\/p>\n<p>M. Vannucci<\/p>\n<p>41<\/p>\n<p>7<\/p>\n<p>L. Veneman<\/p>\n<p>40<\/p>\n<p>8<\/p>\n<p>B. Ieraci<\/p>\n<p>35<\/p>\n<p>9<\/p>\n<p>E. Bartolini<\/p>\n<p>22<\/p>\n<p>10<\/p>\n<p>K. Beekmans<\/p>\n<p>19<\/p>\n<p>11<\/p>\n<p>D. Poncet<\/p>\n<p>18<\/p>\n<p>12<\/p>\n<p>C. Thompson<\/p>\n<p>16<\/p>\n<p>13<\/p>\n<p>M. Gaggi<\/p>\n<p>16<\/p>\n<p>14<\/p>\n<p>A. Fuertes<\/p>\n<p>13<\/p>\n<p>15<\/p>\n<p>B. Fernandez<\/p>\n<p>12<\/p>\n<p>16<\/p>\n<p>H. Dessoy<\/p>\n<p>7<\/p>\n<p>17<\/p>\n<p>M. Gennai<\/p>\n<p>6<\/p>\n<p>18<\/p>\n<p>A. Di Persio<\/p>\n<p>5<\/p>\n<p>19<\/p>\n<p>J. Osuna<\/p>\n<p>4<\/p>\n<p>20<\/p>\n<p>T. Benetti<\/p>\n<p>3<\/p>\n<p>21<\/p>\n<p>M. Sorrenti<\/p>\n<p>2<\/p>\n<p>22<\/p>\n<p>G. Sanchez<\/p>\n<p>1<\/p>\n<p>23<\/p>\n<p>J. Risueno<\/p>\n<p>1<\/p>\n<p>WorldWCR Race Two<br \/>\nNeila beats Herrera in the last chicane<\/p>\n<p>WorldWCR again revolved around Maria Herrera and Beatriz Neila, but this time Neila came away with the win. Starting from pole for Race 2, she finally broke through for her first victory of the season by passing Herrera in the last chicane and taking the flag by 0.170s. The official lap chart shows just how late it was decided: Herrera led laps one to four, Neila briefly got through on lap five, Herrera resumed control from lap six through lap 11, and Neila only reclaimed the lead on the final lap. Her 1m47.132s on lap 11 also set a new race fastest-lap record.<\/p>\n<p><a href=\"https:\/\/www.mcnews.com.au\/wp-content\/uploads\/2026\/04\/2026-WorldSBK-Rnd3-Assen-Sunday-WCR-William-Joly.jpg\" rel=\"nofollow noopener\" target=\"_blank\"><img loading=\"lazy\" decoding=\"async\" class=\"size-large wp-image-570337\" src=\"https:\/\/www.newsbeep.com\/au\/wp-content\/uploads\/2026\/04\/2026-WorldSBK-Rnd3-Assen-Sunday-WCR-William-Joly-1024x635.jpg\" alt=\"\" width=\"1024\" height=\"635\"  \/><\/a>WorldWCR Race Two Start<br \/>\nBeatriz Neila \u2013 P1<\/p>\n<p>\u201cIt was a little bit difficult today as it started to rain mid-race. I started the season with some issues and so to win today really means a lot. I feel like I have the flow and am more confident and relaxed in my riding. When it started to rain, I thought maybe I should be a bit more careful but, in the end, I went for the win. I studied Maria to see where I could pass, but she kept closing the door through the final corner. I waited patiently for my moment and was able to get it done right at the very end. I had no clue if I could make it stick and if I\u2019d finish first or second! So, I\u2019m very happy with the result, and this win goes to all my supporters.\u201d<\/p>\n<p>Maria Herrera \u2013 P2<\/p>\n<p>\u201cThe points we\u2019ve taken today are very important. It was difficult in the rain, but I wanted to push and try to build a gap. I did that together with Beatriz, who was very quick in certain sectors. I think I managed the race well, just not the last corner! But I\u2019m very happy with the result anyway. I came into the round with an injury and so didn\u2019t expect to be fastest right from the start. I\u2019m happy to leave here with good points, but the championship is long, so we need to keep working.\u201d<\/p>\n<p><a href=\"https:\/\/www.mcnews.com.au\/wp-content\/uploads\/2026\/04\/2026-WorldSBK-Rnd3-Assen-Sunday-WCR-William-Joly-2.jpg\" rel=\"nofollow noopener\" target=\"_blank\"><img loading=\"lazy\" decoding=\"async\" class=\"size-large wp-image-570336\" src=\"https:\/\/www.newsbeep.com\/au\/wp-content\/uploads\/2026\/04\/2026-WorldSBK-Rnd3-Assen-Sunday-WCR-William-Joly-2-1024x440.jpg\" alt=\"\" width=\"1024\" height=\"440\"  \/><\/a>WorldWCR Race Two<br \/>\nBoudesseul cashes in, Ponziani stays solid<\/p>\n<p>Behind the leading pair, Lucie Boudesseul produced one of the better rides of the race to climb from seventh on the grid to finish third, scoring her first podium of the season.<\/p>\n<p>Lucie Boudesseul \u2013 P3<\/p>\n<p>\u201cThe race today was crazy with the rain. After the crash in Race 1, I had a plan in my mind that I wanted to lead the group and build a gap, and that\u2019s exactly what I did. So, I\u2019m happy to be back on the podium, my first top three of the year. I lost a lot of points between crashing at Portimao and again yesterday, so the podium gives me solid points but also gives me the confidence to know I can do it again!\u201d<\/p>\n<p>Roberta Ponziani backed up Saturday\u2019s third with fourth, Muklada Sarapuech repeated her fifth place from Race 1, and Chloe Jones ended another strong weekend in sixth. Cerpa recovered from Saturday\u2019s penalty-hit race to finish seventh, while Pakita Ruiz and Mallory Dobbs completed the top 10.<\/p>\n<p>Relph rides through the pain, Ramos cannot start<\/p>\n<p>From an Australian point of view, the key story was Tayla Relph even making the grid. After Saturday\u2019s heavy Turn 1 crash and the left ankle and foot contusions it left behind, Relph gritted her teeth and came through to eighth, only 0.042s behind Cerpa and just 17.495s off the winner in a race where the top two were on a different pace to the rest. It was a determined ride in the circumstances.<\/p>\n<p>The flip side came for Paola Ramos, who had been one of the weekend\u2019s sharper contenders but was ruled unfit after the hand injury she sustained in Saturday\u2019s crash.<\/p>\n<p>Herrera still leads, but Neila has finally struck back<\/p>\n<p>Although Neila got the Sunday win, Herrera still leaves Assen with the championship advantage. She now has 90 points to Neila\u2019s 77, with Ponziani third on 52, Ramos fourth on 45 and Sarapuech fifth on 34.<\/p>\n<p>Relph is just outside the top ten, but this season shows the pace to progress towards regular podium challenges, with the potential for a championship top-five if things go her way.<\/p>\n<p>WorldWCR Race Two Results<\/p>\n<p><img loading=\"lazy\" decoding=\"async\" class=\"aligncenter wp-image-559754\" src=\"https:\/\/www.newsbeep.com\/au\/wp-content\/uploads\/2026\/01\/Superbike_World_Championship_logo_2022.svg-300x50.png\" alt=\"\" width=\"211\" height=\"35\"  \/><\/p>\n<p>Pos<\/p>\n<p>Rider<\/p>\n<p>Bike<\/p>\n<p>Time\/Gap<\/p>\n<p>Speed<\/p>\n<p>1<\/p>\n<p>B. Neila<\/p>\n<p>Yam<\/p>\n<p>21m49.169<\/p>\n<p>201.9Km\/h<\/p>\n<p>2<\/p>\n<p>M. Herrera<\/p>\n<p>Yam<\/p>\n<p>+0.170<\/p>\n<p>202.2Km\/h<\/p>\n<p>3<\/p>\n<p>L. Boudesseul<\/p>\n<p>Yam<\/p>\n<p>+9.538<\/p>\n<p>205.3Km\/h<\/p>\n<p>4<\/p>\n<p>R. Ponziani<\/p>\n<p>Yam<\/p>\n<p>+16.773<\/p>\n<p>206.1Km\/h<\/p>\n<p>5<\/p>\n<p>M. Sarapuech<\/p>\n<p>Yam<\/p>\n<p>+17.249<\/p>\n<p>206.1Km\/h<\/p>\n<p>6<\/p>\n<p>C. Jones<\/p>\n<p>Yam<\/p>\n<p>+17.351<\/p>\n<p>210.5Km\/h<\/p>\n<p>7<\/p>\n<p>Y. Cerpa<\/p>\n<p>Yam<\/p>\n<p>+17.453<\/p>\n<p>208.5Km\/h<\/p>\n<p>8<\/p>\n<p>T. Relph<\/p>\n<p>Yam<\/p>\n<p>+17.495<\/p>\n<p>208.9Km\/h<\/p>\n<p>9<\/p>\n<p>P. Ruiz<\/p>\n<p>Yam<\/p>\n<p>+17.567<\/p>\n<p>204.2Km\/h<\/p>\n<p>10<\/p>\n<p>M. Dobbs<\/p>\n<p>Yam<\/p>\n<p>+17.661<\/p>\n<p>206.5Km\/h<\/p>\n<p>11<\/p>\n<p>N. Rivera<\/p>\n<p>Yam<\/p>\n<p>+29.754<\/p>\n<p>204.5Km\/h<\/p>\n<p>12<\/p>\n<p>A. Madrigal<\/p>\n<p>Yam<\/p>\n<p>+29.855<\/p>\n<p>206.9Km\/h<\/p>\n<p>13<\/p>\n<p>S. Sanchez<\/p>\n<p>Yam<\/p>\n<p>+30.134<\/p>\n<p>204.9Km\/h<\/p>\n<p>14<\/p>\n<p>D. Dal Zotto<\/p>\n<p>Yam<\/p>\n<p>+39.908<\/p>\n<p>202.6Km\/h<\/p>\n<p>15<\/p>\n<p>E. Bondi<\/p>\n<p>Yam<\/p>\n<p>+40.000<\/p>\n<p>206.1Km\/h<\/p>\n<p>16<\/p>\n<p>M. Guarino<\/p>\n<p>Yam<\/p>\n<p>+40.585<\/p>\n<p>206.1Km\/h<\/p>\n<p>17<\/p>\n<p>L. Vieillard<\/p>\n<p>Yam<\/p>\n<p>+40.901<\/p>\n<p>202.6Km\/h<\/p>\n<p>18<\/p>\n<p>I. Carreno<\/p>\n<p>Yam<\/p>\n<p>+41.095<\/p>\n<p>209.7Km\/h<\/p>\n<p>19<\/p>\n<p>A. Barale<\/p>\n<p>Yam<\/p>\n<p>+41.102<\/p>\n<p>206.5Km\/h<\/p>\n<p>20<\/p>\n<p>A. Ourednickova<\/p>\n<p>Yam<\/p>\n<p>+41.850<\/p>\n<p>208.5Km\/h<\/p>\n<p>21<\/p>\n<p>P. Sowa<\/p>\n<p>Yam<\/p>\n<p>+42.313<\/p>\n<p>206.9Km\/h<\/p>\n<p>22<\/p>\n<p>B. Scheffer<\/p>\n<p>Yam<\/p>\n<p>+49.997<\/p>\n<p>207.3Km\/h<\/p>\n<p>23<\/p>\n<p>K. Hand<\/p>\n<p>Yam<\/p>\n<p>+50.162<\/p>\n<p>207.3Km\/h<\/p>\n<p>24<\/p>\n<p>K. Danak<\/p>\n<p>Yam<\/p>\n<p>+58.803<\/p>\n<p>206.9Km\/h<\/p>\n<p>25<\/p>\n<p>L. Michel<\/p>\n<p>Yam<\/p>\n<p>1 Lap<\/p>\n<p>205.7Km\/h<\/p>\n<p>WorldWCR Championship Points<\/p>\n<p><img loading=\"lazy\" decoding=\"async\" class=\"aligncenter wp-image-559754\" src=\"https:\/\/www.newsbeep.com\/au\/wp-content\/uploads\/2026\/01\/Superbike_World_Championship_logo_2022.svg-300x50.png\" alt=\"\" width=\"211\" height=\"35\"  \/><\/p>\n<p>Pos<\/p>\n<p>Rider<\/p>\n<p>Points<\/p>\n<p>1<\/p>\n<p>M. Herrera<\/p>\n<p>90<\/p>\n<p>2<\/p>\n<p>B. Neila<\/p>\n<p>77<\/p>\n<p>3<\/p>\n<p>R. Ponziani<\/p>\n<p>52<\/p>\n<p>4<\/p>\n<p>P. Ramos<\/p>\n<p>45<\/p>\n<p>5<\/p>\n<p>M. Sarapuech<\/p>\n<p>34<\/p>\n<p>6<\/p>\n<p>N. Rivera<\/p>\n<p>32<\/p>\n<p>7<\/p>\n<p>L. Boudesseul<\/p>\n<p>29<\/p>\n<p>8<\/p>\n<p>C. Jones<\/p>\n<p>28<\/p>\n<p>9<\/p>\n<p>P. Ruiz<\/p>\n<p>27<\/p>\n<p>10<\/p>\n<p>Y. Cerpa<\/p>\n<p>26<\/p>\n<p>11<\/p>\n<p>T. Relph<\/p>\n<p>22<\/p>\n<p>12<\/p>\n<p>S. Sanchez<\/p>\n<p>20<\/p>\n<p>13<\/p>\n<p>A. Madrigal<\/p>\n<p>18<\/p>\n<p>14<\/p>\n<p>K. Danak<\/p>\n<p>14<\/p>\n<p>15<\/p>\n<p>D. Dal Zotto<\/p>\n<p>8<\/p>\n<p>16<\/p>\n<p>A. Barale<\/p>\n<p>7<\/p>\n<p>17<\/p>\n<p>L. Vieillard<\/p>\n<p>7<\/p>\n<p>18<\/p>\n<p>M. Dobbs<\/p>\n<p>6<\/p>\n<p>19<\/p>\n<p>I. Carreno<\/p>\n<p>6<\/p>\n<p>20<\/p>\n<p>P. Sowa<\/p>\n<p>4<\/p>\n<p>21<\/p>\n<p>L. Michel<\/p>\n<p>3<\/p>\n<p>22<\/p>\n<p>K. Hand<\/p>\n<p>2<\/p>\n<p>23<\/p>\n<p>A. Ourednickova<\/p>\n<p>2<\/p>\n<p>24<\/p>\n<p>E. Bondi<\/p>\n<p>1<\/p>\n<p>2026 Motul FIM Superbike World Championship calendar<\/p>\n<p><img loading=\"lazy\" decoding=\"async\" class=\"aligncenter wp-image-559754\" src=\"https:\/\/www.newsbeep.com\/au\/wp-content\/uploads\/2026\/01\/Superbike_World_Championship_logo_2022.svg-300x50.png\" alt=\"\" width=\"211\" height=\"35\"  \/><\/p>\n<p>\u2026\u2026Date\u2026\u2026.<\/p>\n<p>Country<\/p>\n<p>Circuit<\/p>\n<p>WorldSBK<\/p>\n<p>WorldSSP<\/p>\n<p>WorldSPB<\/p>\n<p>20-22 Feb<\/p>\n<p>AUS<\/p>\n<p>Phillip Island GP<\/p>\n<p>X<\/p>\n<p>X<\/p>\n<p>27-29 Mar<\/p>\n<p>POR<\/p>\n<p>Portimao<\/p>\n<p>X<\/p>\n<p>X<\/p>\n<p>X<\/p>\n<p>17-19 Apr<\/p>\n<p>NED<\/p>\n<p>TT Assen<\/p>\n<p>X<\/p>\n<p>X<\/p>\n<p>X<\/p>\n<p>1-3 May<\/p>\n<p>HUN<\/p>\n<p>Balaton Park<\/p>\n<p>X<\/p>\n<p>X<\/p>\n<p>15-17 May<\/p>\n<p>CZE<\/p>\n<p>Most<\/p>\n<p>X<\/p>\n<p>X<\/p>\n<p>X<\/p>\n<p>29-31 May<\/p>\n<p>ESP<\/p>\n<p>MotorLand Aragon<\/p>\n<p>X<\/p>\n<p>X<\/p>\n<p>X<\/p>\n<p>12-14 Jun<\/p>\n<p>ITA<\/p>\n<p>Misano \u2013 Marco Simoncelli<\/p>\n<p>X<\/p>\n<p>X<\/p>\n<p>X<\/p>\n<p>10-12 Jul<\/p>\n<p>UK<\/p>\n<p>Donington Park<\/p>\n<p>X<\/p>\n<p>X<\/p>\n<p>4-6 Sep<\/p>\n<p>FRA<\/p>\n<p>Nevers Magny-Cours<\/p>\n<p>X<\/p>\n<p>X<\/p>\n<p>X<\/p>\n<p>25-27 Sep<\/p>\n<p>ITA<\/p>\n<p>Cremona<\/p>\n<p>X<\/p>\n<p>X<\/p>\n<p>X<\/p>\n<p>9-11 Oct<\/p>\n<p>POR<\/p>\n<p>Estoril<\/p>\n<p>X<\/p>\n<p>X<\/p>\n<p>16-18 Oct<\/p>\n<p>ESP<\/p>\n<p>Jerez \u2013 Angel Nieto*<\/p>\n<p>X<\/p>\n<p>X<\/p>\n<p>X<\/p>\n<p>2026 World Superbike Championship Entry List<\/p>\n<p><img loading=\"lazy\" decoding=\"async\" class=\"aligncenter wp-image-559754\" src=\"https:\/\/www.newsbeep.com\/au\/wp-content\/uploads\/2026\/01\/Superbike_World_Championship_logo_2022.svg-300x50.png\" alt=\"\" width=\"211\" height=\"35\"  \/><\/p>\n<p>Rider<\/p>\n<p>Bike<\/p>\n<p>Team<\/p>\n<p>I.Lecuona<\/p>\n<p>Duc<\/p>\n<p>Aruba.It Ducati<\/p>\n<p>N.Bulega<\/p>\n<p>Duc<\/p>\n<p>Aruba.It Ducati<\/p>\n<p>D.Petrucci<\/p>\n<p>BMW<\/p>\n<p>ROKiT BMW Motorrad<\/p>\n<p>M.Oliveira<\/p>\n<p>BMW<\/p>\n<p>ROKiT BMW Motorrad<\/p>\n<p>A.Locatelli<\/p>\n<p>Yam<\/p>\n<p>Pata Maxus Yamaha<\/p>\n<p>X.Vierge<\/p>\n<p>Yam<\/p>\n<p>Pata Maxus Yamaha<\/p>\n<p>Y.Montella<\/p>\n<p>Duc<\/p>\n<p>Barni Spark<\/p>\n<p>A.Bautista<\/p>\n<p>Duc<\/p>\n<p>Barni Spark<\/p>\n<p>A.Lowes<\/p>\n<p>Bim<\/p>\n<p>bimota by Kawasaki<\/p>\n<p>A.Bassani<\/p>\n<p>Bim<\/p>\n<p>bimota by Kawasaki<\/p>\n<p>S.Chantra<\/p>\n<p>Hon<\/p>\n<p>Honda HRC<\/p>\n<p>J.Dixon<\/p>\n<p>Hon<\/p>\n<p>Honda HRC<\/p>\n<p>S.Manzi<\/p>\n<p>Yam<\/p>\n<p>GYTR GRT Yamaha<\/p>\n<p>R.Gardner<\/p>\n<p>Yam<\/p>\n<p>GYTR GRT Yamaha<\/p>\n<p>S.Lowes<\/p>\n<p>Duc<\/p>\n<p>ELF Marc VDS<\/p>\n<p>L.Baldassarri<\/p>\n<p>Duc<\/p>\n<p>Goeleven<\/p>\n<p>T.Mackenzie<\/p>\n<p>Duc<\/p>\n<p>MGM Racing<\/p>\n<p>G.Gerloff<\/p>\n<p>Kaw<\/p>\n<p>Kawasaki WorldSBK<\/p>\n<p>A.Surra<\/p>\n<p>Duc<\/p>\n<p>Motocorsa<\/p>\n<p>M.Rato<\/p>\n<p>Yam<\/p>\n<p>Motoxracing<\/p>\n<p>B.Sofuoglu<\/p>\n<p>Yam<\/p>\n<p>Motoxracing<\/p>\n<p>A.Iannone<\/p>\n<p>Duc<\/p>\n<p>Cainam Racing<\/p>\n","protected":false},"excerpt":{"rendered":"Round Three \u2013 Assen \u2013 Sunday Sunday at TT Circuit Assen began with the 10-lap WorldSBK Superpole Race&hellip;\n","protected":false},"author":2,"featured_media":618281,"comment_status":"","ping_status":"","sticky":false,"template":"","format":"standard","meta":{"footnotes":""},"categories":[572],"tags":[262932,64,63,299754,299755,17197,299756,806,805,803,804,6909,299757,299758,133658,85,299759,225021,299760,299761,299762],"class_list":{"0":"post-618280","1":"post","2":"type-post","3":"status-publish","4":"format-standard","5":"has-post-thumbnail","7":"category-motosport","8":"tag-assen","9":"tag-au","10":"tag-australia","11":"tag-beatriz-neila","12":"tag-carter-thompson","13":"tag-ducati","14":"tag-ferre-fleerackers","15":"tag-motor","16":"tag-motor-sports","17":"tag-motosport","18":"tag-motosports","19":"tag-nicolo-bulega","20":"tag-oli-bayliss","21":"tag-philipp-oettl","22":"tag-remy-gardner","23":"tag-sports","24":"tag-tayla-relph","25":"tag-worldsbk","26":"tag-worldspb","27":"tag-worldssp","28":"tag-worldwcr"},"_links":{"self":[{"href":"https:\/\/www.newsbeep.com\/au\/wp-json\/wp\/v2\/posts\/618280","targetHints":{"allow":["GET"]}}],"collection":[{"href":"https:\/\/www.newsbeep.com\/au\/wp-json\/wp\/v2\/posts"}],"about":[{"href":"https:\/\/www.newsbeep.com\/au\/wp-json\/wp\/v2\/types\/post"}],"author":[{"embeddable":true,"href":"https:\/\/www.newsbeep.com\/au\/wp-json\/wp\/v2\/users\/2"}],"replies":[{"embeddable":true,"href":"https:\/\/www.newsbeep.com\/au\/wp-json\/wp\/v2\/comments?post=618280"}],"version-history":[{"count":0,"href":"https:\/\/www.newsbeep.com\/au\/wp-json\/wp\/v2\/posts\/618280\/revisions"}],"wp:featuredmedia":[{"embeddable":true,"href":"https:\/\/www.newsbeep.com\/au\/wp-json\/wp\/v2\/media\/618281"}],"wp:attachment":[{"href":"https:\/\/www.newsbeep.com\/au\/wp-json\/wp\/v2\/media?parent=618280"}],"wp:term":[{"taxonomy":"category","embeddable":true,"href":"https:\/\/www.newsbeep.com\/au\/wp-json\/wp\/v2\/categories?post=618280"},{"taxonomy":"post_tag","embeddable":true,"href":"https:\/\/www.newsbeep.com\/au\/wp-json\/wp\/v2\/tags?post=618280"}],"curies":[{"name":"wp","href":"https:\/\/api.w.org\/{rel}","templated":true}]}}