{"id":620111,"date":"2026-04-20T22:53:12","date_gmt":"2026-04-20T22:53:12","guid":{"rendered":"https:\/\/www.newsbeep.com\/au\/620111\/"},"modified":"2026-04-20T22:53:12","modified_gmt":"2026-04-20T22:53:12","slug":"man-united-enter-the-race-for-the-hottest-prospect-in-world-football-red-devils-prepare-34m-bid-in-attempt-to-beat-man-city-and-barcelona-to-brazilian-wonderkid-eduardo-conceicao","status":"publish","type":"post","link":"https:\/\/www.newsbeep.com\/au\/620111\/","title":{"rendered":"Man United enter the race for the hottest prospect in world football: Red Devils prepare \u00a334m bid in attempt to beat Man City and Barcelona to Brazilian wonderkid Eduardo Concei\u00e7ao"},"content":{"rendered":"<p class=\"mol-para-with-font\"><a style=\"font-weight: bold;\" target=\"_self\" href=\"https:\/\/www.dailymail.co.uk\/sport\/manchester-united\/index.html\" id=\"mol-634e97c0-3d02-11f1-ad55-4fd367b3dd43\" rel=\"nofollow noopener\">Manchester United<\/a> are preparing an official bid worth \u20ac40 million (\u00a334m) in fixed terms for Palmeiras prodigy Eduardo Concei\u00e7\u00e3o, with bonuses still to be defined.<\/p>\n<p class=\"mol-para-with-font\">The move represents a significant escalation in the race for the 16-year-old, who has become one of the most sought-after prospects in South American football.<\/p>\n<p class=\"mol-para-with-font\">The English club have already initiated contacts and are now working to formalise their proposal, entering a dispute that already includes <a style=\"font-weight: bold;\" target=\"_self\" href=\"https:\/\/www.dailymail.co.uk\/sport\/manchester-city\/index.html\" id=\"mol-634f5b10-3d02-11f1-ad55-4fd367b3dd43\" rel=\"nofollow noopener\">Manchester City<\/a> and <a style=\"font-weight: bold;\" target=\"_self\" href=\"https:\/\/www.dailymail.co.uk\/sport\/fc-barcelona\/index.html\" id=\"mol-6352b670-3d02-11f1-ad55-4fd367b3dd43\" rel=\"nofollow noopener\">Barcelona<\/a>. Both clubs remain in advanced stages of talks as competition for the teenager intensifies.<\/p>\n<p class=\"mol-para-with-font\">Palmeiras, however, are holding out for a higher fee. The club\u2019s expectation is to reach at least \u20ac40 million (\u00a334m), potentially rising with add-ons, although a final decision may depend on other transfer movements in the squad.<\/p>\n<p class=\"mol-para-with-font\">An offer from Newcastle, worth \u20ac25 million (\u00a321.5m) plus \u20ac15 million (\u00a312.9m) in bonuses, has already been rejected.<\/p>\n<p class=\"mol-para-with-font\">One of the key factors is the future of midfielder Allan, 22, who is a regular starter under Abel Ferreira and one of the team\u2019s most trusted players following a strong 2025 season.<\/p>\n<p>   <img decoding=\"async\" id=\"i-8f6329667a9ba3b0\" src=\"https:\/\/www.newsbeep.com\/au\/wp-content\/uploads\/2026\/04\/108030697-15750141-image-a-2_1776721631873.jpg\" height=\"448\" width=\"634\" alt=\"Manchester United are preparing a \u00a334million bid for wonderkid\u00a0Eduardo Concei\u00e7ao\" class=\"blkBorder img-share\" style=\"max-width:100%\" loading=\"lazy\" \/>   <\/p>\n<p class=\"imageCaption\">Manchester United are preparing a \u00a334million bid for wonderkid\u00a0Eduardo Concei\u00e7ao<\/p>\n<p>   <img decoding=\"async\" id=\"i-92b828bd09fa9136\" src=\"https:\/\/www.newsbeep.com\/au\/wp-content\/uploads\/2026\/04\/108030699-15750141-image-a-3_1776721648881.jpg\" height=\"423\" width=\"634\" alt=\"The teenager is subject of widespread interest from European football's top clubs\" class=\"blkBorder img-share\" style=\"max-width:100%\" loading=\"lazy\" \/>   <\/p>\n<p class=\"imageCaption\">The teenager is subject of widespread interest from European football&#8217;s top clubs<\/p>\n<p class=\"mol-para-with-font\">Napoli recently saw a \u20ac35 million (\u00a330m) bid turned down, and a potential sale could directly impact Palmeiras\u2019 stance on Concei\u00e7\u00e3o, with the club more inclined to wait if Allan departs.<\/p>\n<p class=\"mol-para-with-font\">Manchester City remain one of the most aggressive suitors and have already positioned themselves strongly in negotiations, while Barcelona have also stepped up their interest.<\/p>\n<p class=\"mol-para-with-font\">The Catalan club could hold an advantageous position due to the pull of their sporting director Deco, who has held direct contact with Jo\u00e3o Paulo Sampaio, Palmeiras\u2019 academy co-ordinator, as part of their approach.\u00a0<\/p>\n<p class=\"mol-para-with-font\">Paris Saint-Germain are also monitoring the situation, adopting a more cautious strategy while observing how negotiations evolve.<\/p>\n<p class=\"mol-para-with-font\">Meanwhile, Concei\u00e7\u00e3o\u2019s representatives have met with several European clubs, and his family has travelled across countries including England and France to assess potential destinations.<\/p>\n<p class=\"mol-para-with-font\">Concei\u00e7\u00e3o is represented by DSA Sports, the agency led by Adriano Ribeiro, alongside Douglas Sousa, who is Endrick\u2019s father.<\/p>\n<p class=\"mol-para-with-font\">The player\u2019s camp is expected to weigh both financial terms and sporting projects before making a decision.<\/p>\n<p>   <img decoding=\"async\" id=\"i-397f7dbd5de305df\" src=\"https:\/\/www.newsbeep.com\/au\/wp-content\/uploads\/2026\/04\/108030729-15750141-image-a-4_1776721700476.jpg\" height=\"476\" width=\"634\" alt=\"United are looking to strengthen this summer as they aim to return to the Champions League\" class=\"blkBorder img-share\" style=\"max-width:100%\" loading=\"lazy\" \/>   <\/p>\n<p class=\"imageCaption\">United are looking to strengthen this summer as they aim to return to the Champions League<\/p>\n<p>   <img decoding=\"async\" id=\"i-9be47c662e8fe15a\" src=\"https:\/\/www.newsbeep.com\/au\/wp-content\/uploads\/2026\/04\/108030761-15750141-image-a-5_1776721739964.jpg\" height=\"423\" width=\"634\" alt=\"Manchester City, Barcelona, PSG and Napoli are also in the hunt for the Brazilian wonderkid\" class=\"blkBorder img-share\" style=\"max-width:100%\" loading=\"lazy\" \/>   <\/p>\n<p class=\"imageCaption\">Manchester City, Barcelona, PSG and Napoli are also in the hunt for the Brazilian wonderkid<\/p>\n<p class=\"mol-para-with-font\">He recently featured for Brazil at the South American Under-17 Championship in Paraguay, where he wore the No 10 shirt. Concei\u00e7\u00e3o recorded two goals and two assists in five matches as Brazil finished third in the competition, and the expectation is that he will now begin integrating with Palmeiras\u2019 first team in order to gain minutes and experience at senior level.<\/p>\n<p class=\"mol-para-with-font\">At 16 years and just over four months old, Concei\u00e7\u00e3o can become the third-youngest player to ever feature for Palmeiras, behind only Endrick (16 years and two months) and Rodrigo Taddei (16 years and three months), and ahead of names such as Est\u00eav\u00e3o, who debuted at 16 years and eight months.<\/p>\n<p class=\"mol-para-with-font\">Within Palmeiras, Concei\u00e7\u00e3o is regarded as a unique talent with a different development curve compared to recent stars. Youth co-ordinator Jo\u00e3o Paulo Sampaio said:<\/p>\n<p class=\"mol-para-with-font\">\u201cEndrick and Est\u00eav\u00e3o always had the spotlight from the age of 11. Eduardo is only getting that attention now \u2014 and we don\u2019t know where he can go, which is a good doubt.\u201d<\/p>\n<p class=\"mol-para-with-font\">Former Palmeiras Under-20 coach and current Brazil Under-20 assistant Lucas Andrade offered further insight into the player\u2019s profile.<\/p>\n<p class=\"mol-para-with-font\">\u201cEduardo has the profile of a ball-carrying attacking midfielder. He can also play on the left, but his best performances come centrally, as a No 10. He is a dribbler who can break lines both with runs and vertical passes.\u201d<\/p>\n<p class=\"mol-para-with-font\">\u201cHe has the characteristics for the Premier League. He combines technical quality with physical strength, speed and the ability to deal with contact, which is essential in such an intense league.\u201d<\/p>\n","protected":false},"excerpt":{"rendered":"Manchester United are preparing an official bid worth \u20ac40 million (\u00a334m) in fixed terms for Palmeiras prodigy Eduardo&hellip;\n","protected":false},"author":2,"featured_media":620112,"comment_status":"","ping_status":"","sticky":false,"template":"","format":"standard","meta":{"footnotes":""},"categories":[563],"tags":[64,63,937,100,596,588,85],"class_list":{"0":"post-620111","1":"post","2":"type-post","3":"status-publish","4":"format-standard","5":"has-post-thumbnail","7":"category-football","8":"tag-au","9":"tag-australia","10":"tag-barcelona","11":"tag-dailymail","12":"tag-football","13":"tag-sport","14":"tag-sports"},"_links":{"self":[{"href":"https:\/\/www.newsbeep.com\/au\/wp-json\/wp\/v2\/posts\/620111","targetHints":{"allow":["GET"]}}],"collection":[{"href":"https:\/\/www.newsbeep.com\/au\/wp-json\/wp\/v2\/posts"}],"about":[{"href":"https:\/\/www.newsbeep.com\/au\/wp-json\/wp\/v2\/types\/post"}],"author":[{"embeddable":true,"href":"https:\/\/www.newsbeep.com\/au\/wp-json\/wp\/v2\/users\/2"}],"replies":[{"embeddable":true,"href":"https:\/\/www.newsbeep.com\/au\/wp-json\/wp\/v2\/comments?post=620111"}],"version-history":[{"count":0,"href":"https:\/\/www.newsbeep.com\/au\/wp-json\/wp\/v2\/posts\/620111\/revisions"}],"wp:featuredmedia":[{"embeddable":true,"href":"https:\/\/www.newsbeep.com\/au\/wp-json\/wp\/v2\/media\/620112"}],"wp:attachment":[{"href":"https:\/\/www.newsbeep.com\/au\/wp-json\/wp\/v2\/media?parent=620111"}],"wp:term":[{"taxonomy":"category","embeddable":true,"href":"https:\/\/www.newsbeep.com\/au\/wp-json\/wp\/v2\/categories?post=620111"},{"taxonomy":"post_tag","embeddable":true,"href":"https:\/\/www.newsbeep.com\/au\/wp-json\/wp\/v2\/tags?post=620111"}],"curies":[{"name":"wp","href":"https:\/\/api.w.org\/{rel}","templated":true}]}}