{"id":621827,"date":"2026-04-21T17:28:11","date_gmt":"2026-04-21T17:28:11","guid":{"rendered":"https:\/\/www.newsbeep.com\/au\/621827\/"},"modified":"2026-04-21T17:28:11","modified_gmt":"2026-04-21T17:28:11","slug":"ufc-star-offers-to-replace-derrick-lewis-fight-josh-hokit-on-ufc-white-house-card","status":"publish","type":"post","link":"https:\/\/www.newsbeep.com\/au\/621827\/","title":{"rendered":"UFC Star Offers to Replace Derrick Lewis &#038; Fight Josh Hokit on UFC White House Card"},"content":{"rendered":"<p id=\"inline-text-0\" class=\"mt-[18px] md:mt-0 mb-[18px] [&amp;_a]:text-secondary my-f-1.5\" q:key=\"0\" q:id=\"4y\">Coming off arguably the biggest win of his career, Paulo Costa has offered to jump up another weight class and fight on the upcoming UFC White House card.<\/p>\n<p id=\"inline-text-1\" class=\"my-[18px] [&amp;_a]:text-secondary my-f-1.5\" q:key=\"0\" q:id=\"51\">A former middleweight title challenger, Costa moved up to the light heavyweight division at UFC 327 to take on top-ranked contender Azamat Murzakanov in the co-main event slot before <a href=\"https:\/\/www.si.com\/fannation\/mma\/news\/ufc-champion-carlos-ulberg-undergoes-surgery-brutal-injury-diagnosis\" target=\"_blank\" rel=\"nofollow noopener\">the card\u2019s headlining title bout between Carlos Ulberg and Ji\u0159\u00ed Proch\u00e1zka.<\/a><\/p>\n<p id=\"inline-text-2\" class=\"my-[18px] [&amp;_a]:text-secondary my-f-1.5\" q:key=\"0\" q:id=\"54\">Coming into the night as an underdog to the undefeated Murzakanov, Costa put on an impressive showing and <a href=\"https:\/\/www.si.com\/fannation\/mma\/news\/ufc-327-jiri-prochazka-vs-carlos-ulberg-free-live-stream-results-highlights\" target=\"_blank\" rel=\"nofollow noopener\">handed \u201cThe Professional\u201d the first loss of his caree<\/a>r via TKO-stoppage in the third round. <\/p>\n<p>Paulo Costa Targets Heavyweight Fight On UFC White House Card<\/p>\n<p id=\"inline-text-4\" class=\"my-[18px] [&amp;_a]:text-secondary my-f-1.5\" q:key=\"0\" q:id=\"5a\">Costa now finds himself ranked at #7 in the light heavyweight division, but he\u2019s apparently already eyeing a potential jump up to heavyweight if there are any issues with the scheduled \u201cUFC Freedom 250\u201d fight between Derrick Lewis and Josh Hokit. <\/p>\n<p lang=\"en\" dir=\"ltr\">I just let ufc knows if Derek Lewis gets out his fight for some reason I will step in at White House as heavyweight . No bullshit , ain\u2019t lying.<\/p>\n<p>\u2014 Paulo Costa (@BorrachinhaMMA) <a href=\"https:\/\/twitter.com\/BorrachinhaMMA\/status\/2046291424946393506?ref_src=twsrc%5Etfw\" rel=\"nofollow noopener\" target=\"_blank\">April 20, 2026<\/a><\/p>\n<p id=\"inline-text-6\" class=\"my-[18px] [&amp;_a]:text-secondary my-f-1.5\" q:key=\"0\" q:id=\"5g\">&#8220;I just let ufc knows if Derek Lewis gets out his fight for some reason I will step in at White House as heavyweight . No bulls*** , ain\u2019t lying.&#8221;<\/p>\n<p id=\"inline-text-7\" class=\"my-[18px] [&amp;_a]:text-secondary my-f-1.5\" q:key=\"0\" q:id=\"5j\">Hokit competed one fight before Costa on the UFC 327 main card and extended his undefeated record to 9-0 with a unanimous decision over Curtis Blaydes. The bloody war took home \u201cFight of the Night\u201d honors at UFC 327 and is arguably the current frontrunner for \u201cFight of the Year\u201d in 2026. <\/p>\n<p><img loading=\"lazy\" decoding=\"async\" src=\"https:\/\/www.newsbeep.com\/au\/wp-content\/uploads\/2026\/04\/01kprcjkn1qj69efncb6.jpg\" alt=\"Josh Hokit (blue gloves) reacts after the fight against Curtis Blaydes (red gloves) during UFC 327 at Kaseya Center.\" title=\"Josh Hokit (blue gloves) reacts after the fight against Curtis Blaydes (red gloves) during UFC 327 at Kaseya Center.\" width=\"5719\" height=\"3812\" class=\"undefined w-full w-full blur-[5px]\" q:id=\"5t\"\/><\/p>\n<p>Josh Hokit (blue gloves) reacts after the fight against Curtis Blaydes (red gloves) during UFC 327 at Kaseya Center. | Sam Navarro-Imagn Images<\/p>\n<p id=\"inline-text-9\" class=\"my-[18px] [&amp;_a]:text-secondary my-f-1.5\" q:key=\"0\" q:id=\"5x\">The win over perennial top contender Blaydes <a href=\"https:\/\/www.si.com\/fannation\/mma\/news\/josh-hokit-just-made-a-massive-move-in-ufc-heavyweight-rankings\" target=\"_blank\" rel=\"nofollow noopener\">vaulted Hokit into the heavyweight rankings <\/a>after just three UFC appearances, and \u201cThe Incredible Hok\u201d <a href=\"https:\/\/www.si.com\/fannation\/mma\/news\/dana-white-beefs-up-ufc-freedom-250-after-wild-ufc-327-heavyweight-fight\" target=\"_blank\" rel=\"nofollow noopener\">was almost immediately booked to meet Lewis<\/a> at The White House on June 14. <\/p>\n<p>Should Paulo Costa Replace &#8220;The Black Beast&#8221; And Fight Josh Hokit?<\/p>\n<p id=\"inline-text-11\" class=\"my-[18px] [&amp;_a]:text-secondary my-f-1.5\" q:key=\"0\" q:id=\"63\">Following his initial post, Costa made it clear that his offer to step in at \u201cUFC Freedom 250\u201d only applies to a matchup with Hokit, and the Brazilian even suggested that the UFC find a different opponent for Lewis. <\/p>\n<p lang=\"en\" dir=\"ltr\">Right now, I think practically all the fans would like to see how I, who was perhaps the biggest middleweight in history, would fare against Hokit in the Heavyweight division without cutting any weight at the White House. wouldn&#8217;t be surprised if I came in heavier than him. If\u2026<\/p>\n<p>\u2014 Paulo Costa (@BorrachinhaMMA) <a href=\"https:\/\/twitter.com\/BorrachinhaMMA\/status\/2046357599981916653?ref_src=twsrc%5Etfw\" rel=\"nofollow noopener\" target=\"_blank\">April 20, 2026<\/a><\/p>\n<p id=\"inline-text-13\" class=\"my-[18px] [&amp;_a]:text-secondary my-f-1.5\" q:key=\"0\" q:id=\"69\">&#8220;Right now, I think practically all the fans would like to see how I, who was perhaps the biggest middleweight in history, would fare against Hokit in the Heavyweight division without cutting any weight at the White House. wouldn&#8217;t be surprised if I came in heavier than him. If Trump still wants Derick there , book him with somebody else .&#8221;<\/p>\n<p><img loading=\"lazy\" decoding=\"async\" src=\"https:\/\/www.newsbeep.com\/au\/wp-content\/uploads\/2026\/04\/01kprch1wbk3nvgf7nt4.jpg\" alt=\"Derrick Lewis (red gloves) fights Rodrigo Nascimento (blue gloves) during UFC Fight Night at Enterprise Center.\" title=\"Derrick Lewis (red gloves) fights Rodrigo Nascimento (blue gloves) during UFC Fight Night at Enterprise Center.\" width=\"8247\" height=\"5498\" class=\"undefined w-full w-full blur-[5px]\" q:id=\"6j\"\/><\/p>\n<p>Derrick Lewis (red gloves) fights Rodrigo Nascimento (blue gloves) during UFC Fight Night at Enterprise Center. | Jeff Le-Imagn Images<\/p>\n<p id=\"inline-text-15\" class=\"my-[18px] [&amp;_a]:text-secondary my-f-1.5\" q:key=\"0\" q:id=\"6n\">The UFC\u2019s all-time leader in knockouts, Lewis currently sits at #9 in the official UFC heavyweight rankings. The former title challenger added to his record number of knockout victories <a href=\"https:\/\/www.si.com\/fannation\/mma\/news\/ufc-knockout-king-derrick-lewis-kickboxing-rico-verhoeven-ufc-324-fight\" target=\"_blank\" rel=\"nofollow noopener\">by stopping Rodrigo Nascimento and Tallison Teixeira<\/a> in 2024 and 2025, but in his most recent outing at UFC 324 the 41-year-old was stopped in the second round by Waldo Cortes-Acosta. <\/p>\n<p><img loading=\"lazy\" decoding=\"async\" src=\"https:\/\/www.newsbeep.com\/au\/wp-content\/uploads\/2026\/04\/01kprcdk8hr9j5cdm5qh.jpg\" alt=\"Paulo Costa (blue gloves) reacts after defeating Azamat Murzakanov (red gloves) during UFC 327 at Kaseya Center.\" title=\"Paulo Costa (blue gloves) reacts after defeating Azamat Murzakanov (red gloves) during UFC 327 at Kaseya Center.\" width=\"5174\" height=\"3449\" class=\"undefined w-full w-full blur-[5px]\" q:id=\"6x\"\/><\/p>\n<p>Paulo Costa (blue gloves) reacts after defeating Azamat Murzakanov (red gloves) during UFC 327 at Kaseya Center. | Sam Navarro-Imagn Images<\/p>\n<p id=\"inline-text-17\" class=\"my-[18px] [&amp;_a]:text-secondary my-f-1.5\" q:key=\"0\" q:id=\"71\">The UFC\u2019s <a href=\"https:\/\/www.si.com\/fannation\/mma\/ufc-reveals-fights-for-historic-white-house-card\" target=\"_blank\" rel=\"nofollow noopener\">initial announcement for \u201cUFC Freedom 250\u201d featured six fights<\/a>, and it was reportedly only due to a request from Donald Trump that Lewis vs. Hokit was added to the event. It seems unlikely that the promotion will pull Lewis from that matchup in order to add an eighth fight to the card, but Costa does appear ready and willing to step in if \u201cThe Black Beast\u201d is unable to enter the Octagon on June 14. <\/p>\n<p><img loading=\"lazy\" decoding=\"async\" width=\"22\" height=\"22\" alt=\"\" src=\"https:\/\/assets.minutemediacdn.com\/platform\/google_discover_icon.svg\" class=\"shrink-0\"\/>Add us as a preferred source on Google<a aria-label=\"Follow si.com on Google News\" href=\"https:\/\/www.google.com\/preferences\/source?q=si.com\" target=\"_blank\" rel=\"noopener noreferrer nofollow\" class=\"flex h-[30px] w-[30px] shrink-0 items-center justify-center rounded-full bg-primary font-group-large text-sm font-medium text-white transition-colors hover:bg-secondary focus:bg-secondary md:w-auto md:gap-2.5 md:px-4 md:py-[5px]\">Follow<\/a><script async src=\"https:\/\/platform.twitter.com\/widgets.js\" charset=\"utf-8\"><\/script><\/p>\n","protected":false},"excerpt":{"rendered":"Coming off arguably the biggest win of his career, Paulo Costa has offered to jump up another weight&hellip;\n","protected":false},"author":2,"featured_media":621828,"comment_status":"","ping_status":"","sticky":false,"template":"","format":"standard","meta":{"footnotes":""},"categories":[570],"tags":[64,63,786,785,85],"class_list":{"0":"post-621827","1":"post","2":"type-post","3":"status-publish","4":"format-standard","5":"has-post-thumbnail","7":"category-mma","8":"tag-au","9":"tag-australia","10":"tag-fighting","11":"tag-mma","12":"tag-sports"},"_links":{"self":[{"href":"https:\/\/www.newsbeep.com\/au\/wp-json\/wp\/v2\/posts\/621827","targetHints":{"allow":["GET"]}}],"collection":[{"href":"https:\/\/www.newsbeep.com\/au\/wp-json\/wp\/v2\/posts"}],"about":[{"href":"https:\/\/www.newsbeep.com\/au\/wp-json\/wp\/v2\/types\/post"}],"author":[{"embeddable":true,"href":"https:\/\/www.newsbeep.com\/au\/wp-json\/wp\/v2\/users\/2"}],"replies":[{"embeddable":true,"href":"https:\/\/www.newsbeep.com\/au\/wp-json\/wp\/v2\/comments?post=621827"}],"version-history":[{"count":0,"href":"https:\/\/www.newsbeep.com\/au\/wp-json\/wp\/v2\/posts\/621827\/revisions"}],"wp:featuredmedia":[{"embeddable":true,"href":"https:\/\/www.newsbeep.com\/au\/wp-json\/wp\/v2\/media\/621828"}],"wp:attachment":[{"href":"https:\/\/www.newsbeep.com\/au\/wp-json\/wp\/v2\/media?parent=621827"}],"wp:term":[{"taxonomy":"category","embeddable":true,"href":"https:\/\/www.newsbeep.com\/au\/wp-json\/wp\/v2\/categories?post=621827"},{"taxonomy":"post_tag","embeddable":true,"href":"https:\/\/www.newsbeep.com\/au\/wp-json\/wp\/v2\/tags?post=621827"}],"curies":[{"name":"wp","href":"https:\/\/api.w.org\/{rel}","templated":true}]}}