{"id":625961,"date":"2026-04-23T15:23:08","date_gmt":"2026-04-23T15:23:08","guid":{"rendered":"https:\/\/www.newsbeep.com\/au\/625961\/"},"modified":"2026-04-23T15:23:08","modified_gmt":"2026-04-23T15:23:08","slug":"bayer-leverkusen-starke-worte-von-mark-flekken-ich-bin-ein-beispiel-fur-unser-problem-sport","status":"publish","type":"post","link":"https:\/\/www.newsbeep.com\/au\/625961\/","title":{"rendered":"Bayer Leverkusen: Starke Worte von Mark Flekken: \u201eIch bin ein Beispiel f\u00fcr unser Problem!\u201c | Sport"},"content":{"rendered":"<p><a class=\"skip-content skip-content--link\" href=\"#in-content-skip-link-target-v-0-0\">TTS-Player \u00fcberspringen\u21b5<\/a><a id=\"in-content-skip-link-target-v-0-0\" class=\"skip-content--target-link-hidden skip-content skip-content--target-link\" href=\"#in-content-skip-link-target-v-0-0\">Artikel weiterlesen<\/a><\/p>\n<p>Leverkusen \u2013 Wenn es bei Bayer Leverkusen einen Gewinner der 0:2-Niederlage gegen den FC Bayern im Pokal-Halbfinale gab, dann Torwart Mark Flekken (32). Mit acht starken Paraden verhinderte der Niederl\u00e4nder eine weitaus h\u00f6here Pleite. \u201eIch konnte die Mannschaft lange im Spiel halten. Aber in der letzten Sekunde war es dann doch zu viel\u201c, sagte Flekken zum Treffer von Luis Diaz (29).<\/p>\n<p>Flekken hatte zuletzt viel Kritik einstecken m\u00fcssen. Gegen die Bayern konnte er endlich wieder beweisen, warum <a href=\"https:\/\/www.bild.de\/sport\/fussball\/bayer-leverkusen\/startseite-leverkusen-31074446.bild.html\" class=\"text-link\" rel=\"nofollow noopener\" target=\"_blank\">Leverkusen<\/a> im vergangenen Sommer 12 Mio. Euro Abl\u00f6se an Brentford gezahlt hat. \u201eWir haben verloren, deshalb kann es nicht mein bestes Spiel gewesen sein\u201c, meinte Flekken bei Sky, \u201emein bestes Spiel war bei Manchester City, da haben wir gewonnen.\u201c In der Ligaphase der Champions League gewann Bayer ausw\u00e4rts 2:0, einer der Saisonh\u00f6hepunkte.<\/p>\n<p>Starke Worte von Bayer-Torwart Flekken<\/p>\n<p>Bei ESPN gab Flekken (BILD-Note 1) nach dem Bayern-Spiel ein bemerkenswertes Interview. Darin \u00e4u\u00dferte er sich selbstkritisch  \u00fcber seine Leistungen: \u201eAuch ich bin ein richtiges Beispiel f\u00fcr unser Problem in dieser Saison. Meine Leistungen waren auch nicht konstant. Ich hatte einige gute Spiele, aber auch einige schlechte. Und auf einer so wichtigen Position, mit der Verantwortung, die ein Torh\u00fcter hat, braucht man jemanden mit konstant guten Leistungen. Es muss keine 10 von 10 in jedem Spiel sein, auch keine 8 von 10. Aber im Schnitt immer eine 6,5 oder 7 \u00fcber die gesamte Saison, dann bist du ein sehr guter Torwart. Und das ist etwas, das in dieser Saison gefehlt hat.\u201c<\/p>\n<p>Nach dem Pokal-Aus gilt der volle Fokus dem <a href=\"https:\/\/www.bild.de\/sport\/fussball\/bundesliga\/bundesliga-startseite-52368768.bild.html\" class=\"text-link\" rel=\"nofollow noopener\" target=\"_blank\">Bundesliga<\/a>-Endspurt. Flekken meinte bei Sky: \u201eWir haben noch vier sauwichtige Spiele. Ziel Nummer 1 ist die Champions League f\u00fcr die n\u00e4chste Saison, das bleibt auch so. Ich will jetzt noch nicht von\u00a0einer Entt\u00e4uschung sprechen, denn so weit sind wir noch nicht.\u201c\u00a0<\/p>\n","protected":false},"excerpt":{"rendered":"TTS-Player \u00fcberspringen\u21b5Artikel weiterlesen Leverkusen \u2013 Wenn es bei Bayer Leverkusen einen Gewinner der 0:2-Niederlage gegen den FC Bayern&hellip;\n","protected":false},"author":2,"featured_media":625962,"comment_status":"","ping_status":"","sticky":false,"template":"","format":"standard","meta":{"footnotes":""},"categories":[563],"tags":[64,63,15418,303287,596,29475,303286,85,209633],"class_list":{"0":"post-625961","1":"post","2":"type-post","3":"status-publish","4":"format-standard","5":"has-post-thumbnail","7":"category-football","8":"tag-au","9":"tag-australia","10":"tag-bayer-leverkusen","11":"tag-dfb-pokal-halbfinale","12":"tag-football","13":"tag-harry-kane","14":"tag-sport-leuchtturm-essen","15":"tag-sports","16":"tag-texttospeech"},"_links":{"self":[{"href":"https:\/\/www.newsbeep.com\/au\/wp-json\/wp\/v2\/posts\/625961","targetHints":{"allow":["GET"]}}],"collection":[{"href":"https:\/\/www.newsbeep.com\/au\/wp-json\/wp\/v2\/posts"}],"about":[{"href":"https:\/\/www.newsbeep.com\/au\/wp-json\/wp\/v2\/types\/post"}],"author":[{"embeddable":true,"href":"https:\/\/www.newsbeep.com\/au\/wp-json\/wp\/v2\/users\/2"}],"replies":[{"embeddable":true,"href":"https:\/\/www.newsbeep.com\/au\/wp-json\/wp\/v2\/comments?post=625961"}],"version-history":[{"count":0,"href":"https:\/\/www.newsbeep.com\/au\/wp-json\/wp\/v2\/posts\/625961\/revisions"}],"wp:featuredmedia":[{"embeddable":true,"href":"https:\/\/www.newsbeep.com\/au\/wp-json\/wp\/v2\/media\/625962"}],"wp:attachment":[{"href":"https:\/\/www.newsbeep.com\/au\/wp-json\/wp\/v2\/media?parent=625961"}],"wp:term":[{"taxonomy":"category","embeddable":true,"href":"https:\/\/www.newsbeep.com\/au\/wp-json\/wp\/v2\/categories?post=625961"},{"taxonomy":"post_tag","embeddable":true,"href":"https:\/\/www.newsbeep.com\/au\/wp-json\/wp\/v2\/tags?post=625961"}],"curies":[{"name":"wp","href":"https:\/\/api.w.org\/{rel}","templated":true}]}}