{"id":630447,"date":"2026-04-25T18:14:09","date_gmt":"2026-04-25T18:14:09","guid":{"rendered":"https:\/\/www.newsbeep.com\/au\/630447\/"},"modified":"2026-04-25T18:14:09","modified_gmt":"2026-04-25T18:14:09","slug":"i-wouldnt-put-me-in-your-fantasy-team-tom-pidcock-looks-to-fly-under-the-radar-to-result-at-liege-bastogne-liege-but-hes-not-expecting-any-fireworks","status":"publish","type":"post","link":"https:\/\/www.newsbeep.com\/au\/630447\/","title":{"rendered":"&#8216;I wouldn&#8217;t put me in your fantasy team&#8217; \u2013 Tom Pidcock looks to fly under the radar to result at Li\u00e8ge-Bastogne-Li\u00e8ge but he&#8217;s &#8216;not expecting any fireworks&#8217;"},"content":{"rendered":"<p id=\"elk-09cc5f49-a59f-4af7-bb50-bf6f6734ad62\">Despite making it back in time from injury to start <a data-analytics-id=\"inline-link\" href=\"https:\/\/www.cyclingnews.com\/liege-bastogne-liege\/\" data-url=\"https:\/\/www.cyclingnews.com\/liege-bastogne-liege\/\" data-hl-processed=\"none\" data-mrf-recirculation=\"inline-link\" data-before-rewrite-localise=\"https:\/\/www.cyclingnews.com\/liege-bastogne-liege\/\" rel=\"nofollow noopener\" target=\"_blank\">Li\u00e8ge-Bastogne-Li\u00e8ge<\/a>, <a data-analytics-id=\"inline-link\" href=\"https:\/\/www.cyclingnews.com\/riders\/tom-pidcock\/\" data-url=\"https:\/\/www.cyclingnews.com\/riders\/tom-pidcock\/\" data-hl-processed=\"none\" data-mrf-recirculation=\"inline-link\" data-before-rewrite-localise=\"https:\/\/www.cyclingnews.com\/riders\/tom-pidcock\/\" rel=\"nofollow noopener\" target=\"_blank\">Tom Pidcock<\/a> (Pinarello-Q36.5) is hoping to &#8220;go under the radar&#8221; as an outsider during the Monument Classic, knowing full well that he&#8217;s still not back to his best shape.<\/p>\n<p>Having arrived in Belgium yesterday from his return to racing at the Tour of the Alps, where he took a stage win, Pidcock isn&#8217;t rating his chances too highly against <a data-analytics-id=\"inline-link\" href=\"https:\/\/www.cyclingnews.com\/pro-cycling\/racing\/the-big-four-and-the-rest-analysing-the-contenders-at-the-mens-liege-bastogne-liege\/\" data-url=\"https:\/\/www.cyclingnews.com\/pro-cycling\/racing\/the-big-four-and-the-rest-analysing-the-contenders-at-the-mens-liege-bastogne-liege\/\" data-hl-processed=\"none\" data-mrf-recirculation=\"inline-link\" data-before-rewrite-localise=\"https:\/\/www.cyclingnews.com\/pro-cycling\/racing\/the-big-four-and-the-rest-analysing-the-contenders-at-the-mens-liege-bastogne-liege\/\" rel=\"nofollow noopener\" target=\"_blank\">the three top favourites<\/a>, <a data-analytics-id=\"inline-link\" href=\"https:\/\/www.cyclingnews.com\/riders\/tadej-pogacar\/\" data-url=\"https:\/\/www.cyclingnews.com\/riders\/tadej-pogacar\/\" data-hl-processed=\"none\" data-mrf-recirculation=\"inline-link\" data-before-rewrite-localise=\"https:\/\/www.cyclingnews.com\/riders\/tadej-pogacar\/\" rel=\"nofollow noopener\" target=\"_blank\">Tadej Poga\u010dar<\/a> (UAE Team Emirates-XRG), Remco Evenepoel (Red Bull-Bora-Hansgrohe) and Paul Seixas (Decathlon CMA CGM).<\/p>\n<p><a id=\"elk-seasonal\"\/><\/p>\n<p id=\"elk-09cc5f49-a59f-4af7-bb50-bf6f6734ad62-2\">&#8220;I think, like every year, there&#8217;s one guy that everyone is looking at, there&#8217;s two guys who are quite close, and then I think I&#8217;m not really counting on my shape being that amazing,&#8221; said Pidcock at the team presentation in Li\u00e8ge&#8217;s Place Saint-Lambert on the eve of the race.<\/p>\n<p>Article continues below <\/p>\n<p>            You may like<\/p>\n<p class=\"paywall\" aria-hidden=\"true\">&#8220;I&#8217;m going to try to hide and see what I can do. Everyone wants to try and be in the race, and the race will happen on La Redoute most likely; it&#8217;s just about the legs for who will follow.&#8221;<\/p>\n<p class=\"paywall\" aria-hidden=\"true\">Pidcock has finished in the top 10 of the past three editions of La Doyenne and was second behind Evenepoel in 2023, but he reiterated the same realism when it came to his chances of victory as he came through the mixed zone.<\/p>\n<p>Asked if he was the hidden favourite for Li\u00e8ge by <a data-analytics-id=\"inline-link\" href=\"https:\/\/sporza.be\/nl\/2026\/04\/25\/-zet-mij-maar-niet-in-je-ploeg-tom-pidcock-blijft-liever-uit-beeld-in-luik~1777124649548\/\" target=\"_blank\" data-url=\"https:\/\/sporza.be\/nl\/2026\/04\/25\/-zet-mij-maar-niet-in-je-ploeg-tom-pidcock-blijft-liever-uit-beeld-in-luik~1777124649548\/\" referrerpolicy=\"no-referrer-when-downgrade\" data-hl-processed=\"none\" data-mrf-recirculation=\"inline-link\" rel=\"nofollow noopener\">Sporza<\/a>, Pidcock laughed and said, &#8220;No, I don&#8217;t think so.&#8221;<\/p>\n<p class=\"paywall\" aria-hidden=\"true\">&#8220;I made the best of the situation in the Alps, that&#8217;s for sure. Tomorrow I&#8217;m going to be trying to stay under the radar; hopefully, you don&#8217;t see me, and then maybe I&#8217;ll get a result in the end. But tomorrow, I think everything will show. I don&#8217;t feel really my best, but I will see what I can do.&#8221;<\/p>\n<p class=\"newsletter-form__strapline\">The latest race content, interviews, features, reviews and expert buying guides, direct to your inbox!<\/p>\n<p class=\"paywall\" aria-hidden=\"true\">Pidcock&#8217;s mood has been positive, perhaps knowing that with his current condition, still only a month on from <a data-analytics-id=\"inline-link\" href=\"https:\/\/www.cyclingnews.com\/pro-cycling\/safety\/today-i-lost-a-life-for-sure-tom-pidcock-ok-after-crashing-into-a-ravine-in-the-volta-a-catalunya-out-of-sight-of-race\/\" data-url=\"https:\/\/www.cyclingnews.com\/pro-cycling\/safety\/today-i-lost-a-life-for-sure-tom-pidcock-ok-after-crashing-into-a-ravine-in-the-volta-a-catalunya-out-of-sight-of-race\/\" data-hl-processed=\"none\" data-mrf-recirculation=\"inline-link\" data-before-rewrite-localise=\"https:\/\/www.cyclingnews.com\/pro-cycling\/safety\/today-i-lost-a-life-for-sure-tom-pidcock-ok-after-crashing-into-a-ravine-in-the-volta-a-catalunya-out-of-sight-of-race\/\" rel=\"nofollow noopener\" target=\"_blank\">his horror crash into a ravine at the Volta a Catalunya<\/a>, he shouldn&#8217;t expect too much of himself, nor is there excess pressure to perform.<\/p>\n<p class=\"paywall\" aria-hidden=\"true\">Still asked to give a percentage chance of victory for the 260km Ardennes Classic, Pidcock smiled again and said, &#8220;Not very big, I wouldn&#8217;t bet on me. I wouldn&#8217;t put me in your fantasy team for tomorrow.&#8221;<\/p>\n<p class=\"paywall\" aria-hidden=\"true\">Even if a podium isn&#8217;t reachable on Sunday, Pidcock has noted the importance of getting back to racing after suffering a knee injury in northern Spain, with the chances of racing between now and his return to the Tour de France running out.<\/p>\n<p>            What to read next<\/p>\n<p class=\"paywall\" aria-hidden=\"true\">His improvement was steady throughout the <a data-analytics-id=\"inline-link\" href=\"https:\/\/www.cyclingnews.com\/tour-of-the-alps\/\" data-url=\"https:\/\/www.cyclingnews.com\/tour-of-the-alps\/\" data-hl-processed=\"none\" data-mrf-recirculation=\"inline-link\" data-before-rewrite-localise=\"https:\/\/www.cyclingnews.com\/tour-of-the-alps\/\" rel=\"nofollow noopener\" target=\"_blank\">Tour of the Alps<\/a>, which was clear, but he&#8217;s got a lot more <a data-analytics-id=\"inline-link\" href=\"https:\/\/www.cyclingnews.com\/tag\/performance\/\" data-auto-tag-linker=\"true\" data-url=\"https:\/\/www.cyclingnews.com\/tag\/performance\/\" data-hl-processed=\"none\" data-mrf-recirculation=\"inline-link\" data-before-rewrite-localise=\"https:\/\/www.cyclingnews.com\/tag\/performance\/\" rel=\"nofollow noopener\" target=\"_blank\">performance<\/a> to eke out before the Grand D\u00e9part in Barcelona, and racing against the very best in Li\u00e8ge should play a role in getting back to firing on all cylinders again.<\/p>\n<p>&#8220;Every day I&#8217;ve been getting better. It was tough getting back into racing with so much time off the bike and so little time training again. I can be daily positive tomorrow \u2013 I&#8217;m not expecting any fireworks \u2013 but hopefully just no explosions out the back,&#8221; he told <a data-analytics-id=\"inline-link\" href=\"https:\/\/youtu.be\/gIfJbWdBRfM?si=lUUppzKXGnkcwRtA\" target=\"_blank\" data-url=\"https:\/\/youtu.be\/gIfJbWdBRfM?si=lUUppzKXGnkcwRtA\" referrerpolicy=\"no-referrer-when-downgrade\" data-hl-processed=\"none\" data-mrf-recirculation=\"inline-link\" rel=\"nofollow noopener\">CyclingProNet<\/a>.<\/p>\n<p class=\"paywall\" aria-hidden=\"true\">He did say there is &#8220;no chance,&#8221; he&#8217;s back to his pre-crash shape ahead of Catalunya, &#8220;But I think it&#8217;s a positive that I&#8217;m already on the start line here, so I&#8217;ll just see what I can get out of the race tomorrow.&#8221;<\/p>\n<p>&#8220;This was the big last goal of the first part of the season, so I think also mentally, it&#8217;s nice that I&#8217;ve been able to keep \u2013 OK it&#8217;s been a bit interrupted \u2013 but the same schedule. Now I can have a little time off and reset before preparing for the Tour de France. Otherwise, it would have been a long time until I next raced.&#8221;<\/p>\n<p id=\"elk-e04c3da5-3c88-4af5-8374-e60adf0a5a2f\">Get unlimited access to our unrivalled 2026 Spring Classics coverage with a Cyclingnews subscription. We&#8217;ll bring you breaking news, reports, and analysis from some of the biggest races on the calendar, including Amstel Gold Race, La Fl\u00e8che Wallonne, and Li\u00e8ge-Bastogne-Li\u00e8ge. <a data-analytics-id=\"inline-link\" href=\"https:\/\/www.cyclingnews.com\/sub24\/?utm_source=Referral+link&amp;utm_medium=Website&amp;utm_campaign=SC26\" target=\"_blank\" data-url=\"https:\/\/www.cyclingnews.com\/sub24\/?utm_source=Referral+link&amp;utm_medium=Website&amp;utm_campaign=SC26\" data-hl-processed=\"none\" data-mrf-recirculation=\"inline-link\" data-before-rewrite-localise=\"https:\/\/www.cyclingnews.com\/sub24\/?utm_source=Referral+link&amp;utm_medium=Website&amp;utm_campaign=SC26\" rel=\"nofollow noopener\">Find out more.<\/a><\/p>\n","protected":false},"excerpt":{"rendered":"Despite making it back in time from injury to start Li\u00e8ge-Bastogne-Li\u00e8ge, Tom Pidcock (Pinarello-Q36.5) is hoping to &#8220;go&hellip;\n","protected":false},"author":2,"featured_media":630448,"comment_status":"","ping_status":"","sticky":false,"template":"","format":"standard","meta":{"footnotes":""},"categories":[569],"tags":[64,63,784,85],"class_list":{"0":"post-630447","1":"post","2":"type-post","3":"status-publish","4":"format-standard","5":"has-post-thumbnail","7":"category-cycling","8":"tag-au","9":"tag-australia","10":"tag-cycling","11":"tag-sports"},"_links":{"self":[{"href":"https:\/\/www.newsbeep.com\/au\/wp-json\/wp\/v2\/posts\/630447","targetHints":{"allow":["GET"]}}],"collection":[{"href":"https:\/\/www.newsbeep.com\/au\/wp-json\/wp\/v2\/posts"}],"about":[{"href":"https:\/\/www.newsbeep.com\/au\/wp-json\/wp\/v2\/types\/post"}],"author":[{"embeddable":true,"href":"https:\/\/www.newsbeep.com\/au\/wp-json\/wp\/v2\/users\/2"}],"replies":[{"embeddable":true,"href":"https:\/\/www.newsbeep.com\/au\/wp-json\/wp\/v2\/comments?post=630447"}],"version-history":[{"count":0,"href":"https:\/\/www.newsbeep.com\/au\/wp-json\/wp\/v2\/posts\/630447\/revisions"}],"wp:featuredmedia":[{"embeddable":true,"href":"https:\/\/www.newsbeep.com\/au\/wp-json\/wp\/v2\/media\/630448"}],"wp:attachment":[{"href":"https:\/\/www.newsbeep.com\/au\/wp-json\/wp\/v2\/media?parent=630447"}],"wp:term":[{"taxonomy":"category","embeddable":true,"href":"https:\/\/www.newsbeep.com\/au\/wp-json\/wp\/v2\/categories?post=630447"},{"taxonomy":"post_tag","embeddable":true,"href":"https:\/\/www.newsbeep.com\/au\/wp-json\/wp\/v2\/tags?post=630447"}],"curies":[{"name":"wp","href":"https:\/\/api.w.org\/{rel}","templated":true}]}}