{"id":632340,"date":"2026-04-26T16:28:08","date_gmt":"2026-04-26T16:28:08","guid":{"rendered":"https:\/\/www.newsbeep.com\/au\/632340\/"},"modified":"2026-04-26T16:28:08","modified_gmt":"2026-04-26T16:28:08","slug":"if-i-tried-to-follow-i-would-completely-blow-up-remco-evenepoel-settles-for-third-unable-to-match-superstar-rivals-at-liege-bastogne-liege","status":"publish","type":"post","link":"https:\/\/www.newsbeep.com\/au\/632340\/","title":{"rendered":"&#8216;If I tried to follow, I would completely blow up&#8217; \u2013 Remco Evenepoel settles for third, unable to match superstar rivals at Li\u00e8ge-Bastogne-Li\u00e8ge"},"content":{"rendered":"<p id=\"elk-2e9b779e-82ce-462d-8479-8770c32f4c1b\"><a data-analytics-id=\"inline-link\" href=\"https:\/\/www.cyclingnews.com\/riders\/remco-evenepoel\/\" data-url=\"https:\/\/www.cyclingnews.com\/riders\/remco-evenepoel\/\" data-hl-processed=\"none\" data-mrf-recirculation=\"inline-link\" data-before-rewrite-localise=\"https:\/\/www.cyclingnews.com\/riders\/remco-evenepoel\/\" rel=\"nofollow noopener\" target=\"_blank\">Remco Evenepoel<\/a> admitted that he knew he would be dropped if he tried to follow Tadej Poga\u010dar&#8217;s searing attack on La Redoute during <a data-analytics-id=\"inline-link\" href=\"https:\/\/www.cyclingnews.com\/liege-bastogne-liege\/\" data-url=\"https:\/\/www.cyclingnews.com\/liege-bastogne-liege\/\" data-hl-processed=\"none\" data-mrf-recirculation=\"inline-link\" data-before-rewrite-localise=\"https:\/\/www.cyclingnews.com\/liege-bastogne-liege\/\" rel=\"nofollow noopener\" target=\"_blank\">Li\u00e8ge-Bastogne-Li\u00e8ge<\/a>, saying that where he eventually finished in third place was the &#8220;maximum&#8221; possible on Sunday.<\/p>\n<p>Unlike 12 months ago, when a lack of racing, having only just returned from injury, saw him enter the key Ardennes climb in terrible position and quickly get left behind by Poga\u010dar and the rest, Evenepoel was where he needed to be at the foot of Redoute in 2026.<\/p>\n<p><a id=\"elk-seasonal\"\/><\/p>\n<p id=\"elk-2e9b779e-82ce-462d-8479-8770c32f4c1b-2\">But as Beno\u00eet Cosnefroy started to wind up the final lead-out for UAE, Evenepoel was almost immediately gapped, and when the World Champion hit out for his <a data-analytics-id=\"inline-link\" href=\"https:\/\/www.cyclingnews.com\/pro-cycling\/racing\/liege-bastogne-liege-tadej-pogacar-drops-worthy-challenger-paul-seixas-with-searing-attack-on-cote-de-la-roche-aux-faucons-to-claim-fourth-la-doyenne-victory\/\" data-url=\"https:\/\/www.cyclingnews.com\/pro-cycling\/racing\/liege-bastogne-liege-tadej-pogacar-drops-worthy-challenger-paul-seixas-with-searing-attack-on-cote-de-la-roche-aux-faucons-to-claim-fourth-la-doyenne-victory\/\" data-hl-processed=\"none\" data-mrf-recirculation=\"inline-link\" data-before-rewrite-localise=\"https:\/\/www.cyclingnews.com\/pro-cycling\/racing\/liege-bastogne-liege-tadej-pogacar-drops-worthy-challenger-paul-seixas-with-searing-attack-on-cote-de-la-roche-aux-faucons-to-claim-fourth-la-doyenne-victory\/\" rel=\"nofollow noopener\" target=\"_blank\">third successive Li\u00e8ge win<\/a>, <a data-analytics-id=\"inline-link\" href=\"https:\/\/www.cyclingnews.com\/pro-cycling\/teams-riders\/i-was-already-preparing-to-sprint-because-he-was-so-strong-tadej-pogacar-almost-pushed-beyond-his-limit-by-paul-seixas-at-liege-bastogne-liege\/\" data-url=\"https:\/\/www.cyclingnews.com\/pro-cycling\/teams-riders\/i-was-already-preparing-to-sprint-because-he-was-so-strong-tadej-pogacar-almost-pushed-beyond-his-limit-by-paul-seixas-at-liege-bastogne-liege\/\" data-hl-processed=\"none\" data-mrf-recirculation=\"inline-link\" data-before-rewrite-localise=\"https:\/\/www.cyclingnews.com\/pro-cycling\/teams-riders\/i-was-already-preparing-to-sprint-because-he-was-so-strong-tadej-pogacar-almost-pushed-beyond-his-limit-by-paul-seixas-at-liege-bastogne-liege\/\" rel=\"nofollow noopener\" target=\"_blank\">only French super talent Paul Seixas was able to follow<\/a>.<\/p>\n<p>Article continues below <\/p>\n<p>            You may like<\/p>\n<p>&#8220;There was no problem with positioning when I went onto Redoute, it was better than it was last year \u2013 absolutely no doubt about that \u2013 but my legs did start to feel quite heavy,&#8221; said Evenepoel after the finish.<\/p>\n<p class=\"paywall\" aria-hidden=\"true\">&#8220;It was really fast from the bottom. I could feel that if I tried to follow, I would completely blow up, so it was a case to try and find a good rhythm, stay in the group, and try to ride to Roche-aux-Faucons with something still in the legs,&#8221; he added, speaking in the mixed zone to <a data-analytics-id=\"inline-link\" href=\"https:\/\/youtu.be\/IW4HntnGlZw?si=eox84vomOSL1mn-r\" target=\"_blank\" data-url=\"https:\/\/youtu.be\/IW4HntnGlZw?si=eox84vomOSL1mn-r\" referrerpolicy=\"no-referrer-when-downgrade\" data-hl-processed=\"none\" data-mrf-recirculation=\"inline-link\" rel=\"nofollow noopener\">CyclingProNet<\/a>.<\/p>\n<p class=\"paywall\" aria-hidden=\"true\">&#8220;Then I focused on the sprint once we got to the top; I wanted to get Skjelmose back to make sure we could go for it, then third place was probably the maximum for me today. In the end, I sprinted for third, so a pretty good day for us overall.&#8221;<\/p>\n<p>Evenepoel reiterated the same thing when he debriefed with his home Belgian media, telling <a data-analytics-id=\"inline-link\" href=\"https:\/\/sporza.be\/nl\/2026\/04\/26\/-voelde-meteen-dat-ik-geen-rol-van-betekenis-zou-spelen-remco-evenepoel-neemt-vrede-met-podium-na-harde-la-redoute~1777206595175\/\" target=\"_blank\" data-url=\"https:\/\/sporza.be\/nl\/2026\/04\/26\/-voelde-meteen-dat-ik-geen-rol-van-betekenis-zou-spelen-remco-evenepoel-neemt-vrede-met-podium-na-harde-la-redoute~1777206595175\/\" referrerpolicy=\"no-referrer-when-downgrade\" data-hl-processed=\"none\" data-mrf-recirculation=\"inline-link\" rel=\"nofollow noopener\">Sporza<\/a> that &#8220;They just went really hard. I felt immediately that if another attack came, I wouldn&#8217;t play a significant role. The positioning was good\u2026 that wasn&#8217;t the problem this year. I just had tired legs at that moment.&#8221;<\/p>\n<p class=\"newsletter-form__strapline\">The latest race content, interviews, features, reviews and expert buying guides, direct to your inbox!<\/p>\n<p>With today&#8217;s result, Evenepoel ends his Spring Classics campaign with two third-place finishes, from Li\u00e8ge and the Tour of Flanders \u2013 on debut \u2013 and <a data-analytics-id=\"inline-link\" href=\"https:\/\/www.cyclingnews.com\/pro-cycling\/racing\/amstel-gold-race-remco-evenepoel-takes-resounding-victory-over-mattias-skjelmose-in-tense-two-man-rematch\/\" data-url=\"https:\/\/www.cyclingnews.com\/pro-cycling\/racing\/amstel-gold-race-remco-evenepoel-takes-resounding-victory-over-mattias-skjelmose-in-tense-two-man-rematch\/\" data-hl-processed=\"none\" data-mrf-recirculation=\"inline-link\" data-before-rewrite-localise=\"https:\/\/www.cyclingnews.com\/pro-cycling\/racing\/amstel-gold-race-remco-evenepoel-takes-resounding-victory-over-mattias-skjelmose-in-tense-two-man-rematch\/\" rel=\"nofollow noopener\" target=\"_blank\">a victory from the Amstel Gold Race,<\/a> placing him in good standing before his build-up to the <a data-analytics-id=\"inline-link\" href=\"https:\/\/www.cyclingnews.com\/tour-de-france\/\" data-url=\"https:\/\/www.cyclingnews.com\/tour-de-france\/\" data-hl-processed=\"none\" data-mrf-recirculation=\"inline-link\" data-before-rewrite-localise=\"https:\/\/www.cyclingnews.com\/tour-de-france\/\" rel=\"nofollow noopener\" target=\"_blank\">Tour de France<\/a>.<\/p>\n<p class=\"paywall\" aria-hidden=\"true\">He had piqued the whole cycling world&#8217;s interest in the opening 5km of racing on Sunday, with the race&#8217;s live updates confirming that he and 53 others had formed a monster early breakaway and got almost four minutes up the road ahead of the UAE-led peloton.<\/p>\n<p class=\"paywall\" aria-hidden=\"true\">Social media was filled with differing opinions over why he and Red Bull had got into the move and whether there were any unwritten rules broken by his actions, but Evenepoel later confirmed that it was a pure accident that he was ever in the move in the first place.<\/p>\n<p>            What to read next<\/p>\n<p class=\"paywall\" aria-hidden=\"true\">&#8220;I don&#8217;t actually know what happened, to be honest. I was 30th and suddenly discovered that there was a gap. I didn&#8217;t work with anyone to be in a break so it was really an accident. I didn&#8217;t really give very much to be honest, it was just an accident,&#8221; he said.<\/p>\n<p class=\"paywall\" aria-hidden=\"true\">&#8220;The group was really big, and I think we rode away after like 4km. It&#8217;s not that I was really jumping to be in the break; I think it just split at some point, and then I found myself in the front.<\/p>\n<p class=\"paywall\" aria-hidden=\"true\">&#8220;It was by accident that we were in there; it was not the goal, and then when the gap got to more than two minutes, I just saved and made sure I could arrive as fresh as possible to the hills.&#8221;<\/p>\n<p>In the end, he wasn&#8217;t quite fresh enough to live with the likes of Poga\u010dar and Seixas, but the two-time winner could still leave the race relatively satisfied, having come out on top of the sprint for third with a 300 dash to the line.<\/p>\n<p id=\"elk-cbfa2e5e-e7ef-4fca-8aa1-080ceeb3bd48\">Get unlimited access to our unrivalled 2026 Spring Classics coverage with a Cyclingnews subscription. We&#8217;ll bring you breaking news, reports, and analysis from some of the biggest races on the calendar, including Amstel Gold Race, La Fl\u00e8che Wallonne, and Li\u00e8ge-Bastogne-Li\u00e8ge. <a data-analytics-id=\"inline-link\" href=\"https:\/\/www.cyclingnews.com\/sub24\/?utm_source=Referral+link&amp;utm_medium=Website&amp;utm_campaign=SC26\" target=\"_blank\" data-url=\"https:\/\/www.cyclingnews.com\/sub24\/?utm_source=Referral+link&amp;utm_medium=Website&amp;utm_campaign=SC26\" data-hl-processed=\"none\" data-mrf-recirculation=\"inline-link\" data-before-rewrite-localise=\"https:\/\/www.cyclingnews.com\/sub24\/?utm_source=Referral+link&amp;utm_medium=Website&amp;utm_campaign=SC26\" rel=\"nofollow noopener\">Find out more.<\/a><\/p>\n","protected":false},"excerpt":{"rendered":"Remco Evenepoel admitted that he knew he would be dropped if he tried to follow Tadej Poga\u010dar&#8217;s searing&hellip;\n","protected":false},"author":2,"featured_media":632341,"comment_status":"","ping_status":"","sticky":false,"template":"","format":"standard","meta":{"footnotes":""},"categories":[569],"tags":[64,63,784,85],"class_list":{"0":"post-632340","1":"post","2":"type-post","3":"status-publish","4":"format-standard","5":"has-post-thumbnail","7":"category-cycling","8":"tag-au","9":"tag-australia","10":"tag-cycling","11":"tag-sports"},"_links":{"self":[{"href":"https:\/\/www.newsbeep.com\/au\/wp-json\/wp\/v2\/posts\/632340","targetHints":{"allow":["GET"]}}],"collection":[{"href":"https:\/\/www.newsbeep.com\/au\/wp-json\/wp\/v2\/posts"}],"about":[{"href":"https:\/\/www.newsbeep.com\/au\/wp-json\/wp\/v2\/types\/post"}],"author":[{"embeddable":true,"href":"https:\/\/www.newsbeep.com\/au\/wp-json\/wp\/v2\/users\/2"}],"replies":[{"embeddable":true,"href":"https:\/\/www.newsbeep.com\/au\/wp-json\/wp\/v2\/comments?post=632340"}],"version-history":[{"count":0,"href":"https:\/\/www.newsbeep.com\/au\/wp-json\/wp\/v2\/posts\/632340\/revisions"}],"wp:featuredmedia":[{"embeddable":true,"href":"https:\/\/www.newsbeep.com\/au\/wp-json\/wp\/v2\/media\/632341"}],"wp:attachment":[{"href":"https:\/\/www.newsbeep.com\/au\/wp-json\/wp\/v2\/media?parent=632340"}],"wp:term":[{"taxonomy":"category","embeddable":true,"href":"https:\/\/www.newsbeep.com\/au\/wp-json\/wp\/v2\/categories?post=632340"},{"taxonomy":"post_tag","embeddable":true,"href":"https:\/\/www.newsbeep.com\/au\/wp-json\/wp\/v2\/tags?post=632340"}],"curies":[{"name":"wp","href":"https:\/\/api.w.org\/{rel}","templated":true}]}}