{"id":632926,"date":"2026-04-26T23:20:11","date_gmt":"2026-04-26T23:20:11","guid":{"rendered":"https:\/\/www.newsbeep.com\/au\/632926\/"},"modified":"2026-04-26T23:20:11","modified_gmt":"2026-04-26T23:20:11","slug":"tadej-pogacars-5000-chf-fine-at-liege-bastogne-liege-later-removed-by-race-jury","status":"publish","type":"post","link":"https:\/\/www.newsbeep.com\/au\/632926\/","title":{"rendered":"Tadej Poga\u010dar&#8217;s 5000 CHF fine at Li\u00e8ge-Bastogne-Li\u00e8ge later removed by race jury"},"content":{"rendered":"<p id=\"elk-21993288-53a7-4cc3-a714-eba434864f30\"><a data-analytics-id=\"inline-link\" href=\"https:\/\/www.cyclingnews.com\/riders\/tadej-pogacar\/\" data-url=\"https:\/\/www.cyclingnews.com\/riders\/tadej-pogacar\/\" data-hl-processed=\"none\" data-mrf-recirculation=\"inline-link\" data-before-rewrite-localise=\"https:\/\/www.cyclingnews.com\/riders\/tadej-pogacar\/\" rel=\"nofollow noopener\" target=\"_blank\">Tadej Poga\u010dar<\/a>&#8216;s victory celebrations were cut short at <a data-analytics-id=\"inline-link\" href=\"https:\/\/www.cyclingnews.com\/liege-bastogne-liege\/\" data-url=\"https:\/\/www.cyclingnews.com\/liege-bastogne-liege\/\" data-hl-processed=\"none\" data-mrf-recirculation=\"inline-link\" data-before-rewrite-localise=\"https:\/\/www.cyclingnews.com\/liege-bastogne-liege\/\" rel=\"nofollow noopener\" target=\"_blank\">Li\u00e8ge-Bastogne-Li\u00e8ge<\/a> on Sunday after the race jury handed him a hefty fine of 5000 CHF shortly after the podium presentation. The fine was outlined in the official race communique directly following the event on Sunday.<\/p>\n<p>However, the fine was later removed with the World Champion&#8217;s team, UAE Team Emirates-XRG, telling <a data-analytics-id=\"inline-link\" href=\"https:\/\/x.com\/cirogazzetta\/status\/2048492701755052260?s=20\" target=\"_blank\" data-url=\"https:\/\/x.com\/cirogazzetta\/status\/2048492701755052260?s=20\" referrerpolicy=\"no-referrer-when-downgrade\" data-hl-processed=\"none\" data-mrf-recirculation=\"inline-link\" rel=\"nofollow\">La Gazzetta dello Sport<\/a> that it had been revoked.<\/p>\n<p><a id=\"elk-seasonal\"\/><\/p>\n<p id=\"elk-21993288-53a7-4cc3-a714-eba434864f30-2\" class=\"paywall\" aria-hidden=\"true\">The UAE Team Emirates-XRG rider initially was said to have violated Article 1.3.072.6: World Champion Equipment for the &#8220;wrong place of the publicity on the world champion jersey during the award ceremony,&#8221; according to the official race communique. This was later changed, and the fine was removed.<\/p>\n<p>Article continues below <\/p>\n<p>            You may like<\/p>\n<p class=\"paywall\" aria-hidden=\"true\">Poga\u010dar produced <a data-analytics-id=\"inline-link\" href=\"https:\/\/www.cyclingnews.com\/pro-cycling\/racing\/liege-bastogne-liege-tadej-pogacar-drops-worthy-challenger-paul-seixas-with-searing-attack-on-cote-de-la-roche-aux-faucons-to-claim-fourth-la-doyenne-victory\/\" data-url=\"https:\/\/www.cyclingnews.com\/pro-cycling\/racing\/liege-bastogne-liege-tadej-pogacar-drops-worthy-challenger-paul-seixas-with-searing-attack-on-cote-de-la-roche-aux-faucons-to-claim-fourth-la-doyenne-victory\/\" data-hl-processed=\"none\" data-mrf-recirculation=\"inline-link\" data-before-rewrite-localise=\"https:\/\/www.cyclingnews.com\/pro-cycling\/racing\/liege-bastogne-liege-tadej-pogacar-drops-worthy-challenger-paul-seixas-with-searing-attack-on-cote-de-la-roche-aux-faucons-to-claim-fourth-la-doyenne-victory\/\" rel=\"nofollow noopener\" target=\"_blank\">a masterclass performance to win Li\u00e8ge-Bastogne-Li\u00e8ge for the fourth time<\/a> in his career, finally dropping worthy challenger Paul Seixas<a data-analytics-id=\"inline-link\" href=\"https:\/\/www.cyclingnews.com\/riders\/paul-seixas\/\" data-url=\"https:\/\/www.cyclingnews.com\/riders\/paul-seixas\/\" data-hl-processed=\"none\" data-mrf-recirculation=\"inline-link\" data-before-rewrite-localise=\"https:\/\/www.cyclingnews.com\/riders\/paul-seixas\/\" rel=\"nofollow noopener\" target=\"_blank\"> <\/a>(Decathlon CMA CGM) on the C\u00f4te de la Roche-aux-Faucons with 13.9km to go and riding solo to the finish.<\/p>\n<p class=\"paywall\" aria-hidden=\"true\">The Frenchman hung on for second place while Remco Evenepoel (Red Bull-Bora-Hansgrohe) won the chase-group sprint for third. The three riders celebrated their successes on the podium.<\/p>\n<p>At the time the initial race communique noted the fine, it was unclear what the specific issue was with his jersey, as Poga\u010dar had worn it on other podiums this year. The race jury and the UCI had offered no other explanation at the time of writing.<\/p>\n<p class=\"vanilla-image-block\" style=\"padding-top:78.67%;\">\n<p><img decoding=\"async\" src=\"https:\/\/www.newsbeep.com\/au\/wp-content\/uploads\/2026\/04\/DVSABscBHYtGcU6G6UnrGi.png\" alt=\"Li&amp;egrave;ge-Bastogne-Li&amp;egrave;ge 2026 official race communique\"   loading=\"lazy\" data-new-v2-image=\"true\" data-original-mos=\"https:\/\/www.newsbeep.com\/au\/wp-content\/uploads\/2026\/04\/DVSABscBHYtGcU6G6UnrGi.png\" data-pin-media=\"https:\/\/www.newsbeep.com\/au\/wp-content\/uploads\/2026\/04\/DVSABscBHYtGcU6G6UnrGi.png\" class=\"inline\"\/>\n<\/p>\n<p>Li\u00e8ge-Bastogne-Li\u00e8ge 2026 official race communique \/ communique du jury des commissaires (Image credit: Li\u00e8ge-Bastogne-Li\u00e8ge 2026 official race communique)<\/p>\n<p id=\"elk-90b6b0e4-632f-412f-93e7-1072482c37a1\">Get unlimited access to our unrivalled 2026 Spring Classics coverage with a Cyclingnews subscription. We&#8217;ll bring you breaking news, reports, and analysis from some of the biggest races on the calendar, including Amstel Gold Race, La Fl\u00e8che Wallonne, and Li\u00e8ge-Bastogne-Li\u00e8ge. <a data-analytics-id=\"inline-link\" href=\"https:\/\/www.cyclingnews.com\/sub24\/?utm_source=Referral+link&amp;utm_medium=Website&amp;utm_campaign=SC26\" target=\"_blank\" data-url=\"https:\/\/www.cyclingnews.com\/sub24\/?utm_source=Referral+link&amp;utm_medium=Website&amp;utm_campaign=SC26\" data-hl-processed=\"none\" data-mrf-recirculation=\"inline-link\" data-before-rewrite-localise=\"https:\/\/www.cyclingnews.com\/sub24\/?utm_source=Referral+link&amp;utm_medium=Website&amp;utm_campaign=SC26\" rel=\"nofollow noopener\">Find out more.<\/a><\/p>\n<p class=\"newsletter-form__strapline\">The latest race content, interviews, features, reviews and expert buying guides, direct to your inbox!<\/p>\n","protected":false},"excerpt":{"rendered":"Tadej Poga\u010dar&#8216;s victory celebrations were cut short at Li\u00e8ge-Bastogne-Li\u00e8ge on Sunday after the race jury handed him a&hellip;\n","protected":false},"author":2,"featured_media":632927,"comment_status":"","ping_status":"","sticky":false,"template":"","format":"standard","meta":{"footnotes":""},"categories":[9],"tags":[64,63,85],"class_list":{"0":"post-632926","1":"post","2":"type-post","3":"status-publish","4":"format-standard","5":"has-post-thumbnail","7":"category-sports","8":"tag-au","9":"tag-australia","10":"tag-sports"},"_links":{"self":[{"href":"https:\/\/www.newsbeep.com\/au\/wp-json\/wp\/v2\/posts\/632926","targetHints":{"allow":["GET"]}}],"collection":[{"href":"https:\/\/www.newsbeep.com\/au\/wp-json\/wp\/v2\/posts"}],"about":[{"href":"https:\/\/www.newsbeep.com\/au\/wp-json\/wp\/v2\/types\/post"}],"author":[{"embeddable":true,"href":"https:\/\/www.newsbeep.com\/au\/wp-json\/wp\/v2\/users\/2"}],"replies":[{"embeddable":true,"href":"https:\/\/www.newsbeep.com\/au\/wp-json\/wp\/v2\/comments?post=632926"}],"version-history":[{"count":0,"href":"https:\/\/www.newsbeep.com\/au\/wp-json\/wp\/v2\/posts\/632926\/revisions"}],"wp:featuredmedia":[{"embeddable":true,"href":"https:\/\/www.newsbeep.com\/au\/wp-json\/wp\/v2\/media\/632927"}],"wp:attachment":[{"href":"https:\/\/www.newsbeep.com\/au\/wp-json\/wp\/v2\/media?parent=632926"}],"wp:term":[{"taxonomy":"category","embeddable":true,"href":"https:\/\/www.newsbeep.com\/au\/wp-json\/wp\/v2\/categories?post=632926"},{"taxonomy":"post_tag","embeddable":true,"href":"https:\/\/www.newsbeep.com\/au\/wp-json\/wp\/v2\/tags?post=632926"}],"curies":[{"name":"wp","href":"https:\/\/api.w.org\/{rel}","templated":true}]}}