{"id":67313,"date":"2025-08-14T09:43:11","date_gmt":"2025-08-14T09:43:11","guid":{"rendered":"https:\/\/www.newsbeep.com\/au\/67313\/"},"modified":"2025-08-14T09:43:11","modified_gmt":"2025-08-14T09:43:11","slug":"queen-mary-denmark-returns-to-work-after-summer-holidays-opening-headspace-wearing-ralph-lauren-pinstripe-pantsuit","status":"publish","type":"post","link":"https:\/\/www.newsbeep.com\/au\/67313\/","title":{"rendered":"Queen Mary Denmark returns to work after summer holidays opening Headspace wearing Ralph Lauren pinstripe pantsuit"},"content":{"rendered":"<p><a href=\"https:\/\/honey.nine.com.au\/queen-mary\" target=\"_blank\" rel=\"nofollow noopener\" title=\"Q\ufeffueen Mary\">Q\ufeffueen Mary<\/a> has officially returned to royal duties after enjoying an extended break away from the spotlight.<\/p>\n<p>The 53-year-old is one of the first European royals to go back to work <a href=\"https:\/\/honey.nine.com.au\/royals\/royal-family-summer-holidays-where-the-families-go-explainer\/365689f7-05e9-4214-9d3c-92b21b043942\" target=\"_blank\" rel=\"nofollow noopener\" title=\"after the summer holidays\">after the summer holidays<\/a>.<\/p>\n<p>The Danish royal was all\ufeff smiles as she fronted the cameras for the opening of a new mental health counselling centre, aimed at young people.<\/p>\n<p>READ MORE:\ufeff <a href=\"https:\/\/honey.nine.com.au\/royals\/kate-middleton-news-princess-of-wales-narrates-summer-video-mother-nature-simply-love-be-loved\/785e93ae-2446-4d10-85e3-254230488a3d\" target=\"_blank\" rel=\"nofollow noopener\" title=\"Kate pauses summer break to share emotional statement\">Kate pauses summer break to share emotional statement<\/a><\/p>\n<p><img decoding=\"async\"  src=\"https:\/\/www.newsbeep.com\/au\/wp-content\/uploads\/2025\/08\/https:\/\/prod.static9.net.au\/fs\/9b43c2da-4ccd-48ca-827d-6ad74231038c.jpeg\"  alt=\"COPENHAGEN, DENMARK - AUGUST 13: Queen Mary of Denmark attends the opening of Headspace T\u00e5rnby on August 13, 2025 in T\u00e5rnby near Copenhagen, Denmark. (Photo by Martin Sylvest Andersen\/Getty Images)\"\/>Queen Mary of Denmark has returned to work after the summer break. (Getty)<\/p>\n<p>Headspace T\u00e5rnby is described as being a &#8220;preventative and mental health&#8221; centre for those aged between 12 and 25-years old.<\/p>\n<p>It provides free, and anonymous, help to those who need it.<\/p>\n<p>Queen Mary has made the wellbeing of young people a core focus of her royal work since marrying into the Danish royal family 21 years ago.<\/p>\n<p><img decoding=\"async\"  src=\"https:\/\/www.newsbeep.com\/au\/wp-content\/uploads\/2025\/08\/https:\/\/prod.static9.net.au\/fs\/944b1188-c4b6-407a-96fa-994f579e2e70.jpeg\"  alt=\"COPENHAGEN, DENMARK - AUGUST 13: (2ndL-R) Former Danish Prime Minister Poul Nyrup Rasmussen, Mayor of T\u00e5rnby Allan S. Andersen and Queen Mary of Denmark officially open Headspace T\u00e5rnby on August 13, 2025 in T\u00e5rnby near Copenhagen, Denmark. (Photo by Martin Sylvest Andersen\/Getty Images)\"\/>Queen Mary opened a new counselling centre, Headspace, for young people in T\u00e5rnby on August 13. (Getty)<\/p>\n<p>Social isolation and loneliness are \ufefftwo areas Mary has chosen to tackle and last year <a href=\"https:\/\/honey.nine.com.au\/royals\/queen-mary-podcast-mary-foundation-new-portraits-proclamation-dress\/e6e4ea57-f64a-40d9-860a-03ea76578e04\" target=\"_blank\" title=\"announced a three-part podcast series\" rel=\"nofollow noopener\">announced a three-part podcast series<\/a> through the Mary Foundation on the issue.<\/p>\n<p>The \ufeffLonely Youth series will give a voice to those experiencing social isolation and hopefully improving their mental health in the process.<\/p>\n<p>READ MORE:\ufeff <a href=\"https:\/\/honey.nine.com.au\/royals\/norway-crown-prince-haakon-crown-princess-mette-marit-secret-visit-australia-to-see-daughter-princess-ingrid-alexandra-sydney-university\/c73ae03a-f09b-4873-b0fa-842229fcb99d\" target=\"_blank\" title=\"Royals make top secret visit to Sydney to see their daughter at uni\" rel=\"nofollow noopener\">Royals make top secret visit to Sydney to see their daughter at uni<\/a><\/p>\n<p>During Queen Mary&#8217;s engagement on Wednesday August 13 she spent time meeting members of the public outside the centre, with one of them giving the royal an unusual gift.<\/p>\n<p><img decoding=\"async\"  src=\"https:\/\/www.newsbeep.com\/au\/wp-content\/uploads\/2025\/08\/https:\/\/prod.static9.net.au\/fs\/bfbf1074-f622-4fa3-a7c2-18ebffa6e913.jpeg\"  alt=\"COPENHAGEN, DENMARK - AUGUST 13: Queen Mary of Denmark arrive and receives fresh figs from Ingers (R) garden during the opening of Headspace T\u00c2rnby on August 13, 2025 in Tarnby near Copenhagen, Denmark. (Photo by Martin Sylvest Andersen\/Getty Images)\"\/>Queen Mary was given a bag of fresh figs by a woman in T\u00e5rnby. (Getty)<\/p>\n<p>The Queen was handed a bag of fresh figs by a woman named Ingers, with Mary accepting the gift and thanking her.<\/p>\n<p>Queen Mary re-wore her Polo Ralph Lauren pinstripe linen pantsuit\ufeff, a perfect summer outfit.<\/p>\n<p>She accessorised with jewels from Dulong Fine Jewellery, a luxury brand she has worn for two decades including when she married then-Crown Prince Frederik in 2004.<\/p>\n<p><img decoding=\"async\"  src=\"https:\/\/www.newsbeep.com\/au\/wp-content\/uploads\/2025\/08\/https:\/\/prod.static9.net.au\/fs\/802675a5-9070-4e5b-a4c8-7daaee98d62c.jpeg\"  alt=\"COPENHAGEN, DENMARK - AUGUST 13: Queen Mary of Denmark attends the opening of Headspace T\u00e5rnby on August 13, 2025 in T\u00e5rnby near Copenhagen, Denmark. (Photo by Martin Sylvest Andersen\/Getty Images)\"\/>Queen Mary is one of the first European royals to be back on duty after the summer holidays. (Getty)<\/p>\n<p>Now King, Frederik also returned to work this week hosting a public audience at Christiansborg Palace in Copenhagen.<\/p>\n<p>The royal family \ufeffhad been on holidays at their <a href=\"https:\/\/honey.nine.com.au\/royals\/queen-mary-stung-by-a-wasp-arrival-at-graasten-palace-for-summer-holidays\/59e5ee47-61d7-4c1b-8dda-bf79e10c5493\" target=\"_blank\" rel=\"nofollow noopener\" title=\"summer residence, Graasten Palace\">summer residence, Graasten Palace<\/a> \u2013 on the east coast of the Jutland peninsula in south Denmark\ufeff \u2013 where they spent the past two weeks.<\/p>\n<p>As the summer period comes to an end, the couple&#8217;s three youngest children are <a href=\"https:\/\/honey.nine.com.au\/royals\/queen-mary-denmark-return-work-after-summer-break-princess-josephine-moves-away-new-school\/c3a5eaa8-7d54-4371-b786-c92c5660be48\" target=\"_blank\" rel=\"nofollow noopener\" title=\"returning to the classroom\">returning to the classroom<\/a> for the new school year.<\/p>\n<p>Earlier this week, the Danish Royal Household revealed \ufeffa few changes for <a href=\"https:\/\/honey.nine.com.au\/prince-christian\" target=\"_blank\" title=\"Crown Prince Christian\" rel=\"nofollow noopener\">Crown Prince Christian<\/a>, <a href=\"https:\/\/honey.nine.com.au\/princess-isabella-of-denmark\" target=\"_blank\" title=\"Princess Isabella\" rel=\"nofollow noopener\">Princess Isabella<\/a> and twins, Prince Vincent and Princess Josephine.\ufeff<\/p>\n<p>The Crown Prince, 19, has returned to military training but this time Christian is working towards qualifying as a lieutenant.<\/p>\n<p>The training lasts one year plus a subsequent period of practical service as a platoon leader, the palace said.<\/p>\n<p><a href=\"https:\/\/honey.nine.com.au\/2021\/06\/22\/11\/12\/princess-mary-jewels-best-jewellery-moments-danish-royals-in-pictures\" rel=\"nofollow noopener\" target=\"_blank\"><img decoding=\"async\"  src=\"https:\/\/www.newsbeep.com\/au\/wp-content\/uploads\/2025\/08\/https:\/\/prod.static9.net.au\/fs\/63015145-363e-42a0-b969-ef9da53f3174.jpeg\"  alt=\"\"\/><\/a><\/p>\n<p>Queen Mary of Denmark&#8217;s best jewellery moments<\/p>\n<p>Earlier this year, Crown Prince Christian <a href=\"https:\/\/honey.nine.com.au\/royals\/crown-prince-christian-completes-guards-hussar-military-training\/73c357a3-6993-489f-89d2-29a790f744d1\" target=\"_blank\" title=\"qualified as a Guards Hussar\" rel=\"nofollow noopener\">qualified as a Guards Hussar<\/a>.\ufeff<\/p>\n<p>His younger sister, Princess Isabella \u2013 <a href=\"https:\/\/honey.nine.com.au\/royals\/princess-isabella-of-denmark-18th-birthday-celebrations-aarhus-copenhagen\/fa7a820e-a875-4e02-bd1c-39649d019297\" target=\"_blank\" title=\"who turned 18 in April\" rel=\"nofollow noopener\">who turned 18 in April<\/a> \u2013 is now in her final year of schooling.<\/p>\n<p>She is a student at \u00d8reg\u00e5rd Gymnasium and is expected to graduate in mid-2026.<\/p>\n<p>Prince Vincent, 14, is back at school Traneg\u00e5rd School in Hellerup, where he is in grade eight.<\/p>\n<p><img decoding=\"async\"  src=\"https:\/\/www.newsbeep.com\/au\/wp-content\/uploads\/2025\/08\/https:\/\/prod.static9.net.au\/fs\/0e304f3c-6c4e-4391-bf2b-fe57479c7905.jpeg\"  alt=\"COPENHAGEN, DENMARK - MAY 26: (L-R)  Princess Isabella of Denmark, Queen Mary of Denmark, King Frederik X of Denmark, Queen Margrethe of Denmark, Princess Josephine of Denmark and Prince Vincent of Denmark appear on the balcony of Frederik VIII's Palace to celebrate The King's 57th birthday at Amalienborg Palace on May 26, 2025 in Copenhagen, Denmark.  (Photo by Martin Sylvest Andersen\/Getty Images)\"\/>The Danish royal family pictured earlier this year at Amalienborg. (Getty)<\/p>\n<p>Princess Josephine has chosen a new direction separate from her twin brother.<\/p>\n<p>Josephine \ufeffhas changed schools and will board at Spir Efterskole, located in the East Jutland port town of Snaptun \u2013 about a three-hour drive west of Copenhagen.<\/p>\n<p>She was previously a student at Kildeg\u00e5rd Private School in Hellerup, which was much closer to the <a href=\"https:\/\/honey.nine.com.au\/royals\/king-frederik-queen-mary-of-denmark-inside-their-palaces-home-official-residences-explainer\/acb2c973-7a05-477a-a6bf-ed72c931a371\" target=\"_blank\" title=\"family&#039;s two main residences\" rel=\"nofollow noopener\">family&#8217;s two main residences<\/a> in Copenhagen and Fredensborg.<\/p>\n<p><img decoding=\"async\"  src=\"https:\/\/www.newsbeep.com\/au\/wp-content\/uploads\/2025\/08\/https:\/\/prod.static9.net.au\/fs\/a5332929-edc6-4ea4-98ed-d43c4ac36aa0.jpeg\"  alt=\"King Frederik X and Queen Mary of Denmark, with Princess Isabella and Prince Vincent, arrive at Graasten in the south of Denmark ahead of their summer stay at Graasten Palace, Monday July 28 2025.\"\/>King Frederik X and Queen Mary of Denmark, with Princess Isabella and Prince Vincent, arrive at Graasten in the south of Denmark ahead of their summer stay at Graasten Palace, Monday July 28 2025. (The Danish Royal Household)<\/p>\n<p>Princess Josephine has chosen to move schools &#8220;at her own request&#8221;, the palace said. \ufeff<\/p>\n<p>Later this month, King Frederik and Queen Mary will <a href=\"https:\/\/honey.nine.com.au\/royals\/king-frederik-queen-mary-announce-2025-sailing-season-royal-ship-dannebrog\/5a5f80f9-1369-47af-8690-7f49b4803a77\" target=\"_blank\" title=\"embark on their summer cruise\" rel=\"nofollow noopener\">embark on their summer cruise<\/a> on board Dannebrog visiting multiple cities.\ufeff<\/p>\n<p><a href=\"https:\/\/www.nine.com.au\/entertainment\/latest\/ninecomau-whats-app-signup\/421c4156-5b58-42a0-9c4e-e65401b4e271\" target=\"_blank\" rel=\"nofollow noopener\">FOLLOW US ON WHATSAPP HERE<\/a>: Stay across all the latest in celebrity, lifestyle and opinion via our WhatsApp channel. No comments, no algorithm and nobody can see your private details.<\/p>\n","protected":false},"excerpt":{"rendered":"Q\ufeffueen Mary has officially returned to royal duties after enjoying an extended break away from the spotlight. The&hellip;\n","protected":false},"author":2,"featured_media":67314,"comment_status":"","ping_status":"","sticky":false,"template":"","format":"standard","meta":{"footnotes":""},"categories":[32],"tags":[64,63,447,134],"class_list":{"0":"post-67313","1":"post","2":"type-post","3":"status-publish","4":"format-standard","5":"has-post-thumbnail","7":"category-celebrities","8":"tag-au","9":"tag-australia","10":"tag-celebrities","11":"tag-entertainment"},"_links":{"self":[{"href":"https:\/\/www.newsbeep.com\/au\/wp-json\/wp\/v2\/posts\/67313","targetHints":{"allow":["GET"]}}],"collection":[{"href":"https:\/\/www.newsbeep.com\/au\/wp-json\/wp\/v2\/posts"}],"about":[{"href":"https:\/\/www.newsbeep.com\/au\/wp-json\/wp\/v2\/types\/post"}],"author":[{"embeddable":true,"href":"https:\/\/www.newsbeep.com\/au\/wp-json\/wp\/v2\/users\/2"}],"replies":[{"embeddable":true,"href":"https:\/\/www.newsbeep.com\/au\/wp-json\/wp\/v2\/comments?post=67313"}],"version-history":[{"count":0,"href":"https:\/\/www.newsbeep.com\/au\/wp-json\/wp\/v2\/posts\/67313\/revisions"}],"wp:featuredmedia":[{"embeddable":true,"href":"https:\/\/www.newsbeep.com\/au\/wp-json\/wp\/v2\/media\/67314"}],"wp:attachment":[{"href":"https:\/\/www.newsbeep.com\/au\/wp-json\/wp\/v2\/media?parent=67313"}],"wp:term":[{"taxonomy":"category","embeddable":true,"href":"https:\/\/www.newsbeep.com\/au\/wp-json\/wp\/v2\/categories?post=67313"},{"taxonomy":"post_tag","embeddable":true,"href":"https:\/\/www.newsbeep.com\/au\/wp-json\/wp\/v2\/tags?post=67313"}],"curies":[{"name":"wp","href":"https:\/\/api.w.org\/{rel}","templated":true}]}}