{"id":38194,"date":"2025-08-01T01:11:14","date_gmt":"2025-08-01T01:11:14","guid":{"rendered":"https:\/\/www.newsbeep.com\/ca\/38194\/"},"modified":"2025-08-01T01:11:14","modified_gmt":"2025-08-01T01:11:14","slug":"9-signs-your-body-is-low-on-vitamin-d","status":"publish","type":"post","link":"https:\/\/www.newsbeep.com\/ca\/38194\/","title":{"rendered":"9 Signs Your Body Is Low on Vitamin D"},"content":{"rendered":"<p id=\"mntl-sc-block_1-0\" class=\"comp mntl-sc-block mntl-sc-block-html\"> If you don&#8217;t get enough vitamin D, it can take weeks, months, or even longer to develop symptoms. The effects of vitamin D deficiency vary with age and impact bone development, bone strength, the immune system, muscle health, energy levels, and other aspects of health.\n<\/p>\n<p id=\"mntl-sc-block_3-0\" class=\"comp mntl-sc-block mntl-sc-block-html\"> <a href=\"https:\/\/www.verywellhealth.com\/vitamin-d-deficiency-symptoms-11767036#toc-key-takeaways\" data-component=\"link\" data-source=\"inlineLink\" data-type=\"internalLink\" data-ordinal=\"1\" rel=\"nofollow noopener\" target=\"_blank\">Jump to Key Takeaways<\/a>.\n<\/p>\n<p>  1. Fatigue  <\/p>\n<p id=\"mntl-sc-block_6-0\" class=\"comp mntl-sc-block mntl-sc-block-html\"> Fatigue is one of the most nonspecific symptoms of vitamin D deficiency, and there are several different ways that a lack of vitamin D can lead to fatigue.\n<\/p>\n<p id=\"mntl-sc-block_8-0\" class=\"comp mntl-sc-block mntl-sc-block-html\"> It has been shown that vitamin D deficiency can interfere with sleep, and a lack of adequate sleep can make you tired during the day. Additionally, the inflammation and neurotransmitter disruption associated with vitamin D deficiency can impact your energy levels, contributing to fatigue.\n<\/p>\n<p>  2. Muscle and Joint Pain  <\/p>\n<p id=\"mntl-sc-block_11-0\" class=\"comp mntl-sc-block mntl-sc-block-html\"> A low level of vitamin D is associated with <a class=\"recommendation-inline-link\" href=\"https:\/\/www.verywellhealth.com\/signs-of-inflammation-4580526\" link-destination-recommendation=\"true\" data-component=\"link\" data-source=\"inlineLink\" data-type=\"internalLink\" data-ordinal=\"1\" rel=\"nofollow noopener\" target=\"_blank\">inflammation<\/a>. Inflammation occurs when the body releases chemicals that intended to trigger an immune response to fight an invader or help heal damaged tissue.\n<\/p>\n<p id=\"mntl-sc-block_13-0\" class=\"comp mntl-sc-block mntl-sc-block-html\"> Inflammation causes many different symptoms, and vitamin D-associated inflammation can cause generalized muscle aches and joint pain, as well as arthritis.\n<\/p>\n<p>  3. Frequent Infections  <\/p>\n<p id=\"mntl-sc-block_16-0\" class=\"comp mntl-sc-block mntl-sc-block-html\"> Vitamin D helps regulate your immune system, and an immune deficiency can make you susceptible to frequent or severe infections.\u00a0\n<\/p>\n<p id=\"mntl-sc-block_18-0\" class=\"comp mntl-sc-block mntl-sc-block-html\"> <a class=\"recommendation-inline-link\" href=\"https:\/\/www.verywellhealth.com\/copd-7368549\" link-destination-recommendation=\"true\" data-component=\"link\" data-source=\"inlineLink\" data-type=\"internalLink\" data-ordinal=\"1\" rel=\"nofollow noopener\" target=\"_blank\">Chronic obstructive pulmonary disease (COPD)<\/a>, a lung disease that causes coughing, wheezing, shortness of breath, and low overall energy, has several different contributing factors, including smoking and lung inflammation. This lung condition can increase your susceptibility to infections and is often associated with vitamin D deficiency.\n<\/p>\n<p>  4. Depressed Mood  <\/p>\n<p id=\"mntl-sc-block_21-0\" class=\"comp mntl-sc-block mntl-sc-block-html\"> There\u2019s an association between low vitamin D and depression. Your mood is influenced by the balance of neurotransmitters (chemicals that carry messages between nerves) in your body. Some research suggests that a lack of vitamin D can lead to an imbalance of the neurotransmitters that help regulate your mood, leading to depression.\n<\/p>\n<p id=\"mntl-sc-block_23-0\" class=\"comp mntl-sc-block mntl-sc-block-html\"> Additionally, <a class=\"recommendation-inline-link\" href=\"https:\/\/www.verywellhealth.com\/seasonal-affective-disorder-8549291\" link-destination-recommendation=\"true\" data-component=\"link\" data-source=\"inlineLink\" data-type=\"internalLink\" data-ordinal=\"1\" rel=\"nofollow noopener\" target=\"_blank\">seasonal effective disorder (SAD)<\/a>, a condition in which people become very depressed as a result of low sun exposure, is associated with a lack of vitamin D. The body produces vitamin D when skin is exposed to sunlight.\n<\/p>\n<p>  5. Rickets in Children  <\/p>\n<p id=\"mntl-sc-block_26-0\" class=\"comp mntl-sc-block mntl-sc-block-html\"> Bone formation during childhood relies on adequate <a class=\"recommendation-inline-link\" href=\"https:\/\/www.verywellhealth.com\/vitamin-d-benefits-11688450\" link-destination-recommendation=\"true\" data-component=\"link\" data-source=\"inlineLink\" data-type=\"internalLink\" data-ordinal=\"1\" rel=\"nofollow noopener\" target=\"_blank\">vitamin D<\/a>. Children who are deficient in vitamin D during the years of rapid growth can develop a condition called\u00a0<a href=\"https:\/\/www.verywellhealth.com\/rickets-5080150\" data-component=\"link\" data-source=\"inlineLink\" data-type=\"internalLink\" data-ordinal=\"2\" rel=\"nofollow noopener\" target=\"_blank\">rickets<\/a>, characterized by inadequate bone formation, bone deformities, bone fragility, brittle teeth, and muscle aches.\n<\/p>\n<p>  6. Bone Fractures\u00a0  <\/p>\n<p id=\"mntl-sc-block_31-0\" class=\"comp mntl-sc-block mntl-sc-block-html\"> Vitamin D is necessary for bone health, including during adulthood. Adults who are low in vitamin D develop <a class=\"recommendation-inline-link\" href=\"https:\/\/www.verywellhealth.com\/osteopenia-vs-osteoporosis-6831713\" link-destination-recommendation=\"true\" data-component=\"link\" data-source=\"inlineLink\" data-type=\"internalLink\" data-ordinal=\"1\" rel=\"nofollow noopener\" target=\"_blank\">osteopenia and osteoporosis<\/a>, which are conditions of <a class=\"recommendation-inline-link\" href=\"https:\/\/www.verywellhealth.com\/how-to-increase-bone-density-11721928\" link-destination-recommendation=\"true\" data-component=\"link\" data-source=\"inlineLink\" data-type=\"internalLink\" data-ordinal=\"2\" rel=\"nofollow noopener\" target=\"_blank\">low bone density<\/a>.\n<\/p>\n<p id=\"mntl-sc-block_33-0\" class=\"comp mntl-sc-block mntl-sc-block-html\"> <a class=\"recommendation-inline-link\" href=\"https:\/\/www.verywellhealth.com\/osteoporosis-4012671\" link-destination-recommendation=\"true\" data-component=\"link\" data-source=\"inlineLink\" data-type=\"internalLink\" data-ordinal=\"1\" rel=\"nofollow noopener\" target=\"_blank\">Osteoporosis<\/a> is more severe than osteopenia and can develop if osteopenia is not treated. It often has no symptoms, but increases the risk of fractures, even from minor bumps.\n<\/p>\n<p>  7. Multiple Sclerosis\u00a0  <\/p>\n<p id=\"mntl-sc-block_36-0\" class=\"comp mntl-sc-block mntl-sc-block-html\"> <a class=\"recommendation-inline-link\" href=\"https:\/\/www.verywellhealth.com\/multiple-sclerosis-7109464\" link-destination-recommendation=\"true\" data-component=\"link\" data-source=\"inlineLink\" data-type=\"internalLink\" data-ordinal=\"1\" rel=\"nofollow noopener\" target=\"_blank\">Multiple sclerosis<\/a> is a chronic neurological condition caused by inflammatory processes that affect brain and spinal cord function. There\u2019s a strong association between vitamin D deficiency and multiple sclerosis, as well as a link between low sun exposure and an increased risk of developing multiple sclerosis.\n<\/p>\n<p>  8. Heart Disease\u00a0  <\/p>\n<p id=\"mntl-sc-block_39-0\" class=\"comp mntl-sc-block mntl-sc-block-html\"> A vitamin D deficiency affects your heart in several ways. Inflammation caused by vitamin D deficiency can increase the risk of heart disease. Vitamin D also affects blood vessel health and heart muscle function, which leads to an association between vitamin D deficiency and an increased risk of heart attack. \u00a0\u00a0\u00a0\u00a0\n<\/p>\n<p>  9. Type 2 Diabetes\u00a0  <\/p>\n<p id=\"mntl-sc-block_42-0\" class=\"comp mntl-sc-block mntl-sc-block-html\"> <a class=\"recommendation-inline-link\" href=\"https:\/\/www.verywellhealth.com\/type-2-diabetes-7371634\" link-destination-recommendation=\"true\" data-component=\"link\" data-source=\"inlineLink\" data-type=\"internalLink\" data-ordinal=\"1\" rel=\"nofollow noopener\" target=\"_blank\">Type 2 diabetes<\/a>, <a class=\"recommendation-inline-link\" href=\"https:\/\/www.verywellhealth.com\/metabolic-syndrome-1745266\" link-destination-recommendation=\"true\" data-component=\"link\" data-source=\"inlineLink\" data-type=\"internalLink\" data-ordinal=\"2\" rel=\"nofollow noopener\" target=\"_blank\">metabolic syndrome<\/a>, <a class=\"recommendation-inline-link\" href=\"https:\/\/www.verywellhealth.com\/insulin-resistance-8421034\" link-destination-recommendation=\"true\" data-component=\"link\" data-source=\"inlineLink\" data-type=\"internalLink\" data-ordinal=\"3\" rel=\"nofollow noopener\" target=\"_blank\">insulin resistance<\/a>, and obesity are all related to each other. Vitamin D deficiency can increase your risk of these conditions, and inflammation may play a role in this link.\n<\/p>\n<p>Vitamin D and Inflammatory Bowel Disease<\/p>\n<p>The link between vitamin D and <a class=\"recommendation-inline-link\" href=\"https:\/\/www.verywellhealth.com\/inflammatory-bowel-disease-8426339\" link-destination-recommendation=\"true\" data-component=\"link\" data-source=\"inlineLink\" data-type=\"internalLink\" data-ordinal=\"1\" rel=\"nofollow noopener\" target=\"_blank\">inflammatory bowel disease<\/a> is bidirectional. Vitamin D deficiency is linked to inflammation, which can increase the risk of inflammatory bowel disease. Additionally, inflammatory bowel disease interferes with the absorption of nutrients from your food\u2014including vitamin D. So, vitamin D deficiency and inflammatory bowel disease exacerbate each other.<\/p>\n<p>  Key Takeaways\u00a0<br \/>\n Vitamin D is involved in numerous physiological processes within the body.A deficiency of vitamin D can cause a variety of nonspecific signs and symptoms, such as fatigue and muscle or joint pain, and they may not be noticeable until weeks, months, or longer.Some conditions associated with vitamin D deficiency include rickets, osteopenia, heart disease, multiple sclerosis, and depression.<\/p>\n<p>Verywell Health uses only high-quality sources, including peer-reviewed studies, to support the facts within our articles. Read our <a href=\"http:\/\/www.verywellhealth.com\/verywell-editorial-process-4777042\" rel=\"nofollow noopener\" target=\"_blank\">editorial process<\/a> to learn more about how we fact-check and keep our content accurate, reliable, and trustworthy.<\/p>\n<p>Cai Z, Rui S, Huang N, Feng F, Luo Y. <a href=\"http:\/\/doi.org\/10.3389\/fnut.2025.1595813\" data-component=\"link\" data-source=\"inlineLink\" data-type=\"externalLink\" data-ordinal=\"1\" rel=\"nofollow noopener\" target=\"_blank\">The role of vitamin D in sleep regulation: mechanisms, clinical advances, and future directions<\/a>. Front Nutr. 2025;12:1595813. doi:10.3389\/fnut.2025.1595813<\/p>\n<p>Di Molfetta IV, Bordoni L, Gabbianelli R, Sagratini G, Alessandroni L. <a href=\"https:\/\/doi.org\/10.3390\/nu16020221\" data-component=\"link\" data-source=\"inlineLink\" data-type=\"externalLink\" data-ordinal=\"1\" rel=\"nofollow noopener\" target=\"_blank\">Vitamin D and Its role on the fatigue mitigation: a narrative review<\/a>. Nutrients. 2024;16(2):221. doi:10.3390\/nu16020221<\/p>\n<p>Wu Z, Malihi Z, Stewart AW, Lawes CM, Scragg R. <a href=\"https:\/\/doi.org\/10.1017\/S1368980018000551\" data-component=\"link\" data-source=\"inlineLink\" data-type=\"externalLink\" data-ordinal=\"1\" rel=\"nofollow noopener\" target=\"_blank\">The association between vitamin D concentration and pain: a systematic review and meta-analysis<\/a>. Public Health Nutr. 2018;21(11):2022-2037. doi:10.1017\/S1368980018000551<\/p>\n<p>Pandey A, Kajal, Mishra S. <a href=\"http:\/\/doi.org\/10.1093\/nutrit\/nuaf086\" data-component=\"link\" data-source=\"inlineLink\" data-type=\"externalLink\" data-ordinal=\"1\" rel=\"nofollow noopener\" target=\"_blank\">Vitamin D and influenza: immunological insights and therapeutic potential for respiratory health<\/a>. Nutr Rev. 2025:nuaf086. doi:10.1093\/nutrit\/nuaf086<\/p>\n<p>Sun M, Qian Y, Cai C, et al. <a href=\"http:\/\/doi.org\/10.2147\/COPD.S520795\" data-component=\"link\" data-source=\"inlineLink\" data-type=\"externalLink\" data-ordinal=\"1\" rel=\"nofollow noopener\" target=\"_blank\">The role and clinical significance of vitamin D in chronic obstructive pulmonary disease<\/a>. Int J Chron Obstruct Pulmon Dis. 2025;20:2023-2033. doi:10.2147\/COPD.S520795<\/p>\n<p>Dionisie V, Gaman MA, Anghele C, et al. <a href=\"http:\/\/doi.org\/10.17305\/bb.2025.12331\" data-component=\"link\" data-source=\"inlineLink\" data-type=\"externalLink\" data-ordinal=\"1\" rel=\"nofollow noopener\" target=\"_blank\">Vitamin D and depression in adults: a systematic review<\/a>. Biomol Biomed. 2025 Apr 30. doi:10.17305\/bb.2025.12331<\/p>\n<p>\u00c1lvarez-Mercado AI, Mesa MD, Gil \u00c1. <a href=\"https:\/\/doi.org\/10.1016\/B978-0-12-821848-8.00101-3\" data-component=\"link\" data-source=\"inlineLink\" data-type=\"externalLink\" data-ordinal=\"1\" rel=\"nofollow noopener\" target=\"_blank\">Vitamin D: role in chronic and acute diseases<\/a>. Encyclopedia of Human Nutrition. 2023:535\u201344. doi:10.1016\/B978-0-12-821848-8.00101-3<\/p>\n<p>Office of Dietary Supplements. <a href=\"https:\/\/ods.od.nih.gov\/factsheets\/VitaminD-Consumer\/#h7\" data-component=\"link\" data-source=\"inlineLink\" data-type=\"externalLink\" data-ordinal=\"1\" rel=\"nofollow noopener\" target=\"_blank\">Vitamin D<\/a><\/p>\n<p>National Institute of Arthritis and Musculoskeletal and Skin Diseases. <a href=\"https:\/\/www.niams.nih.gov\/health-topics\/calcium-and-vitamin-d-important-bone-health\" data-component=\"link\" data-source=\"inlineLink\" data-type=\"externalLink\" data-ordinal=\"1\" rel=\"nofollow noopener\" target=\"_blank\">Calcium and vitamin D: important for bone health<\/a>.<\/p>\n<p>National Institute of Arthritis and Musculoskeletal and Skin Diseases. <a href=\"https:\/\/www.niams.nih.gov\/health-topics\/osteoporosis\" data-component=\"link\" data-source=\"inlineLink\" data-type=\"externalLink\" data-ordinal=\"1\" rel=\"nofollow noopener\" target=\"_blank\">Osteoporosis<\/a>.<\/p>\n<p>Gen\u00e7er Bing\u00f6l F, Kocyigit E, \u00c7elik E, A\u011fag\u00fcnd\u00fcz D, Bud\u00e1n F. <a href=\"http:\/\/doi.org\/10.3390\/ijms26125464\" data-component=\"link\" data-source=\"inlineLink\" data-type=\"externalLink\" data-ordinal=\"1\" rel=\"nofollow noopener\" target=\"_blank\">Breaking the cycle: Can vitamin D bridge the gap between gut microbiota and immune dynamics in multiple sclerosis<\/a>?. Int J Mol Sci. 2025;26(12):5464. doi:10.3390\/ijms26125464<\/p>\n<p>National Heart, Lung, and Blood Institute. <a href=\"https:\/\/www.nhlbi.nih.gov\/news\/2022\/vitamin-d-heart-health-where-benefits-begin-and-end\" data-component=\"link\" data-source=\"inlineLink\" data-type=\"externalLink\" data-ordinal=\"1\" rel=\"nofollow noopener\" target=\"_blank\">Vitamin D for heart health<\/a><\/p>\n<p>Balasubramanian A, Kunchala K, Shahbaz A, et al. <a href=\"http:\/\/doi.org\/10.7759\/cureus.77375\" data-component=\"link\" data-source=\"inlineLink\" data-type=\"externalLink\" data-ordinal=\"1\" rel=\"nofollow noopener\" target=\"_blank\">Association of vitamin D deficiency as an independent risk factor for myocardial infarction and Its therapeutic implications: A systematic review<\/a>. Cureus. 2025;17(1):e77375. doi:10.7759\/cureus.77375<\/p>\n<p>Fletcher J, Cooper SC, Ghosh S, Hewison M. <a href=\"http:\/\/doi.org\/10.3390\/nu11051019\" data-component=\"link\" data-source=\"inlineLink\" data-type=\"externalLink\" data-ordinal=\"1\" rel=\"nofollow noopener\" target=\"_blank\">The role of vitamin D in inflammatory bowel disease: mechanism to management<\/a>. Nutrients. 2019;11(5):1019. doi:10.3390\/nu11051019<\/p>\n<p><img data-src=\"https:\/\/www.newsbeep.com\/ca\/wp-content\/uploads\/2025\/08\/Heidi-Moawad-MD-1000-2792fc644ba54e05a6e82c8a25ae988f.jpg\" width=\"144\" height=\"144\" alt=\"Heidi Moawad, MD\" class=\"lazyload author-bio__image mntl-image universal-image__image\" data-expand=\"300\"\/><\/p>\n<p class=\"author-bio__bio-text\">\nBy <a href=\"https:\/\/www.verywellhealth.com\/heidi-moawad-md-3145848\" rel=\"nofollow noopener\" target=\"_blank\">Heidi Moawad, MD<\/a><br \/>\n<br \/>Dr. Moawad is a neurologist and expert in brain health. She regularly writes and edits health content for medical books and publications.\n<\/p>\n<p>Thanks for your feedback!<\/p>\n<p>What is your feedback?<\/p>\n<p> Helpful<\/p>\n<p> Report an Error<\/p>\n<p> Other<\/p>\n","protected":false},"excerpt":{"rendered":"If you don&#8217;t get enough vitamin D, it can take weeks, months, or even longer to develop symptoms.&hellip;\n","protected":false},"author":2,"featured_media":38195,"comment_status":"","ping_status":"","sticky":false,"template":"","format":"standard","meta":{"footnotes":""},"categories":[36],"tags":[49,48,84,395],"class_list":{"0":"post-38194","1":"post","2":"type-post","3":"status-publish","4":"format-standard","5":"has-post-thumbnail","7":"category-nutrition","8":"tag-ca","9":"tag-canada","10":"tag-health","11":"tag-nutrition"},"_links":{"self":[{"href":"https:\/\/www.newsbeep.com\/ca\/wp-json\/wp\/v2\/posts\/38194","targetHints":{"allow":["GET"]}}],"collection":[{"href":"https:\/\/www.newsbeep.com\/ca\/wp-json\/wp\/v2\/posts"}],"about":[{"href":"https:\/\/www.newsbeep.com\/ca\/wp-json\/wp\/v2\/types\/post"}],"author":[{"embeddable":true,"href":"https:\/\/www.newsbeep.com\/ca\/wp-json\/wp\/v2\/users\/2"}],"replies":[{"embeddable":true,"href":"https:\/\/www.newsbeep.com\/ca\/wp-json\/wp\/v2\/comments?post=38194"}],"version-history":[{"count":0,"href":"https:\/\/www.newsbeep.com\/ca\/wp-json\/wp\/v2\/posts\/38194\/revisions"}],"wp:featuredmedia":[{"embeddable":true,"href":"https:\/\/www.newsbeep.com\/ca\/wp-json\/wp\/v2\/media\/38195"}],"wp:attachment":[{"href":"https:\/\/www.newsbeep.com\/ca\/wp-json\/wp\/v2\/media?parent=38194"}],"wp:term":[{"taxonomy":"category","embeddable":true,"href":"https:\/\/www.newsbeep.com\/ca\/wp-json\/wp\/v2\/categories?post=38194"},{"taxonomy":"post_tag","embeddable":true,"href":"https:\/\/www.newsbeep.com\/ca\/wp-json\/wp\/v2\/tags?post=38194"}],"curies":[{"name":"wp","href":"https:\/\/api.w.org\/{rel}","templated":true}]}}