{"id":489996,"date":"2026-02-21T13:32:10","date_gmt":"2026-02-21T13:32:10","guid":{"rendered":"https:\/\/www.newsbeep.com\/ca\/489996\/"},"modified":"2026-02-21T13:32:10","modified_gmt":"2026-02-21T13:32:10","slug":"chris-selley-nobody-wants-to-work-in-ottawa-ottawa-unions-say","status":"publish","type":"post","link":"https:\/\/www.newsbeep.com\/ca\/489996\/","title":{"rendered":"Chris Selley: Nobody wants to work in Ottawa, Ottawa unions say"},"content":{"rendered":"<p class=\"mb-4 text-lg md:leading-8 break-words\">For years I have argued that 24 Sussex Drive, an unattractive and not-very-historic mansion that has only been home to 10 of our 24 prime ministers, should be knocked down, sold or otherwise removed from the government books. The National Capital Commission\u2019s (NCC) stated budget for renovations is completely absurd: <a href=\"https:\/\/nationalpost.com\/news\/politics\/national-capital-commission-has-spent-767k-on-assessing-24-sussex-whose-future-is-still-unknown\" rel=\"nofollow noopener\" target=\"_blank\" data-ylk=\"slk:$37 million in 2021 dollars;elm:context_link;itc:0;sec:content-canvas\" class=\"link \">$37 million in 2021 dollars<\/a>, or $44 million adjusted for today. That buys a lot of new house in Ottawa, though Rideau Cottage is clearly good enough for Prime Minister Mark Carney, as it was for Justin Trudeau. (Frankly, I\u2019ve never understood why PMs don\u2019t just live full-time at Harrington Lake, as Kim Campbell did. It\u2019s a half-hour drive from Parliament Hill!)<\/p>\n<p class=\"mb-4 text-lg md:leading-8 break-words\">Now I\u2019m thinking bigger.<\/p>\n<p class=\"mb-4 text-lg md:leading-8 break-words\">What if we razed downtown Ottawa and returned it to nature, as <a href=\"https:\/\/en.wikipedia.org\/wiki\/%C3%89tienne_Br%C3%BBl%C3%A9\" rel=\"nofollow noopener\" target=\"_blank\" data-ylk=\"slk:\u00c9tienne Br\u00fbl\u00e9 found it;elm:context_link;itc:0;sec:content-canvas\" class=\"link \">\u00c9tienne Br\u00fbl\u00e9 found it<\/a>? Or just abandoned it to the elements? Maybe everything west of Elgin, east of Lyon and north of Gloucester? To hear union leaders talk, hardly anyone who works there seems interested in going, ever again. Shopify <a href=\"https:\/\/financialpost.com\/technology\/shopify-is-joining-twitter-in-permanent-work-from-home\" rel=\"nofollow noopener\" target=\"_blank\" data-ylk=\"slk:went to remote work \u201cby default\u201d during the pandemic, apparently permanently;elm:context_link;itc:0;sec:content-canvas\" class=\"link \">went to remote work \u201cby default\u201d during the pandemic, apparently permanently<\/a>, and there aren\u2019t a lot of other notable corporate headquarters in the area. <a href=\"https:\/\/georgeadler.github.io\/map-goc-offices\/map_goc_offices.html\" rel=\"nofollow noopener\" target=\"_blank\" data-ylk=\"slk:Much of the rest is government real estate;elm:context_link;itc:0;sec:content-canvas\" class=\"link \">Much of the rest is government real estate<\/a> that the public-sector unions believe, on principle, must never be used again.<\/p>\n<p class=\"mb-4 text-lg md:leading-8 break-words\">Speaking of the NCC, it\u2019s spending at least $5 billion <a href=\"https:\/\/nationalpost.com\/news\/canada\/centre-block-on-pace-to-reopen-in-2032-include-new-public-area-under-parliament-hill\" rel=\"nofollow noopener\" target=\"_blank\" data-ylk=\"slk:renovating Parliament\u2019s Centre Block;elm:context_link;itc:0;sec:content-canvas\" class=\"link \">renovating Parliament\u2019s Centre Block<\/a>, and it won\u2019t be done for years. Maybe it\u2019s not too late to get some of our money back and just walk away. Virtual Parliament from now on. Twenty-something staffers can issue politicians their humiliating talking points in their pyjamas, <a href=\"https:\/\/www.cbc.ca\/news\/politics\/how-stephen-harper-s-inner-circle-has-changed-1.2652571\" rel=\"nofollow noopener\" target=\"_blank\" data-ylk=\"slk:never mind their short pants;elm:context_link;itc:0;sec:content-canvas\" class=\"link \">never mind their short pants<\/a>. Think of the savings on MPs\u2019 airfare alone!<\/p>\n<p class=\"mb-4 text-lg md:leading-8 break-words\">I kid, of course. But the arguments against civil servants returning to work four days a week, <a href=\"https:\/\/ottawacitizen.com\/opinion\/public-servants-return-to-office-4\" rel=\"nofollow noopener\" target=\"_blank\" data-ylk=\"slk:something several federal public sector unions are currently fighting and threatening to strike over;elm:context_link;itc:0;sec:content-canvas\" class=\"link \">something several federal public sector unions are currently fighting and threatening to strike over<\/a>, are no less ridiculous.<\/p>\n<p class=\"mb-4 text-lg md:leading-8 break-words\">To Nancy Peckford, mayor of North Grenville, Ont. (pop. 18,000, about 60 kilometres from Parliament Hill), <a href=\"https:\/\/www.ctvnews.ca\/ottawa\/article\/clear-bias-for-employing-people-living-in-the-city-eastern-ontario-mayor-criticizes-federal-return-to-office-order\/\" rel=\"nofollow noopener\" target=\"_blank\" data-ylk=\"slk:the feds\u2019 decision to make federal workers to return to the office for several days a week \u201creveals the clear bias for employing people living in the city.\u201d;elm:context_link;itc:0;sec:content-canvas\" class=\"link \">the feds\u2019 decision to make federal workers to return to the office for several days a week \u201creveals the clear bias for employing people living in the city.\u201d<\/a><\/p>\n<p class=\"mb-4 text-lg md:leading-8 break-words\">Perhaps someone can make a Charter challenge out of it. After all, we have freedom of mobility within Canada. You can\u2019t even use the notwithstanding clause to override it. So why should someone in Yellowknife have less access to a government job that\u2019s based in Ottawa? Or vice-versa? You and I and the vast majority of other Canadians know why, but do our judges?<\/p>\n<p class=\"mb-4 text-lg md:leading-8 break-words\">And the Canadian Association of Professional Employees (CAPE) might very well have a court case in hand \u2014 about the equality of men and women.<\/p>\n<p class=\"mb-4 text-lg md:leading-8 break-words\">\u201cLosing the flexibility to work remotely means that many of our members will be forced to choose: their job or their family. And we know that this decision will ultimately impact women, who still face disproportionate responsibilities when it comes to child care and domestic labour,\u201d <a href=\"https:\/\/www.ctvnews.ca\/ottawa\/article\/back-to-the-1950s-federal-union-warns-return-to-office-mandate-will-disproportionately-affect-women\/?cid=sm%3Atrueanthem%3Actvottawa%3Atwitterpost&amp;taid=6994fa27c4c82c00019f64dc&amp;utm_campaign=trueAnthem%3A+Trending+Content&amp;utm_medium=trueAnthem&amp;utm_source=twitter\" rel=\"nofollow noopener\" target=\"_blank\" data-ylk=\"slk:CAPE president Nathan Prier told CTV News;elm:context_link;itc:0;sec:content-canvas\" class=\"link \">CAPE president Nathan Prier told CTV News<\/a>.<\/p>\n<p class=\"mb-4 text-lg md:leading-8 break-words\">\u201cInstead of embracing the 21st century model of work, the government is taking the public service back to the 1950s.\u201d<\/p>\n<p class=\"mb-4 text-lg md:leading-8 break-words\">Now, the notion of dragooning women en masse into the workplace doesn\u2019t quite align with my understanding of postwar Canadian history. \u201cIn the early 1950s, about one-quarter of women aged 25 to 54 participated in the labour market, that is, they had a job or were looking for one,\u201d <a href=\"https:\/\/www150.statcan.gc.ca\/n1\/pub\/11-630-x\/11-630-x2015009-eng.htm\" rel=\"nofollow noopener\" target=\"_blank\" data-ylk=\"slk:Statistics Canada reports;elm:context_link;itc:0;sec:content-canvas\" class=\"link \">Statistics Canada reports<\/a>. That number long ago crested 80 per cent.<\/p>\n<p class=\"mb-4 text-lg md:leading-8 break-words\">Ottawa City Councillor Catherine Kitts, meanwhile, <a href=\"https:\/\/www.ctvnews.ca\/ottawa\/article\/councillor-concerned-ottawas-transit-system-cant-handle-influx-of-federal-workers-in-office-4-days-a-week\/?cid=sm%3Atrueanthem%3Actvottawa%3Atwitterpost&amp;taid=6996f4545aa4b90001bad231&amp;utm_campaign=trueAnthem%3A+Trending+Content&amp;utm_medium=trueAnthem&amp;utm_source=twitter\" rel=\"nofollow noopener\" target=\"_blank\" data-ylk=\"slk:is very concerned;elm:context_link;itc:0;sec:content-canvas\" class=\"link \">is very concerned<\/a> \u201cwhether our city is physically prepared for a large, simultaneous increase in commuting.\u201d<\/p>\n<p class=\"mb-4 text-lg md:leading-8 break-words\">\u201cI don\u2019t believe our transportation network can handle it,\u201d she wrote in a newsletter to constituents.<\/p>\n<p class=\"mb-4 text-lg md:leading-8 break-words\">I\u2019m not saying she\u2019s wrong. But then, Ottawa\u2019s transportation network has never exactly been a jewel in the city\u2019s crown. I come back to the \u201cabandon downtown Ottawa\u201d plan. It would certainly make OC Transpo\u2019s life an awful lot easier. After all, with fewer people riding the system, there would be fewer to point out how crummy it often is.<\/p>\n<p class=\"mb-4 text-lg md:leading-8 break-words\">And there\u2019s a key point you could easily miss amidst all these reports: Most federal employees already have to go to the office three days a week. It\u2019s just one extra day!<\/p>\n<p class=\"mb-4 text-lg md:leading-8 break-words\">Flexible work arrangements are good. Many private-sector companies seem to have been pleasantly surprised at the results over the course of the pandemic. And so there are plenty of other jobs out there for civil servants who consider it an unbearable, life-altering burden to return to the office four days a week, instead of three.<\/p>\n<p class=\"mb-4 text-lg md:leading-8 break-words\">But let\u2019s not assume all civil servants think this way. <a href=\"https:\/\/angusreid.org\/federal-government-remote-work-return-to-office-ottawa-business\/\" rel=\"nofollow noopener\" target=\"_blank\" data-ylk=\"slk:An Angus Reid Institute poll conducted in 2024;elm:context_link;itc:0;sec:content-canvas\" class=\"link \">An Angus Reid Institute poll conducted in 2024<\/a>, when the three-day-a-week rule was being rolled out, found more public-sector union members (47 per cent) supported it than opposed it (41 per cent). One can only imagine how appalled their unions were to see it.<\/p>\n<p class=\"mb-4 text-lg md:leading-8 break-words\">National Post<br \/>cselley@postmedia.com<\/p>\n","protected":false},"excerpt":{"rendered":"For years I have argued that 24 Sussex Drive, an unattractive and not-very-historic mansion that has only been&hellip;\n","protected":false},"author":2,"featured_media":489997,"comment_status":"","ping_status":"","sticky":false,"template":"","format":"standard","meta":{"footnotes":""},"categories":[194295],"tags":[49,48,196959,196149,25162,20739,3426,157535,5046,196958,34610],"class_list":{"0":"post-489996","1":"post","2":"type-post","3":"status-publish","4":"format-standard","5":"has-post-thumbnail","7":"category-ottawa","8":"tag-ca","9":"tag-canada","10":"tag-civil-servants","11":"tag-downtown-ottawa","12":"tag-justin-trudeau","13":"tag-ottawa","14":"tag-parliament","15":"tag-parliament-hill","16":"tag-prime-minister-mark-carney","17":"tag-public-sector-unions","18":"tag-public-servants"},"_links":{"self":[{"href":"https:\/\/www.newsbeep.com\/ca\/wp-json\/wp\/v2\/posts\/489996","targetHints":{"allow":["GET"]}}],"collection":[{"href":"https:\/\/www.newsbeep.com\/ca\/wp-json\/wp\/v2\/posts"}],"about":[{"href":"https:\/\/www.newsbeep.com\/ca\/wp-json\/wp\/v2\/types\/post"}],"author":[{"embeddable":true,"href":"https:\/\/www.newsbeep.com\/ca\/wp-json\/wp\/v2\/users\/2"}],"replies":[{"embeddable":true,"href":"https:\/\/www.newsbeep.com\/ca\/wp-json\/wp\/v2\/comments?post=489996"}],"version-history":[{"count":0,"href":"https:\/\/www.newsbeep.com\/ca\/wp-json\/wp\/v2\/posts\/489996\/revisions"}],"wp:featuredmedia":[{"embeddable":true,"href":"https:\/\/www.newsbeep.com\/ca\/wp-json\/wp\/v2\/media\/489997"}],"wp:attachment":[{"href":"https:\/\/www.newsbeep.com\/ca\/wp-json\/wp\/v2\/media?parent=489996"}],"wp:term":[{"taxonomy":"category","embeddable":true,"href":"https:\/\/www.newsbeep.com\/ca\/wp-json\/wp\/v2\/categories?post=489996"},{"taxonomy":"post_tag","embeddable":true,"href":"https:\/\/www.newsbeep.com\/ca\/wp-json\/wp\/v2\/tags?post=489996"}],"curies":[{"name":"wp","href":"https:\/\/api.w.org\/{rel}","templated":true}]}}