{"id":630037,"date":"2026-04-26T15:24:11","date_gmt":"2026-04-26T15:24:11","guid":{"rendered":"https:\/\/www.newsbeep.com\/ca\/630037\/"},"modified":"2026-04-26T15:24:11","modified_gmt":"2026-04-26T15:24:11","slug":"montreal-airport-sets-up-memorial-for-air-canada-pilots-killed-in-laguardia-crash-montreal","status":"publish","type":"post","link":"https:\/\/www.newsbeep.com\/ca\/630037\/","title":{"rendered":"Montreal airport sets up memorial for Air Canada pilots killed in LaGuardia crash &#8211; Montreal"},"content":{"rendered":"<p>\n\t\t\t\tBy Staff<\/p>\n<p>\t\t\t\t\t\t\t\t\t\tThe Canadian Press\t\t\t\t\t\t<\/p>\n<p>\n\t\t\t\t\tPosted April 26, 2026 10:07 am\n\t\t\t\t\t\t\t\t\t<\/p>\n<p>\n\t\t\t\t1 min read\n\t\t\t<\/p>\n<p>\t\t\tDescrease article font size<\/p>\n<p>\t\t\tIncrease article font size<\/p>\n<p>Montreal\u2019s airport authority has installed a memorial to two Air Canada pilots who died in a runway collision at LaGuardia Airport last month.<\/p>\n<p><img decoding=\"async\" src=\"https:\/\/www.newsbeep.com\/ca\/wp-content\/uploads\/2026\/01\/70c8fc80.png\" alt=\"\" style=\"position:absolute;width:1px;height:1px\" referrerpolicy=\"no-referrer-when-downgrade\"\/><\/p>\n<p>The memorial at the Jacques-de-Lesseps plane spotting park states that <a href=\"https:\/\/globalnews.ca\/tag\/antoine-forest\" target=\"_blank\" rel=\"noopener nofollow\">Antoine Forest<\/a> and <a href=\"https:\/\/globalnews.ca\/tag\/mackenzie-gunther\" target=\"_blank\" rel=\"noopener nofollow\">Mackenzie Gunther<\/a> lost their lives while performing their duties and pursuing their passions.<\/p>\n<p>Gunther, 24, and Forest, 30, died when their Air Canada plane collided with a fire truck crossing the runway just after landing at the New York City airport on March 22.<\/p>\n<p>\t\t\t\t\t<img decoding=\"async\" width=\"170\" height=\"225\" loading=\"lazy\" src=\"https:\/\/www.newsbeep.com\/ca\/wp-content\/uploads\/2026\/01\/1767930311_275_national.jpg\" alt=\"Get breaking Canada news delivered to your inbox as it happens so you won't miss a trending story.\"\/><\/p>\n<p>\t\t\t\t\tGet breaking National news<\/p>\n<p>Get breaking Canada news delivered to your inbox as it happens so you won&#8217;t miss a trending story.<\/p>\n<p>A preliminary National Transportation Safety Board report released this week found a surveillance system did not generate an alert for air traffic controllers because ground vehicles were not equipped with transponders.<\/p>\n<p>It also found that the truck operator reported hearing the word \u201cstop\u201d on the radio but did not know who the transmission was intended for.<\/p>\n<p>Story continues below advertisement<\/p>\n<p>A\u00e9roports de Montr\u00e9al spokesperson \u00c9milie Chevrette says the park where the memorial now sits was where aviation enthusiasts gathered to lay flowers and other tributes after the crash.<\/p>\n<p>\n\t\t\tMore on Canada<br \/>\n\t\t\tMore videos\n\t\t<\/p>\n<p>\u201cADM therefore decided to create this permanent memorial to honour these two young men who died while performing their duties and pursuing their passion,\u201d she said Saturday in an email.<\/p>\n<p>\t\t\t\t\t\t<img decoding=\"async\" class=\"c-video__image\" alt=\"Click to play video: 'What we know about 2 pilots killed in Air Canada plane crash at LaGuardia Airport'\" width=\"640\" height=\"360\" src=\"https:\/\/www.newsbeep.com\/ca\/wp-content\/uploads\/2026\/04\/GN_ARMSTRONG_VMS.jpg\" loading=\"lazy\"   data-\/><\/p>\n<p>\n\t\t\t\t\t\t\t\t\t\t\t\t\t\t\t\t\t2:13<br \/>\n\t\t\t\t\t\t\t\t\t\t\t\t\t\t\t\t\t\t\t\t\t\t\t\t\tWhat we know about 2 pilots killed in Air Canada plane crash at LaGuardia Airport\n\t\t\t\t\t\t\t\t\t\t\t\t\t\t\t<\/p>\n<p>\n\t\t&amp;copy 2026 The Canadian Press\t<\/p>\n","protected":false},"excerpt":{"rendered":"By Staff The Canadian Press Posted April 26, 2026 10:07 am 1 min read Descrease article font size&hellip;\n","protected":false},"author":2,"featured_media":630038,"comment_status":"","ping_status":"","sticky":false,"template":"","format":"standard","meta":{"footnotes":""},"categories":[194292],"tags":[23684,215987,215854,49,48,215856,2338],"class_list":{"0":"post-630037","1":"post","2":"type-post","3":"status-publish","4":"format-standard","5":"has-post-thumbnail","7":"category-montreal","8":"tag-air-canada","9":"tag-air-canada-crash","10":"tag-antoine-forest","11":"tag-ca","12":"tag-canada","13":"tag-mackenzie-gunther","14":"tag-montreal"},"_links":{"self":[{"href":"https:\/\/www.newsbeep.com\/ca\/wp-json\/wp\/v2\/posts\/630037","targetHints":{"allow":["GET"]}}],"collection":[{"href":"https:\/\/www.newsbeep.com\/ca\/wp-json\/wp\/v2\/posts"}],"about":[{"href":"https:\/\/www.newsbeep.com\/ca\/wp-json\/wp\/v2\/types\/post"}],"author":[{"embeddable":true,"href":"https:\/\/www.newsbeep.com\/ca\/wp-json\/wp\/v2\/users\/2"}],"replies":[{"embeddable":true,"href":"https:\/\/www.newsbeep.com\/ca\/wp-json\/wp\/v2\/comments?post=630037"}],"version-history":[{"count":0,"href":"https:\/\/www.newsbeep.com\/ca\/wp-json\/wp\/v2\/posts\/630037\/revisions"}],"wp:featuredmedia":[{"embeddable":true,"href":"https:\/\/www.newsbeep.com\/ca\/wp-json\/wp\/v2\/media\/630038"}],"wp:attachment":[{"href":"https:\/\/www.newsbeep.com\/ca\/wp-json\/wp\/v2\/media?parent=630037"}],"wp:term":[{"taxonomy":"category","embeddable":true,"href":"https:\/\/www.newsbeep.com\/ca\/wp-json\/wp\/v2\/categories?post=630037"},{"taxonomy":"post_tag","embeddable":true,"href":"https:\/\/www.newsbeep.com\/ca\/wp-json\/wp\/v2\/tags?post=630037"}],"curies":[{"name":"wp","href":"https:\/\/api.w.org\/{rel}","templated":true}]}}