{"id":91693,"date":"2025-08-23T17:36:09","date_gmt":"2025-08-23T17:36:09","guid":{"rendered":"https:\/\/www.newsbeep.com\/ca\/91693\/"},"modified":"2025-08-23T17:36:09","modified_gmt":"2025-08-23T17:36:09","slug":"federal-government-to-table-first-budget-under-carney-in-october-finance-minister-ctv-news","status":"publish","type":"post","link":"https:\/\/www.newsbeep.com\/ca\/91693\/","title":{"rendered":"Federal government to table first budget under Carney in October: finance minister &#8211; CTV News"},"content":{"rendered":"<p><a href=\"https:\/\/news.google.com\/rss\/articles\/CBMivwFBVV95cUxPeEZ3SlBGaktoaEs5SUFmRTUtZEZTdzRtNDQxcVd6WDdlMDNKcHktMVBsNUN2RW9GQXRCNGowcUhwRDRnZXdIMVVPTm5JVFg2d2tqWFB4S2NsZV9hTUhSbHJrWWRxQ0dGNEk0MWo3cDUxSXRLZk1fSlc2bFplcWdrbU1UNGpzTlJDR3VVM1VZdTRzLXZFUVdPVURQdXlzQXdvNHNnUlY3clFxOHdyZ2dsUXBSMXRBTWU3VTBnWGJXbw?oc=5\" target=\"_blank\" rel=\"nofollow noopener\">Federal government to table first budget under Carney in October: finance minister<\/a>&nbsp;&nbsp;CTV News<a href=\"https:\/\/news.google.com\/rss\/articles\/CBMijgFBVV95cUxQQUdUNTU2UXBTMFVKR0hPRFpqNTYwVHJkMjdFczBTZ3J1V0tpSzY1bnNhbzV5OXhTSk1uTXVMWnVDbzEtRFlUY1hRX1NvaURjd0ZuSzJ6R0R3TGtqZE5nZ3FUUzF1c1JPNFI1NzB4cE1Ld2FyMFVKRGtodFZQRVh5QXVmLUtUVnpnY0FxdDhR?oc=5\" target=\"_blank\" rel=\"nofollow noopener\">Opinion: On fiscal policy, Carney is as clear as mud<\/a>&nbsp;&nbsp;The Globe and Mail<a href=\"https:\/\/news.google.com\/rss\/articles\/CBMi9AFBVV95cUxPSDRmc2FxSkRURGwzZko4OEg3MlNQeGJBMHBfTC15aVhuWk9zQXRSUlZ2RDdxREZ3TUpWc2JNR1dmQ0NQbG54SFNxeE1SVm5LYkh5OVJHdHZTNDNZM0haNXYtWW5pdEpZejg2V0FaNUZoRzVZVWVlUnVvWmFyaVJiMHkwcXJvYUhYRlVQZkNSMWxUMXdQN2ZiOXBPR2w2ZDZrZVN6Xy1reW9CNldib0txcExtMmZadm03cHVwN2lqYk9hS2ZVQnJZODJVRU1TOWNlenNnY2Y5V0lySmFWVlVXSm52b0hBRmVYWTV3TXU5RGJNX2FB?oc=5\" target=\"_blank\" rel=\"nofollow noopener\">\u2018The honeymoon period will be over\u2019: politicos expect high bar for Carney\u2019s first budget, and omnibus-bill headaches<\/a>&nbsp;&nbsp;The Hill Times<a href=\"https:\/\/news.google.com\/rss\/articles\/CBMiwwFBVV95cUxPUC12R2Z5Y0xKWWJkd2dKYktwLWVBaHRwXzY4djVNcXc3QlUxeEN0MVhtMmtILV85RjlfVjhzeElkZlFXdDRyWFprUmc1eHRMbWtCZ3pHUS05VnpPVWkwNE56VF9FMkN0ZGd1SjFXbnR6TEJOQkQtcTdqbHUzbjhreU5IQ2RVMmZkNzd4OFlEVmFZdXBrZTlGQlVuUjFqMjVwTFQwRVFSWGdKOXRFRHJSLWFldnhjc1pWcnlZb0JzSUpSLU0?oc=5\" target=\"_blank\" rel=\"nofollow noopener\">IEDM \u2013 Carney veut revoir les r\u00e8gles budg\u00e9taires pour s\u00e9parer le capital et l\u2019op\u00e9rationnel \u2013 Gabriel Gigu\u00e8re<\/a>&nbsp;&nbsp;IEDM\/MEI<\/p>\n","protected":false},"excerpt":{"rendered":"Federal government to table first budget under Carney in October: finance minister&nbsp;&nbsp;CTV NewsOpinion: On fiscal policy, Carney is&hellip;\n","protected":false},"author":2,"featured_media":91694,"comment_status":"","ping_status":"","sticky":false,"template":"","format":"standard","meta":{"footnotes":""},"categories":[4],"tags":[712,49,48,44],"class_list":{"0":"post-91693","1":"post","2":"type-post","3":"status-publish","4":"format-standard","5":"has-post-thumbnail","7":"category-canada","8":"tag-apple-news","9":"tag-ca","10":"tag-canada","11":"tag-news"},"_links":{"self":[{"href":"https:\/\/www.newsbeep.com\/ca\/wp-json\/wp\/v2\/posts\/91693","targetHints":{"allow":["GET"]}}],"collection":[{"href":"https:\/\/www.newsbeep.com\/ca\/wp-json\/wp\/v2\/posts"}],"about":[{"href":"https:\/\/www.newsbeep.com\/ca\/wp-json\/wp\/v2\/types\/post"}],"author":[{"embeddable":true,"href":"https:\/\/www.newsbeep.com\/ca\/wp-json\/wp\/v2\/users\/2"}],"replies":[{"embeddable":true,"href":"https:\/\/www.newsbeep.com\/ca\/wp-json\/wp\/v2\/comments?post=91693"}],"version-history":[{"count":0,"href":"https:\/\/www.newsbeep.com\/ca\/wp-json\/wp\/v2\/posts\/91693\/revisions"}],"wp:featuredmedia":[{"embeddable":true,"href":"https:\/\/www.newsbeep.com\/ca\/wp-json\/wp\/v2\/media\/91694"}],"wp:attachment":[{"href":"https:\/\/www.newsbeep.com\/ca\/wp-json\/wp\/v2\/media?parent=91693"}],"wp:term":[{"taxonomy":"category","embeddable":true,"href":"https:\/\/www.newsbeep.com\/ca\/wp-json\/wp\/v2\/categories?post=91693"},{"taxonomy":"post_tag","embeddable":true,"href":"https:\/\/www.newsbeep.com\/ca\/wp-json\/wp\/v2\/tags?post=91693"}],"curies":[{"name":"wp","href":"https:\/\/api.w.org\/{rel}","templated":true}]}}