{"id":122443,"date":"2025-11-05T03:11:06","date_gmt":"2025-11-05T03:11:06","guid":{"rendered":"https:\/\/www.newsbeep.com\/ie\/122443\/"},"modified":"2025-11-05T03:11:06","modified_gmt":"2025-11-05T03:11:06","slug":"spain-grants-citizenship-to-descendants-of-civil-wars-international-brigades-spain","status":"publish","type":"post","link":"https:\/\/www.newsbeep.com\/ie\/122443\/","title":{"rendered":"Spain grants citizenship to descendants of civil war\u2019s International Brigades | Spain"},"content":{"rendered":"<p class=\"dcr-130mj7b\">The Spanish government has granted citizenship to 170 descendants of volunteers in the International Brigades in recognition of their fight against fascism during the Franco dictatorship that followed the civil war.<\/p>\n<p class=\"dcr-130mj7b\">An estimated <a href=\"https:\/\/www.theguardian.com\/news\/2020\/oct\/22\/the-contested-legacy-of-the-anti-fascist-international-brigades\" data-link-name=\"in body link\" rel=\"nofollow noopener\" target=\"_blank\">32,000 volunteers from around the world joined the anti-fascist brigades<\/a> during the civil war, including approximately 2,500 men and women from Britain and Ireland, of whom 530 were killed.<\/p>\n<p class=\"dcr-130mj7b\">At a ceremony in Madrid, the Spanish prime minister, Pedro S\u00e1nchez, said of the new citizens: \u201cIt will be an honour to call them compatriots. We call for the defence of the same democracy as they did at a time when it is under threat around the world.\u201d<\/p>\n<p class=\"dcr-130mj7b\">This month is the 50th anniversary of the death of <a href=\"https:\/\/www.theguardian.com\/world\/francisco-franco\" data-link-name=\"in body link\" data-component=\"auto-linked-tag\" rel=\"nofollow noopener\" target=\"_blank\">Francisco Franco<\/a>, whose coup in July 1936 triggered the three-year conflict.<\/p>\n<p class=\"dcr-130mj7b\">Jim Jump, the chair of the International Brigade Memorial Trust in London, said: \u201cThe Spanish government\u2019s decision underlines its determination to erase the toxic legacy of the Franco dictatorship. Many families of International Brigaders continued to campaign for the restoration of democracy in <a href=\"https:\/\/www.theguardian.com\/world\/spain\" data-link-name=\"in body link\" data-component=\"auto-linked-tag\" rel=\"nofollow noopener\" target=\"_blank\">Spain<\/a> during those dark years.<\/p>\n<p class=\"dcr-130mj7b\">\u201cSpanish citizenship for them fulfils the spirit of the historic pledge made by the Spanish Republic to offer a home for the Brigaders.\u201d<\/p>\n<p class=\"dcr-130mj7b\">One of those to receive citizenship is Peter Crome, a retired professor of geriatric medicine and son of Len Crome, who served as a doctor in the International Brigades at Jarama, near Madrid, and during the Battle of the Ebro.<\/p>\n<p>Len Crome served in the second world war after his time with the International Brigades. Photograph: Peter Crome<\/p>\n<p class=\"dcr-130mj7b\">Crome was born in Latvia, then part of the Russian empire, and came to Britain in 1926 where he studied medicine in Edinburgh.<\/p>\n<p class=\"dcr-130mj7b\">\u201cHe was what today you\u2019d call a lefty but he wasn\u2019t a member of a political party,\u201d Peter Crome said. \u201cHe was concerned about the rise of fascism and antisemitism. In common with many others, those were the factors that led him to Spain.\u201d<\/p>\n<p class=\"dcr-130mj7b\">Len Crome was a polyglot who spoke Russian and German among other languages and so was able to communicate with many of the volunteers who came from all over the world. As a result, by the time the brigades were withdrawn late in 1938, he had been promoted to chief medical officer.<\/p>\n<p class=\"dcr-130mj7b\">On his return to Britain, he anticipated the war with Germany and applied to join the territorial army. However, he was rejected on the grounds that he didn\u2019t have a British father and as such \u201cwas now eligible for removal from the UK\u201d.<\/p>\n<p class=\"dcr-130mj7b\">Peter believes that rejection and his experiences in Spain were what led his father to join the Communist party.<\/p>\n<p class=\"dcr-130mj7b\">His suspect parentage did not stop him from being conscripted later in the war where he once again served as a doctor and was awarded the military cross for bravery in Italy at the Battle of Monte Cassino.<\/p>\n<p class=\"dcr-130mj7b\">Peter Crome said this recognition of the volunteers\u2019 descendants is the fruit of a long campaign by groups in Spain and elsewhere. Between 2009 and 2013, citizenship was granted to 23 of the then surviving members of the International Brigades.<\/p>\n<p>Volunteers of the International Brigades being trained in Albacete, Spain, in 1937. Photograph: Photo 12\/Alamy<\/p>\n<p class=\"dcr-130mj7b\">The government has also <a href=\"https:\/\/www.theguardian.com\/world\/article\/2024\/jun\/20\/spanish-government-takes-legal-action-to-shut-down-franco-foundation\" data-link-name=\"in body link\" rel=\"nofollow noopener\" target=\"_blank\">taken further steps to outlaw the National Francisco Franco Foundation<\/a>, giving it 10 days to refute the accusation that its goals and activities run counter to the spirit of the democratic memory law because they promote \u201can apologia for Francoism\u201d and \u201cdemean the victims\u2019 dignity\u201d. Once the deadline has passed, judicial proceedings will begin.<\/p>\n<p class=\"dcr-130mj7b\">The government is expected to pass a royal decree later this month calling for the removal of pro-fascist symbols and other relics of the dictatorship \u201cso that they can be removed once and for all from our streets, squares, villages and cities, without excuses or delays\u201d, S\u00e1nchez said.<\/p>\n<p class=\"dcr-130mj7b\">In addition to honouring the international volunteers, the government also recognised its \u201cdebt of gratitude\u201d to 18 victims of the dictatorship, among them the poet <a href=\"https:\/\/www.theguardian.com\/culture\/2015\/apr\/23\/federico-garcia-lorca-spanish-poet-killed-orders-spanish-civil-war\" data-link-name=\"in body link\" rel=\"nofollow noopener\" target=\"_blank\">Federico Garc\u00eda Lorca, who was murdered in 1936<\/a>, and the film-maker Luis Bu\u00f1uel, who was exiled and had his work censored in Spain.<\/p>\n<p class=\"dcr-130mj7b\">Laura Garc\u00eda Lorca, the poet\u2019s niece, said: \u201cOn receiving this recognition today, we think not only of Federico but also the tens of thousands of women and men who lost their lives, their freedom or their freedom of expression, who were shot by firing squads, imprisoned, exiled, purged or condemned to silence.\u201d<\/p>\n<p class=\"dcr-130mj7b\">Among the lesser-known figures honoured during the ceremony were Margot Moles Pi\u00f1a, a pioneer of women\u2019s sport in Spain, and the trade unionist Antonio Mench\u00e9n Bartolom\u00e9. Mar\u00eda Luisa Ramos Barril, 98, who was deported to the Mauthausen concentration camp in 1940, was present to receive the award.<\/p>\n","protected":false},"excerpt":{"rendered":"The Spanish government has granted citizenship to 170 descendants of volunteers in the International Brigades in recognition of&hellip;\n","protected":false},"author":2,"featured_media":122444,"comment_status":"","ping_status":"","sticky":false,"template":"","format":"standard","meta":{"footnotes":""},"categories":[3],"tags":[42,43,40,38,41,39],"class_list":{"0":"post-122443","1":"post","2":"type-post","3":"status-publish","4":"format-standard","5":"has-post-thumbnail","7":"category-headlines","8":"tag-headlines","9":"tag-news","10":"tag-top-news","11":"tag-top-stories","12":"tag-topnews","13":"tag-topstories"},"_links":{"self":[{"href":"https:\/\/www.newsbeep.com\/ie\/wp-json\/wp\/v2\/posts\/122443","targetHints":{"allow":["GET"]}}],"collection":[{"href":"https:\/\/www.newsbeep.com\/ie\/wp-json\/wp\/v2\/posts"}],"about":[{"href":"https:\/\/www.newsbeep.com\/ie\/wp-json\/wp\/v2\/types\/post"}],"author":[{"embeddable":true,"href":"https:\/\/www.newsbeep.com\/ie\/wp-json\/wp\/v2\/users\/2"}],"replies":[{"embeddable":true,"href":"https:\/\/www.newsbeep.com\/ie\/wp-json\/wp\/v2\/comments?post=122443"}],"version-history":[{"count":0,"href":"https:\/\/www.newsbeep.com\/ie\/wp-json\/wp\/v2\/posts\/122443\/revisions"}],"wp:featuredmedia":[{"embeddable":true,"href":"https:\/\/www.newsbeep.com\/ie\/wp-json\/wp\/v2\/media\/122444"}],"wp:attachment":[{"href":"https:\/\/www.newsbeep.com\/ie\/wp-json\/wp\/v2\/media?parent=122443"}],"wp:term":[{"taxonomy":"category","embeddable":true,"href":"https:\/\/www.newsbeep.com\/ie\/wp-json\/wp\/v2\/categories?post=122443"},{"taxonomy":"post_tag","embeddable":true,"href":"https:\/\/www.newsbeep.com\/ie\/wp-json\/wp\/v2\/tags?post=122443"}],"curies":[{"name":"wp","href":"https:\/\/api.w.org\/{rel}","templated":true}]}}