{"id":23406,"date":"2025-09-15T19:31:07","date_gmt":"2025-09-15T19:31:07","guid":{"rendered":"https:\/\/www.newsbeep.com\/ie\/23406\/"},"modified":"2025-09-15T19:31:07","modified_gmt":"2025-09-15T19:31:07","slug":"a-jason-voorhees-zombie-will-appear-in-daryl-dixon-season-3","status":"publish","type":"post","link":"https:\/\/www.newsbeep.com\/ie\/23406\/","title":{"rendered":"A Jason Voorhees Zombie Will Appear in &#8216;Daryl Dixon&#8217; Season 3"},"content":{"rendered":"<p>Greg Nicotero cites the zombie homages as a highlight of working on \u201cThe Walking Dead,\u201d and the \u201cDaryl Dixon\u201d spin-off is adding another major horror icon to the list.<\/p>\n<p>Bloody Disgusting was on hand at Silver Scream Con over the weekend, where Nicotero revealed that \u201cDaryl Dixon\u201d Season 3 will feature a Jason Voorhees zombie.<\/p>\n<p>Nicotero notably worked on Jason Goes to Hell: The Final Friday, but his \u201cDaryl Dixon\u201d tribute is based on Jason\u2019s appearance from Friday the 13th: The Final Chapter from his old mentor and friend Tom Savini.<\/p>\n<p>\u201cThe Walking Dead\u201d previously featured nods to the <a href=\"https:\/\/bloody-disgusting.com\/editorials\/3449251\/every-time-walking-dead-paid-tribute-george-romero\/\" rel=\"nofollow noopener\" target=\"_blank\">works of George A. Romero<\/a>, <a href=\"https:\/\/bloody-disgusting.com\/news\/3415899\/walking-dead-just-went-full-fulci-awesome-zombie-tribute\/\" rel=\"nofollow noopener\" target=\"_blank\">Lucio Fulci\u2018s Zombie<\/a>, and <a href=\"https:\/\/bloody-disgusting.com\/tv\/3734887\/walking-dead-freddy-krueger-did-you-spot-the-tribute-zombie\/\" rel=\"nofollow noopener\" target=\"_blank\">Freddy Krueger<\/a>, among others.<\/p>\n<p>The third season of \u201cThe Walking Dead: Daryl Dixon\u201d premiered on AMC on September 7 and airs Sundays through October 19, so keep an eye out for our boy Jason.<\/p>\n<p>Norman Reedus and Melissa McBride star as Daryl and Carol, continuing their journey home to the ones they love. As they struggle to find their way back, the path takes them farther astray, leading them through distant lands with ever-changing and unfamiliar conditions as they witness the various effects of the Walker apocalypse.<\/p>\n<p>The cast also includes Candela Saitta, Gonzalo Bouza, Hada Nieto, Yassmine Othman, Cuco Us\u00edn, Stephen Merchant, Hugo Arbu\u00e9s, and Greta Fern\u00e1ndez along with new series regulars Eduardo Noriega, \u00d3scar Jaenada, and Alexandra Masangkay.<\/p>\n<p>David Zabel (\u201cER\u201d) severs as showrunner, executive producing alongside Nicotero, Reedus, McBride, Scott M. Gimple, Angela Kang, Brian Bockrath, Jason Richman, Dan Percival, Steve Squillante, Silvia Ar\u00e1ez, and Jes\u00fas de la Vega.<\/p>\n<p><img loading=\"lazy\" data-recalc-dims=\"1\" decoding=\"async\" data-attachment-id=\"3901010\" data-permalink=\"https:\/\/bloody-disgusting.com\/tv\/3901002\/a-jason-voorhees-zombie-will-appear-in-daryl-dixon-season-3\/attachment\/daryldixon-season3\/\" data-orig-file=\"https:\/\/i0.wp.com\/bloody-disgusting.com\/wp-content\/uploads\/2025\/09\/daryldixon-season3.jpg?fit=1080%2C1350&amp;ssl=1\" data-orig-size=\"1080,1350\" data-comments-opened=\"1\" data-image-meta=\"{&quot;aperture&quot;:&quot;0&quot;,&quot;credit&quot;:&quot;&quot;,&quot;camera&quot;:&quot;&quot;,&quot;caption&quot;:&quot;&quot;,&quot;created_timestamp&quot;:&quot;0&quot;,&quot;copyright&quot;:&quot;&quot;,&quot;focal_length&quot;:&quot;0&quot;,&quot;iso&quot;:&quot;0&quot;,&quot;shutter_speed&quot;:&quot;0&quot;,&quot;title&quot;:&quot;&quot;,&quot;orientation&quot;:&quot;0&quot;}\" data-image-title=\"daryldixon-season3\" data-image-description=\"\" data-image-caption=\"\" data-medium-file=\"https:\/\/i0.wp.com\/bloody-disgusting.com\/wp-content\/uploads\/2025\/09\/daryldixon-season3.jpg?fit=240%2C300&amp;ssl=1\" data-large-file=\"https:\/\/i0.wp.com\/bloody-disgusting.com\/wp-content\/uploads\/2025\/09\/daryldixon-season3.jpg?fit=740%2C925&amp;ssl=1\" class=\"alignnone size-full wp-image-3901010\" src=\"https:\/\/www.newsbeep.com\/ie\/wp-content\/uploads\/2025\/09\/daryldixon-season3.jpg\" alt=\"\" width=\"740\" height=\"925\"  \/><\/p>\n","protected":false},"excerpt":{"rendered":"Greg Nicotero cites the zombie homages as a highlight of working on \u201cThe Walking Dead,\u201d and the \u201cDaryl&hellip;\n","protected":false},"author":2,"featured_media":23407,"comment_status":"","ping_status":"","sticky":false,"template":"","format":"standard","meta":{"footnotes":""},"categories":[27],"tags":[20177,93,20178,61,60,270,20179,6255],"class_list":{"0":"post-23406","1":"post","2":"type-post","3":"status-publish","4":"format-standard","5":"has-post-thumbnail","7":"category-movies","8":"tag-daryl-dixon","9":"tag-entertainment","10":"tag-greg-nicotero","11":"tag-ie","12":"tag-ireland","13":"tag-movies","14":"tag-silver-scream-con","15":"tag-the-walking-dead-daryl-dixon"},"_links":{"self":[{"href":"https:\/\/www.newsbeep.com\/ie\/wp-json\/wp\/v2\/posts\/23406","targetHints":{"allow":["GET"]}}],"collection":[{"href":"https:\/\/www.newsbeep.com\/ie\/wp-json\/wp\/v2\/posts"}],"about":[{"href":"https:\/\/www.newsbeep.com\/ie\/wp-json\/wp\/v2\/types\/post"}],"author":[{"embeddable":true,"href":"https:\/\/www.newsbeep.com\/ie\/wp-json\/wp\/v2\/users\/2"}],"replies":[{"embeddable":true,"href":"https:\/\/www.newsbeep.com\/ie\/wp-json\/wp\/v2\/comments?post=23406"}],"version-history":[{"count":0,"href":"https:\/\/www.newsbeep.com\/ie\/wp-json\/wp\/v2\/posts\/23406\/revisions"}],"wp:featuredmedia":[{"embeddable":true,"href":"https:\/\/www.newsbeep.com\/ie\/wp-json\/wp\/v2\/media\/23407"}],"wp:attachment":[{"href":"https:\/\/www.newsbeep.com\/ie\/wp-json\/wp\/v2\/media?parent=23406"}],"wp:term":[{"taxonomy":"category","embeddable":true,"href":"https:\/\/www.newsbeep.com\/ie\/wp-json\/wp\/v2\/categories?post=23406"},{"taxonomy":"post_tag","embeddable":true,"href":"https:\/\/www.newsbeep.com\/ie\/wp-json\/wp\/v2\/tags?post=23406"}],"curies":[{"name":"wp","href":"https:\/\/api.w.org\/{rel}","templated":true}]}}