{"id":245737,"date":"2026-01-15T08:35:06","date_gmt":"2026-01-15T08:35:06","guid":{"rendered":"https:\/\/www.newsbeep.com\/ie\/245737\/"},"modified":"2026-01-15T08:35:06","modified_gmt":"2026-01-15T08:35:06","slug":"rte-to-mark-100-years-of-irish-radio-with-gpo-broadcasts","status":"publish","type":"post","link":"https:\/\/www.newsbeep.com\/ie\/245737\/","title":{"rendered":"RT\u00c9 to mark 100 years of Irish radio with GPO broadcasts"},"content":{"rendered":"<p>RT\u00c9 radio will mark 100 years of public service broadcasting in Ireland with a series of broadcasts from the GPO.<\/p>\n<p>RT\u00c9 Radio 1, Raidi\u00f3 na Gaeltachta, RT\u00c9 2fm and Lyric FM will broadcast programmes from Dublin&#8217;s O\u2019Connell Street throughout the day, beginning at 6am and finishing at 8pm.<\/p>\n<p>The GPO was the transmission location for Irish radio from 1928 and was the building that housed Radio \u00c9ireann until 1976.<\/p>\n<p>At 7.45pm on 1 January 1926, the precursor to RT\u00c9, then 2RN, delivered the fledgling new Irish State\u2019s first public radio transmission, with the first broadcast taking place right around the corner on Little Denmark Street.<\/p>\n<p>Across that century, RT\u00c9, in its guises as 2RN, Radio \u00c9ireann, Teilif\u00eds \u00c9ireann and latterly RT\u00c9, has been focused on marking the life of the nation across an expanding range of services.<\/p>\n<p>The first broadcast from the GPO will be RT\u00c9 2FM Breakfast this morning.<\/p>\n<p>Listen: Douglas Hyde Opens 2RN 1 January 1926<\/p>\n<p alt=\"First Radio Broadcast From 2RN\" class=\"tpe\" data-description=\"RT\u00c9 Archives audio clips\" data-embed=\"rte-player\" data-id=\"10596950\" data-ot-category=\"C0004\" data-title=\"RT\u00c9 Archives audio clips\">We need your consent to load this rte-player contentWe use rte-player to manage extra content that can set cookies on your device and collect data about your activity. Please review their details and accept them to load the content.<a class=\"blocked-button\" href=\"https:\/\/www.rte.ie\/news\/2026\/0115\/1553163-rte-gpo-broadcasts\/javascript:void(0);\" onclick=\"OneTrust.ToggleInfoDisplay()\" rel=\"nofollow noopener\" target=\"_blank\">Manage Preferences<\/a><\/p>\n<p>Today with David McCullagh will take over at 9am on RT\u00c9 Radio 1 and will feature panel discussions on Irish history, society, sport and music with leading voices from across public life, including GAA President Jarlath Burns and historian and archivist Caitriona Crowe. They will be joined by a wide range of musical guests.<\/p>\n<p>At 1pm, the Full Score with Liz Nolan on RT\u00c9 Lyric FM will host a special programme featuring the Army No. 1 Band, who played the first music heard on 2RN.<\/p>\n<p>Tenor Gavan Ring will also perform a number of songs, including two which were performed during that first 1926 broadcast.<\/p>\n<p>RT\u00c9 Raidi\u00f3 na Gaeltachta\u2019s T\u00fas \u00c1ite, presented by Fachtna \u00d3 Drisceoil, will take over from 5pm and will include conversations about the history of the broadcasting service, a look through the archives and special guests will share their memories of Irish radio.<\/p>\n<p>RT\u00c9 Radio 1\u2019s Arena will mark the centenary with a special programme, featuring live music and exploring literature with Booker Prize-winning novelist Paul Lynch, novelist Christine Dwyer Hickey and An Cail\u00edn Ci\u00fain&#8217;s Colm Bair\u00e9ad.<\/p>\n<p>RT\u00c9 weather forecasts will also be broadcast live from the GPO throughout the day.<\/p>\n<p>An Post has issued a special stamp to mark 100 years of broadcasting.<\/p>\n<p>Unveiled yesterday, An Post said the stamp, which features an antenna surrounded by transmission signals &#8220;radiating across the nation&#8221;, celebrates a &#8220;historic milestone in Irish cultural life&#8221; and the evolution of broadcasting over the last century.<\/p>\n<p>Minister for Communications Patrick O\u2019Donovan said: &#8220;When 2RN began broadcasting, this nation was only in its infancy in the first years of independence, and with limited resources, the State prioritised finding and sharing a new voice for the nation.<\/p>\n<p>&#8220;This established, here in Ireland, a medium which to this day remains one of the most accessible and engaging forms of communication and self-expression, which is as popular today as ever with the majority of people here in Ireland still listening to radio on a daily basis.&#8221;<\/p>\n","protected":false},"excerpt":{"rendered":"RT\u00c9 radio will mark 100 years of public service broadcasting in Ireland with a series of broadcasts from&hellip;\n","protected":false},"author":2,"featured_media":245738,"comment_status":"","ping_status":"","sticky":false,"template":"","format":"standard","meta":{"footnotes":""},"categories":[28],"tags":[93,61,60,278],"class_list":{"0":"post-245737","1":"post","2":"type-post","3":"status-publish","4":"format-standard","5":"has-post-thumbnail","7":"category-music","8":"tag-entertainment","9":"tag-ie","10":"tag-ireland","11":"tag-music"},"_links":{"self":[{"href":"https:\/\/www.newsbeep.com\/ie\/wp-json\/wp\/v2\/posts\/245737","targetHints":{"allow":["GET"]}}],"collection":[{"href":"https:\/\/www.newsbeep.com\/ie\/wp-json\/wp\/v2\/posts"}],"about":[{"href":"https:\/\/www.newsbeep.com\/ie\/wp-json\/wp\/v2\/types\/post"}],"author":[{"embeddable":true,"href":"https:\/\/www.newsbeep.com\/ie\/wp-json\/wp\/v2\/users\/2"}],"replies":[{"embeddable":true,"href":"https:\/\/www.newsbeep.com\/ie\/wp-json\/wp\/v2\/comments?post=245737"}],"version-history":[{"count":0,"href":"https:\/\/www.newsbeep.com\/ie\/wp-json\/wp\/v2\/posts\/245737\/revisions"}],"wp:featuredmedia":[{"embeddable":true,"href":"https:\/\/www.newsbeep.com\/ie\/wp-json\/wp\/v2\/media\/245738"}],"wp:attachment":[{"href":"https:\/\/www.newsbeep.com\/ie\/wp-json\/wp\/v2\/media?parent=245737"}],"wp:term":[{"taxonomy":"category","embeddable":true,"href":"https:\/\/www.newsbeep.com\/ie\/wp-json\/wp\/v2\/categories?post=245737"},{"taxonomy":"post_tag","embeddable":true,"href":"https:\/\/www.newsbeep.com\/ie\/wp-json\/wp\/v2\/tags?post=245737"}],"curies":[{"name":"wp","href":"https:\/\/api.w.org\/{rel}","templated":true}]}}