{"id":289578,"date":"2026-02-10T00:21:11","date_gmt":"2026-02-10T00:21:11","guid":{"rendered":"https:\/\/www.newsbeep.com\/ie\/289578\/"},"modified":"2026-02-10T00:21:11","modified_gmt":"2026-02-10T00:21:11","slug":"funeral-details-announced-for-frank-daly-who-died-after-being-struck-by-bus-in-dublin-city-centre","status":"publish","type":"post","link":"https:\/\/www.newsbeep.com\/ie\/289578\/","title":{"rendered":"Funeral details announced for Frank Daly who died after being struck by bus in Dublin city centre"},"content":{"rendered":"<p class=\"indo-ebe0ecc6_root indo-ebe0ecc6_paragraph indo-300db776_none indo-91174671_primary indo-1d70522a_marginbottom5 indo-1d70522a_margintop0 indo-b48c4984_inherit\" style=\"color:var(--color-primary-80)\">Frank Daly (86) died when he and a group of pedestrians were struck by a double-decker Bus \u00c9ireann bus as it came off the junction of Talbot Street and Marlborough Street, onto the beginning of the pedestrianised North Earl Street in Dublin city centre.<\/p>\n<p class=\"indo-ebe0ecc6_root indo-ebe0ecc6_paragraph indo-300db776_none indo-91174671_primary indo-1d70522a_marginbottom5 indo-1d70522a_margintop0 indo-b48c4984_inherit\" style=\"color:var(--color-primary-80)\">Two other pedestrians &#8211; a man in his 20s and a woman in her 30s &#8211; were taken to hospital with injuries described as &#8220;non-life-threatening&#8221;, although the man&#8217;s were additionally described as &#8220;serious&#8221;.<\/p>\n<p><img decoding=\"async\" alt=\"Gardai and emergency services at a scene after a Bus \u00c9ireann vehicle crashed on the padestrianised North Earl Street. Picture by Mark Condren\" src=\"https:\/\/www.newsbeep.com\/ie\/wp-content\/uploads\/2026\/02\/rl Street bus crash.jpg\" loading=\"lazy\" width=\"100%\" data-testid=\"article-image\"  \/><\/p>\n<p class=\"indo-ebe0ecc6_root indo-ebe0ecc6_caption1 indo-300db776_none indo-91174671_secondary indo-66f0fec7_regular indo-1d70522a_marginbottom0 indo-1d70522a_marginleft0 indo-1d70522a_marginright0 indo-1d70522a_margintop3 indo-b48c4984_left\" style=\"color:var(--color-grey-60)\">Gardai and emergency services at a scene after a Bus \u00c9ireann vehicle crashed on the padestrianised North Earl Street. Picture by Mark Condren<\/p>\n<p class=\"indo-ebe0ecc6_root indo-ebe0ecc6_paragraph indo-300db776_none indo-91174671_primary indo-1d70522a_marginbottom5 indo-1d70522a_margintop0 indo-b48c4984_inherit\" style=\"color:var(--color-primary-80)\">An Garda S\u00edoch\u00e1na has asked anyone with photographs or video of the incident to make them available to the investigation team at Store Street Garda Station.<\/p>\n<p class=\"indo-ebe0ecc6_root indo-ebe0ecc6_paragraph indo-300db776_none indo-91174671_primary indo-1d70522a_marginbottom5 indo-1d70522a_margintop0 indo-b48c4984_inherit\" style=\"color:var(--color-primary-80)\">Mr Daly leaves behind his brother Dermot, sisters Elizabeth and Patricia and a host of nephews, nieces and good friends following his tragic passing, a funeral notice posted online said.<\/p>\n<p class=\"indo-ebe0ecc6_root indo-ebe0ecc6_paragraph indo-300db776_none indo-91174671_primary indo-1d70522a_marginbottom5 indo-1d70522a_margintop0 indo-b48c4984_inherit\" style=\"color:var(--color-primary-80)\">His funeral service will take place on Friday at 11am at St Joseph\u2019s Church in East Wall.<\/p>\n<p class=\"indo-ebe0ecc6_root indo-ebe0ecc6_paragraph indo-300db776_none indo-91174671_primary indo-1d70522a_marginbottom5 indo-1d70522a_margintop0 indo-b48c4984_inherit\" style=\"color:var(--color-primary-80)\">On Thursday, Mr Daly will repose at Stafford\u2019s Funeral Home on the North Strand Road from 3pm to 5pc.<\/p>\n<p class=\"indo-ebe0ecc6_root indo-ebe0ecc6_paragraph indo-300db776_none indo-91174671_primary indo-1d70522a_marginbottom5 indo-1d70522a_margintop0 indo-b48c4984_inherit\" style=\"color:var(--color-primary-80)\">He will be removed to the church on Friday where he will arrive at 10:50am before his burial at Mount Jerome Cemetery at 1 o\u2019clock.<\/p>\n<p class=\"indo-ebe0ecc6_root indo-ebe0ecc6_paragraph indo-300db776_none indo-91174671_primary indo-1d70522a_marginbottom5 indo-1d70522a_margintop0 indo-b48c4984_inherit\" style=\"color:var(--color-primary-80)\">Mr Daly, originally from East Wall, still lived there on his own. He was very popular amongst his neighbours in the area who described him as a \u201cgentleman\u201d and \u201cintelligent\u201d.<\/p>\n<p class=\"indo-ebe0ecc6_root indo-ebe0ecc6_paragraph indo-300db776_none indo-91174671_primary indo-1d70522a_marginbottom5 indo-1d70522a_margintop0 indo-b48c4984_inherit\" style=\"color:var(--color-primary-80)\">&#8220;He would leave in the morning and go into town. Talbot Street and North Earl Street were where he would go. He would drop into the bookies and then go up to a cafe for lunch. He loved Ann\u2019s Bakery,\u201d said neighbour Caitr\u00edona N\u00ed N\u00ed Cassaithe.<\/p>\n<p class=\"indo-ebe0ecc6_root indo-ebe0ecc6_paragraph indo-300db776_none indo-91174671_primary indo-1d70522a_marginbottom5 indo-1d70522a_margintop0 indo-b48c4984_inherit\" style=\"color:var(--color-primary-80)\">She added: \u201cHe would travel abroad to see his sisters in America, he was very active and independent. Everyone was fond of Frank and we\u2019ll all miss him.\u201d<\/p>\n<p class=\"indo-ebe0ecc6_root indo-ebe0ecc6_paragraph indo-300db776_none indo-91174671_primary indo-1d70522a_marginbottom5 indo-1d70522a_margintop0 indo-b48c4984_inherit\" style=\"color:var(--color-primary-80)\">Another neighbour, Caroline McCann, said Mr Daly would be deeply missed.<\/p>\n<p class=\"indo-ebe0ecc6_root indo-ebe0ecc6_paragraph indo-300db776_none indo-91174671_primary indo-1d70522a_marginbottom5 indo-1d70522a_margintop0 indo-b48c4984_inherit\" style=\"color:var(--color-primary-80)\">\u201cHe was a good neighbour,\u201d she said. \u201cHe was a private person, and loved going into town every day. He was a man of the world really in that he knew a lot about things, he was intelligent.<\/p>\n<p class=\"indo-ebe0ecc6_root indo-ebe0ecc6_paragraph indo-300db776_none indo-91174671_primary indo-1d70522a_marginbottom5 indo-1d70522a_margintop0 indo-b48c4984_inherit\" style=\"color:var(--color-primary-80)\">\u201cWe used to look out for him to see he\u2019d be home safe, and his nephews were very good to him.\u201d<\/p>\n","protected":false},"excerpt":{"rendered":"Frank Daly (86) died when he and a group of pedestrians were struck by a double-decker Bus \u00c9ireann&hellip;\n","protected":false},"author":2,"featured_media":289579,"comment_status":"","ping_status":"","sticky":false,"template":"","format":"standard","meta":{"footnotes":""},"categories":[2],"tags":[615,61,60,1286,43],"class_list":{"0":"post-289578","1":"post","2":"type-post","3":"status-publish","4":"format-standard","5":"has-post-thumbnail","7":"category-ireland","8":"tag-dublin","9":"tag-ie","10":"tag-ireland","11":"tag-keith-kelly","12":"tag-news"},"_links":{"self":[{"href":"https:\/\/www.newsbeep.com\/ie\/wp-json\/wp\/v2\/posts\/289578","targetHints":{"allow":["GET"]}}],"collection":[{"href":"https:\/\/www.newsbeep.com\/ie\/wp-json\/wp\/v2\/posts"}],"about":[{"href":"https:\/\/www.newsbeep.com\/ie\/wp-json\/wp\/v2\/types\/post"}],"author":[{"embeddable":true,"href":"https:\/\/www.newsbeep.com\/ie\/wp-json\/wp\/v2\/users\/2"}],"replies":[{"embeddable":true,"href":"https:\/\/www.newsbeep.com\/ie\/wp-json\/wp\/v2\/comments?post=289578"}],"version-history":[{"count":0,"href":"https:\/\/www.newsbeep.com\/ie\/wp-json\/wp\/v2\/posts\/289578\/revisions"}],"wp:featuredmedia":[{"embeddable":true,"href":"https:\/\/www.newsbeep.com\/ie\/wp-json\/wp\/v2\/media\/289579"}],"wp:attachment":[{"href":"https:\/\/www.newsbeep.com\/ie\/wp-json\/wp\/v2\/media?parent=289578"}],"wp:term":[{"taxonomy":"category","embeddable":true,"href":"https:\/\/www.newsbeep.com\/ie\/wp-json\/wp\/v2\/categories?post=289578"},{"taxonomy":"post_tag","embeddable":true,"href":"https:\/\/www.newsbeep.com\/ie\/wp-json\/wp\/v2\/tags?post=289578"}],"curies":[{"name":"wp","href":"https:\/\/api.w.org\/{rel}","templated":true}]}}