{"id":292708,"date":"2026-02-11T17:13:14","date_gmt":"2026-02-11T17:13:14","guid":{"rendered":"https:\/\/www.newsbeep.com\/ie\/292708\/"},"modified":"2026-02-11T17:13:14","modified_gmt":"2026-02-11T17:13:14","slug":"eileen-kelly-nee-ogrady-limericks-live-95","status":"publish","type":"post","link":"https:\/\/www.newsbeep.com\/ie\/292708\/","title":{"rendered":"Eileen Kelly (n\u00e9e\u00a0O\u2019Grady) &#8211; Limerick&#8217;s Live 95"},"content":{"rendered":"<p style=\"text-align: center;\"><img decoding=\"async\" alt=\"\" src=\"https:\/\/www.newsbeep.com\/ie\/wp-content\/uploads\/2026\/02\/698c454a423fc.jpg\" style=\"width: 248px; height: 263px;\"\/><\/p>\n<p style=\"text-align: center;\">Cragmore,\u00a0Askeaton, Co. Limerick, and formerly of\u00a0Ballyduff, Co. Kerry.<\/p>\n<p>Eileen passed away peacefully at University Hospital Limerick on the 10th of February, surrounded by her loving family.<\/p>\n<p>Predeceased by her sisters Betty,\u00a0Nuala\u00a0and Carmel, and her brother Thomas.<\/p>\n<p>She will be sadly missed by her loving husband Tom; her children Marie, Deirdre, Paul, Therese and Thomas; sons-in-law Paddy, Mike and\u00a0Domhnall; daughters-in-law Helen and Bianca; her sisters Peggy, Mary, Patricia and Teresa; brothers Liam, John and Michael; and her adoring grandchildren Niall, Anthony,\u00a0Aoife,\u00a0Colm, Adam,\u00a0Orlaith,\u00a0Bl\u00e1ith\u00edn, Domhnall \u00d3g,\u00a0Tom\u00e1s\u00a0and\u00a0Ruair\u00ed. \u00a0<\/p>\n<p style=\"text-align: center;\">Rest In Peace.<\/p>\n<p>Eileen will repose at\u00a0Kieran\u00a0Madigan\u2019s\u00a0Funeral Home, Main Street,\u00a0Askeaton\u00a0V94 K598 on Friday, February 13th, from 5.30 pm to 7.30 pm.<\/p>\n<p>Remains will arrive at St. Mary\u2019s Church,\u00a0Askeaton, for Requiem Mass at 11.00 am on Saturday, February 14th, followed by burial in\u00a0Reilig\u00a0Mhuire,\u00a0Askeaton. The Requiem Mass will be live-streamed on\u00a0<a data-saferedirecturl=\"https:\/\/www.google.com\/url?q=https:\/\/urldefense.com\/v3\/__https:\/\/www.facebook.com\/profile.php?id%3D100057134452769__;!!F0Stn7g!BTbyC-JK_qwsNH1UHk8VU_R5WQMwh-7gW1qZ2KlZ6RYPrEZtD7O8jpDN2JgNkSTw2urSBDZcEVIFqX-YFb9U4bsmzA$&amp;source=gmail&amp;ust=1770886089886000&amp;usg=AOvVaw2bzdonDriCcnFPnTPo2mfy\" href=\"https:\/\/urldefense.com\/v3\/__https:\/\/www.facebook.com\/profile.php?id=100057134452769__;!!F0Stn7g!BTbyC-JK_qwsNH1UHk8VU_R5WQMwh-7gW1qZ2KlZ6RYPrEZtD7O8jpDN2JgNkSTw2urSBDZcEVIFqX-YFb9U4bsmzA$\" target=\"_blank\" rel=\"nofollow noopener\">https:\/\/www.facebook.com\/profile.php?id=100057134452769<\/a><\/p>\n<p>House private, please.<\/p>\n<p>Family flowers only. Donations, if desired, to\u00a0Adare\u00a0Day Centre.<\/p>\n<p>\u00a0Kieran Madigan, Funeral Director, Main Street, Askeaton, Co Limerick<\/p>\n<p>Tel 061 392121<\/p>\n","protected":false},"excerpt":{"rendered":"Cragmore,\u00a0Askeaton, Co. Limerick, and formerly of\u00a0Ballyduff, Co. Kerry. Eileen passed away peacefully at University Hospital Limerick on the&hellip;\n","protected":false},"author":2,"featured_media":292709,"comment_status":"","ping_status":"","sticky":false,"template":"","format":"standard","meta":{"footnotes":""},"categories":[2],"tags":[61,60,608,611,607,610,609,612,43],"class_list":{"0":"post-292708","1":"post","2":"type-post","3":"status-publish","4":"format-standard","5":"has-post-thumbnail","7":"category-ireland","8":"tag-ie","9":"tag-ireland","10":"tag-limerick-radio","11":"tag-limerick-today","12":"tag-limericks-live95fm","13":"tag-live-95","14":"tag-live95fm","15":"tag-live95fm-homepage","16":"tag-news"},"_links":{"self":[{"href":"https:\/\/www.newsbeep.com\/ie\/wp-json\/wp\/v2\/posts\/292708","targetHints":{"allow":["GET"]}}],"collection":[{"href":"https:\/\/www.newsbeep.com\/ie\/wp-json\/wp\/v2\/posts"}],"about":[{"href":"https:\/\/www.newsbeep.com\/ie\/wp-json\/wp\/v2\/types\/post"}],"author":[{"embeddable":true,"href":"https:\/\/www.newsbeep.com\/ie\/wp-json\/wp\/v2\/users\/2"}],"replies":[{"embeddable":true,"href":"https:\/\/www.newsbeep.com\/ie\/wp-json\/wp\/v2\/comments?post=292708"}],"version-history":[{"count":0,"href":"https:\/\/www.newsbeep.com\/ie\/wp-json\/wp\/v2\/posts\/292708\/revisions"}],"wp:featuredmedia":[{"embeddable":true,"href":"https:\/\/www.newsbeep.com\/ie\/wp-json\/wp\/v2\/media\/292709"}],"wp:attachment":[{"href":"https:\/\/www.newsbeep.com\/ie\/wp-json\/wp\/v2\/media?parent=292708"}],"wp:term":[{"taxonomy":"category","embeddable":true,"href":"https:\/\/www.newsbeep.com\/ie\/wp-json\/wp\/v2\/categories?post=292708"},{"taxonomy":"post_tag","embeddable":true,"href":"https:\/\/www.newsbeep.com\/ie\/wp-json\/wp\/v2\/tags?post=292708"}],"curies":[{"name":"wp","href":"https:\/\/api.w.org\/{rel}","templated":true}]}}