{"id":405795,"date":"2026-04-18T23:05:11","date_gmt":"2026-04-18T23:05:11","guid":{"rendered":"https:\/\/www.newsbeep.com\/ie\/405795\/"},"modified":"2026-04-18T23:05:11","modified_gmt":"2026-04-18T23:05:11","slug":"john-lavin-midwest-radio","status":"publish","type":"post","link":"https:\/\/www.newsbeep.com\/ie\/405795\/","title":{"rendered":"John Lavin &#8211; Midwest Radio"},"content":{"rendered":"<p>Cloonmagunnaun, Frenchpark, Co. Roscommon \u2013 peacefully, in his 82nd year, in the wonderful care of Eithne and her team at Oakwood Nursing Home, Ballaghaderreen.<\/p>\n<p>Predeceased by his parents John Thomas and Margaret and his brother, Jimmy.<\/p>\n<p>Sadly missed and remembered with love by his wife Mary, sons Peter and Billy, grandchildren Aisling, Liam, Aoife, M\u00e9abh, Ciar\u00e1n and Peter, daughters-in-law Vivienne and Sin\u00e9ad, brother-in-law Michael, extended family, neighbours and friends.<\/p>\n<p>May He Rest in Peace.<\/p>\n<p>John will repose in The Sharkey Funeral Frenchpark on Sunday from 4pm until 6pm. Removal to St. Bridget\u2019s Church Breedogue \u2013 arriving at 6.30pm.<\/p>\n<p>Mass of the Resurrection on Monday at 11am followed by committal service in Sharkey\u2019s Cremation Chapel, Loughglynn.<\/p>\n<p>House private and family flowers only, please. Donations in John\u2019s memory can be made to The St. Vincent de Paul Society.<\/p>\n<p>John\u2019s Mass will be live-streamed and can be viewed by clicking this link:\u00a0<a href=\"https:\/\/www.facebook.com\/SharkeyFuneralDirectors\" rel=\"nofollow noopener\" target=\"_blank\">https:\/\/www.facebook.com\/SharkeyFuneralDirectors<\/a>.<\/p>\n","protected":false},"excerpt":{"rendered":"Cloonmagunnaun, Frenchpark, Co. Roscommon \u2013 peacefully, in his 82nd year, in the wonderful care of Eithne and her&hellip;\n","protected":false},"author":2,"featured_media":405796,"comment_status":"","ping_status":"","sticky":false,"template":"","format":"standard","meta":{"footnotes":""},"categories":[2],"tags":[61,60,43],"class_list":{"0":"post-405795","1":"post","2":"type-post","3":"status-publish","4":"format-standard","5":"has-post-thumbnail","7":"category-ireland","8":"tag-ie","9":"tag-ireland","10":"tag-news"},"_links":{"self":[{"href":"https:\/\/www.newsbeep.com\/ie\/wp-json\/wp\/v2\/posts\/405795","targetHints":{"allow":["GET"]}}],"collection":[{"href":"https:\/\/www.newsbeep.com\/ie\/wp-json\/wp\/v2\/posts"}],"about":[{"href":"https:\/\/www.newsbeep.com\/ie\/wp-json\/wp\/v2\/types\/post"}],"author":[{"embeddable":true,"href":"https:\/\/www.newsbeep.com\/ie\/wp-json\/wp\/v2\/users\/2"}],"replies":[{"embeddable":true,"href":"https:\/\/www.newsbeep.com\/ie\/wp-json\/wp\/v2\/comments?post=405795"}],"version-history":[{"count":0,"href":"https:\/\/www.newsbeep.com\/ie\/wp-json\/wp\/v2\/posts\/405795\/revisions"}],"wp:featuredmedia":[{"embeddable":true,"href":"https:\/\/www.newsbeep.com\/ie\/wp-json\/wp\/v2\/media\/405796"}],"wp:attachment":[{"href":"https:\/\/www.newsbeep.com\/ie\/wp-json\/wp\/v2\/media?parent=405795"}],"wp:term":[{"taxonomy":"category","embeddable":true,"href":"https:\/\/www.newsbeep.com\/ie\/wp-json\/wp\/v2\/categories?post=405795"},{"taxonomy":"post_tag","embeddable":true,"href":"https:\/\/www.newsbeep.com\/ie\/wp-json\/wp\/v2\/tags?post=405795"}],"curies":[{"name":"wp","href":"https:\/\/api.w.org\/{rel}","templated":true}]}}