{"id":414942,"date":"2026-04-24T09:19:15","date_gmt":"2026-04-24T09:19:15","guid":{"rendered":"https:\/\/www.newsbeep.com\/ie\/414942\/"},"modified":"2026-04-24T09:19:15","modified_gmt":"2026-04-24T09:19:15","slug":"a-radical-mini-house-designed-by-jean-benjamin-maneval-in-the-1960s-is-up-for-sale","status":"publish","type":"post","link":"https:\/\/www.newsbeep.com\/ie\/414942\/","title":{"rendered":"A radical mini-house designed by Jean-Benjamin Maneval in the 1960s is up for sale"},"content":{"rendered":"<p>&#13;<\/p>\n<p>In the 1960s, in reaction to the <a href=\"https:\/\/www.domusweb.it\/en\/movements\/modernism.html\" rel=\"nofollow noopener\" target=\"_blank\">Modern Movement<\/a> rigidity, architecture underwent a period of radical experimentation, amid infinitely expandable housing capsules (J<a href=\"https:\/\/www.domusweb.it\/en\/architecture\/2013\/05\/29\/the_metabolist_routine.html\" rel=\"nofollow noopener\" target=\"_blank\">apanese Metabolism<\/a>), pneumatic cities (<a href=\"https:\/\/www.domusweb.it\/it\/recensioni\/2006\/01\/05\/l-avventura-degli-archigram.html?_gl=1*61vx5*_gcl_au*MTQwOTQ2MjgwOS4xNzczMTI5ODk2LjQyNzk4ODg2Ny4xNzc1ODI0MzcwLjE3NzU4MjQzNzA.*_ga*MzMyNTMyMTA1LjE3NzMxMjk4OTc.*_ga_TKPHQ83E3D*czE3NzY0Mjk4ODEkbzc3JGcxJHQxNzc2NDMxNTk4JGoxMyRsMCRoNTEwNjE2ODM4\" rel=\"nofollow noopener\" target=\"_blank\">Archigram<\/a>) and geodesic domes (<a href=\"https:\/\/www.domusweb.it\/en\/biographies\/richard-buckminster-fuller.html?_gl=1*1cptka3*_up*MQ..*_ga*MTEyMDI4NjMxMy4xNzcwNjMwMDQ4*_ga_1B6D1YS5ZT*czE3NzU2MzYzODkkbzE4JGcxJHQxNzc1NjM2NDc5JGozNSRsMCRoMzk5MzI5OTUy\" rel=\"nofollow noopener\" target=\"_blank\">Buckminster Fuller<\/a>). Some of that visionary enthusiasm has survived to the present day, re-emerging on the real estate market: In fact, one of the Bulles designed by Jean-Benjamin Maneval, \u201clanded\u201d in a collector\u2019s garden, is currently for sale in France.<\/p>\n<p>With around three hundred units produced between 1964 and 1968 within the research on plastic materials (including the first \u201cmaison tout en plastique\u201d by Ionel Schein and Ren\u00e9-Andr\u00e9 Coulon, presented in 1956 at the Salon des Arts M\u00e9nagers in Paris), the Bulle is a manifesto of the technical and figurative potential of this material and transposes the idea of \u201cnomadic\u201d, light and economical living into a compact house (approximately 36 square metres).<\/p>\n<p>&#13;<\/p>\n","protected":false},"excerpt":{"rendered":"&#13; In the 1960s, in reaction to the Modern Movement rigidity, architecture underwent a period of radical experimentation,&hellip;\n","protected":false},"author":2,"featured_media":414943,"comment_status":"","ping_status":"","sticky":false,"template":"","format":"standard","meta":{"footnotes":""},"categories":[31],"tags":[307,304,305,306,308,93,61,60],"class_list":{"0":"post-414942","1":"post","2":"type-post","3":"status-publish","4":"format-standard","5":"has-post-thumbnail","7":"category-arts-and-design","8":"tag-arts","9":"tag-arts-and-design","10":"tag-artsanddesign","11":"tag-artsdesign","12":"tag-design","13":"tag-entertainment","14":"tag-ie","15":"tag-ireland"},"_links":{"self":[{"href":"https:\/\/www.newsbeep.com\/ie\/wp-json\/wp\/v2\/posts\/414942","targetHints":{"allow":["GET"]}}],"collection":[{"href":"https:\/\/www.newsbeep.com\/ie\/wp-json\/wp\/v2\/posts"}],"about":[{"href":"https:\/\/www.newsbeep.com\/ie\/wp-json\/wp\/v2\/types\/post"}],"author":[{"embeddable":true,"href":"https:\/\/www.newsbeep.com\/ie\/wp-json\/wp\/v2\/users\/2"}],"replies":[{"embeddable":true,"href":"https:\/\/www.newsbeep.com\/ie\/wp-json\/wp\/v2\/comments?post=414942"}],"version-history":[{"count":0,"href":"https:\/\/www.newsbeep.com\/ie\/wp-json\/wp\/v2\/posts\/414942\/revisions"}],"wp:featuredmedia":[{"embeddable":true,"href":"https:\/\/www.newsbeep.com\/ie\/wp-json\/wp\/v2\/media\/414943"}],"wp:attachment":[{"href":"https:\/\/www.newsbeep.com\/ie\/wp-json\/wp\/v2\/media?parent=414942"}],"wp:term":[{"taxonomy":"category","embeddable":true,"href":"https:\/\/www.newsbeep.com\/ie\/wp-json\/wp\/v2\/categories?post=414942"},{"taxonomy":"post_tag","embeddable":true,"href":"https:\/\/www.newsbeep.com\/ie\/wp-json\/wp\/v2\/tags?post=414942"}],"curies":[{"name":"wp","href":"https:\/\/api.w.org\/{rel}","templated":true}]}}