{"id":415733,"date":"2026-04-24T19:58:13","date_gmt":"2026-04-24T19:58:13","guid":{"rendered":"https:\/\/www.newsbeep.com\/ie\/415733\/"},"modified":"2026-04-24T19:58:13","modified_gmt":"2026-04-24T19:58:13","slug":"daughter-aislings-tribute-says-kindness-mattered-most-to-moya-brennan","status":"publish","type":"post","link":"https:\/\/www.newsbeep.com\/ie\/415733\/","title":{"rendered":"Daughter Aisling&#8217;s tribute says kindness mattered most to Moya Brennan"},"content":{"rendered":"<p>A week after the world said goodbye to Moya Brennan, her daughter Aisling has paid tribute to her as &#8220;an absolute icon&#8221;.<\/p>\n<p>Aisling Jarvis, a guitarist, vocalist and producer, has proudly shared many stages with her mother throughout the years.<\/p>\n<p>She said she counts herself blessed to have toured with her mother and the family band Clannad, and said the outpouring of love for Moya, from all four corners of the world, made her &#8220;so unbelievably proud to be her daughter&#8221;.<\/p>\n<p>&#8220;What has struck me most is that while she was known for her voice and her music, every single person I spoke to or read a tribute from talked about how kind, generous, and humble she was,&#8221; wrote Aisling.<\/p>\n<p>&#8220;It was her character that people remembered. And it made me so happy to know that people saw her the way I always did. She was an absolute icon, but she saw every single person on earth as her equal. And that was how she always wanted to be seen, as kind.&#8221;<\/p>\n<p>Moya (n\u00e9e M\u00e1ire N\u00ed Bhraon\u00e1in) passed away on Monday 13th April following a period of illness. She had been living with a lung condition called pulmonary fibrosis for a number of years.<\/p>\n<p>Aisling said the family&#8217;s precious final weeks together became some of the most difficult, but also most meaningful, moments of her life.<\/p>\n<p>&#8220;Getting to spend time with Mum with no other priorities or agendas, just being together as a family, talking, laughing, singing, it was nothing short of magical,&#8221; she said.<\/p>\n<p class=\"font-sans font-semibold text-xl md:text-[30px] leading-9 text-primary w-full\">\n        You may also be interested in\n    <\/p>\n<p>            <a href=\"https:\/\/www.donegaldaily.com\/news\/celebrate-local-makers-and-summer-style-at-magees-summer-spin-this-saturday-631516\" class=\"block w-2\/5 shrink-0\" aria-label=\"Celebrate local makers and summer style at Magee\u2019s Summer Spin this Saturday\" rel=\"nofollow noopener\" target=\"_blank\"><\/p>\n<p>        <img decoding=\"async\" loading=\"lazy\" src=\"https:\/\/www.newsbeep.com\/ie\/wp-content\/uploads\/2026\/04\/celebrate-local-makers-and-summer-style-at-magee-rsquo-s-summer-spin-this-saturday.jpg\" class=\"max-w-full w-full h-full object-contain relative z-10\" width=\"150\" height=\"84\"  alt=\"Celebrate local makers and summer style at Magee\u2019s Summer Spin this Saturday\" \/><\/p>\n<p>            <\/a><\/p>\n<p>            <a href=\"https:\/\/www.donegaldaily.com\/lead-stories\/warrant-issued-for-letterkenny-woman-facing-drug-charges-631098\" class=\"block w-2\/5 shrink-0\" aria-label=\"Warrant issued for Letterkenny woman facing drug charges\" rel=\"nofollow noopener\" target=\"_blank\"><\/p>\n<p>        <img decoding=\"async\" loading=\"lazy\" src=\"https:\/\/www.newsbeep.com\/ie\/wp-content\/uploads\/2026\/04\/warrant-issued-for-letterkenny-woman-facing-drug-charges.jpg\" class=\"max-w-full w-full h-full object-contain relative z-10\" width=\"150\" height=\"84\"  alt=\"Warrant issued for Letterkenny woman facing drug charges\" \/><\/p>\n<p>            <\/a><\/p>\n<p>&#8220;She was an incredible Mum, born to be a typical irish mammy I would say, and an amazing Granny to Eden. She did everything in her power to provide and look after all of us,&#8221; Aisling adds.<\/p>\n<p><img decoding=\"async\" class=\"size-large wp-image-630643 in-content-img not-prose w-full\" height=\"1024\" width=\"auto\" src=\"https:\/\/www.newsbeep.com\/ie\/wp-content\/uploads\/2026\/04\/daughter-aisling-039-s-tribute-says-kindness-mattered-most-to-moya-brennan.jpeg\" alt=\"\" loading=\"lazy\"\/><\/p>\n<p class=\"font-serif font-normal text-base leading-6 text-tertiary not-prose\"> Moya Brennan and husband Tom Jarvis with daughter Aisling and son Paul, as she was announced as the Donegal Person of The Year 2023. Photo by Eoin Mc Garvey<\/p>\n<p>Thanking all those who wrote about Moya, celebrated her life and came to the wake and funeral, Aisling said the family had been overwhelmed by the outpouring of love over the past week.<\/p>\n<p>She said Moya herself could never have imagined the scale of the reaction, but that it was \u201cabsolutely what she deserved\u201d.<\/p>\n<p>Aisling added that while she will miss her mother so much, she still feels her energy with her and believes \u201cshe won\u2019t ever truly be gone\u201d.<\/p>\n<p>Moya Brennan was laid to rest in Magheragallon Cemetery on Friday 17th April, following a <a href=\"https:\/\/www.donegaldaily.com\/news\/moya-brennan-celebrated-in-music-and-memories-630649\" target=\"_blank\" rel=\"noopener nofollow\">Funeral Mass full of powerful music and words<\/a> in honour of a woman who brought joy and inspiration to so many.<\/p>\n","protected":false},"excerpt":{"rendered":"A week after the world said goodbye to Moya Brennan, her daughter Aisling has paid tribute to her&hellip;\n","protected":false},"author":2,"featured_media":415734,"comment_status":"","ping_status":"","sticky":false,"template":"","format":"standard","meta":{"footnotes":""},"categories":[8],"tags":[93,61,60],"class_list":{"0":"post-415733","1":"post","2":"type-post","3":"status-publish","4":"format-standard","5":"has-post-thumbnail","7":"category-entertainment","8":"tag-entertainment","9":"tag-ie","10":"tag-ireland"},"_links":{"self":[{"href":"https:\/\/www.newsbeep.com\/ie\/wp-json\/wp\/v2\/posts\/415733","targetHints":{"allow":["GET"]}}],"collection":[{"href":"https:\/\/www.newsbeep.com\/ie\/wp-json\/wp\/v2\/posts"}],"about":[{"href":"https:\/\/www.newsbeep.com\/ie\/wp-json\/wp\/v2\/types\/post"}],"author":[{"embeddable":true,"href":"https:\/\/www.newsbeep.com\/ie\/wp-json\/wp\/v2\/users\/2"}],"replies":[{"embeddable":true,"href":"https:\/\/www.newsbeep.com\/ie\/wp-json\/wp\/v2\/comments?post=415733"}],"version-history":[{"count":0,"href":"https:\/\/www.newsbeep.com\/ie\/wp-json\/wp\/v2\/posts\/415733\/revisions"}],"wp:featuredmedia":[{"embeddable":true,"href":"https:\/\/www.newsbeep.com\/ie\/wp-json\/wp\/v2\/media\/415734"}],"wp:attachment":[{"href":"https:\/\/www.newsbeep.com\/ie\/wp-json\/wp\/v2\/media?parent=415733"}],"wp:term":[{"taxonomy":"category","embeddable":true,"href":"https:\/\/www.newsbeep.com\/ie\/wp-json\/wp\/v2\/categories?post=415733"},{"taxonomy":"post_tag","embeddable":true,"href":"https:\/\/www.newsbeep.com\/ie\/wp-json\/wp\/v2\/tags?post=415733"}],"curies":[{"name":"wp","href":"https:\/\/api.w.org\/{rel}","templated":true}]}}