{"id":403198,"date":"2026-04-21T10:20:09","date_gmt":"2026-04-21T10:20:09","guid":{"rendered":"https:\/\/www.newsbeep.com\/il\/403198\/"},"modified":"2026-04-21T10:20:09","modified_gmt":"2026-04-21T10:20:09","slug":"bosnias-first-exhibition-of-stringed-instruments-announced-news","status":"publish","type":"post","link":"https:\/\/www.newsbeep.com\/il\/403198\/","title":{"rendered":"Bosnia\u2019s first exhibition of stringed instruments announced | News"},"content":{"rendered":"<p class=\"picture\"><img fetchpriority=\"high\" decoding=\"async\" alt=\"Violin by Mensur Avdi\u0107\" src=\"https:\/\/www.newsbeep.com\/il\/wp-content\/uploads\/2026\/04\/42950_violinbymensuravdi_588066.jpg\"  loading=\"eager\" class=\"lazyloaded\" width=\"918\" height=\"602\"\/><\/p>\n<p><a href=\"https:\/\/www.thestrad.com\/news\" target=\"_blank\" rel=\"nofollow noopener\">Read more news stories here<\/a>\u00a0<\/p>\n<p>Organisers have announced the first ever international exhibition of bowed stringed instruments in Bosnia and Herzegovina. The event will take place on 12 September 2026 in Tuzla, the country\u2019s third-largest city.<\/p>\n<p>In addition to the exhibition, there will be a symposium for professional instrument makers, and a concert by violinist Maida Habibovi\u0107 and violist Wolfgang W\u00f6lfer-Roth. Visitors will have the opportunity to try out the instruments, speak directly with their makers, and gain first-hand insight into different approaches to sound, construction and aesthetic expression.<\/p>\n<p>Eighteen luthiers will be exhibiting their instruments at the event. From Bosnia and Herzegovina the makers are Mensur Avdi\u0107, Sifet Avdi\u0107, Elvedin Hod\u017ei\u0107, Mirko Vukelji\u0107, Mladen Sofreni\u0107, Zoran Martinovi\u0107, Hrvoje Ivankovi\u0107 and Branko \u0160imi\u0107. From Serbia, the exhibitors are Boris Batalovi\u0107, Dejan Blagojevi\u0107, Dragan Filipovi\u0107, Dmitry Tarakanov and Biljana \u010cali\u0107, while Croatia will be represented by \u017deljko \u0106ati\u0107, Vinko Bo\u0161njak, Darko Stipesevi\u0107, Mirko Sli\u0161kovi\u0107 and Nikola Dervenkar.<\/p>\n<p>\u00a0<\/p>\n<p>The exhibition has been initiated and conceived by Mensur Avdi\u0107. \u2018I wanted to create a space where, for the first time, instruments made here could be presented within an international context, bringing together makers and musicians in one place,\u2019 he said. \u2018Our aim is not only to showcase high-level craftsmanship but to establish a basis for long-term dialogue, collaboration and development.\u2019<\/p>\n<p>The German and Polish embassies in Bosnia and Herzegovina have expressed their support for the project, alongside the Sarajevo Philharmonic. The exhibition is also supported by the Centre for Culture of the City of Tuzla.<\/p>\n<p>\u00a0<\/p>\n<p>\u00a0<\/p>\n<p>\u00a0<\/p>\n<p>\u00a0<\/p>\n<p>\u00a0<\/p>\n","protected":false},"excerpt":{"rendered":"Read more news stories here\u00a0 Organisers have announced the first ever international exhibition of bowed stringed instruments in&hellip;\n","protected":false},"author":2,"featured_media":403199,"comment_status":"","ping_status":"","sticky":false,"template":"","format":"standard","meta":{"footnotes":""},"categories":[8],"tags":[146,85,46],"class_list":{"0":"post-403198","1":"post","2":"type-post","3":"status-publish","4":"format-standard","5":"has-post-thumbnail","7":"category-entertainment","8":"tag-entertainment","9":"tag-il","10":"tag-israel"},"_links":{"self":[{"href":"https:\/\/www.newsbeep.com\/il\/wp-json\/wp\/v2\/posts\/403198","targetHints":{"allow":["GET"]}}],"collection":[{"href":"https:\/\/www.newsbeep.com\/il\/wp-json\/wp\/v2\/posts"}],"about":[{"href":"https:\/\/www.newsbeep.com\/il\/wp-json\/wp\/v2\/types\/post"}],"author":[{"embeddable":true,"href":"https:\/\/www.newsbeep.com\/il\/wp-json\/wp\/v2\/users\/2"}],"replies":[{"embeddable":true,"href":"https:\/\/www.newsbeep.com\/il\/wp-json\/wp\/v2\/comments?post=403198"}],"version-history":[{"count":0,"href":"https:\/\/www.newsbeep.com\/il\/wp-json\/wp\/v2\/posts\/403198\/revisions"}],"wp:featuredmedia":[{"embeddable":true,"href":"https:\/\/www.newsbeep.com\/il\/wp-json\/wp\/v2\/media\/403199"}],"wp:attachment":[{"href":"https:\/\/www.newsbeep.com\/il\/wp-json\/wp\/v2\/media?parent=403198"}],"wp:term":[{"taxonomy":"category","embeddable":true,"href":"https:\/\/www.newsbeep.com\/il\/wp-json\/wp\/v2\/categories?post=403198"},{"taxonomy":"post_tag","embeddable":true,"href":"https:\/\/www.newsbeep.com\/il\/wp-json\/wp\/v2\/tags?post=403198"}],"curies":[{"name":"wp","href":"https:\/\/api.w.org\/{rel}","templated":true}]}}