{"id":403804,"date":"2026-04-21T18:19:07","date_gmt":"2026-04-21T18:19:07","guid":{"rendered":"https:\/\/www.newsbeep.com\/il\/403804\/"},"modified":"2026-04-21T18:19:07","modified_gmt":"2026-04-21T18:19:07","slug":"eu-ministers-reject-calls-to-suspend-israeli-trade-agreement-over-war-crimes","status":"publish","type":"post","link":"https:\/\/www.newsbeep.com\/il\/403804\/","title":{"rendered":"EU ministers reject calls to suspend Israeli trade agreement over &#8216;war crimes&#8217;"},"content":{"rendered":"<p>\n         Published on<br \/>\n            21\/04\/2026 &#8211; 19:17 GMT+2\n            <\/p>\n<p>EU foreign ministers rejected calls to end preferential trade with Israel in connection with allegations of war crimes, highlighting persistent divisions within the bloc over the Middle East.<\/p>\n<p>          <img decoding=\"async\" class=\"c-ad__placeholder__logo\" src=\"https:\/\/static.euronews.com\/website\/images\/logos\/logo-euronews-stacked-outlined-72x72-grey-9.svg\" width=\"72\" height=\"72\" alt=\"\" loading=\"lazy\"\/><br \/>\n          ADVERTISEMENT<\/p>\n<p>          <img decoding=\"async\" class=\"c-ad__placeholder__logo\" src=\"https:\/\/static.euronews.com\/website\/images\/logos\/logo-euronews-stacked-outlined-72x72-grey-9.svg\" width=\"72\" height=\"72\" alt=\"\" loading=\"lazy\"\/><br \/>\n          ADVERTISEMENT<\/p>\n<p>However, the EU\u2019s foreign policy chief, Kaja Kallas, said further discussions would take place, including consideration of a proposal by France and Sweden to impose tariffs on goods originating from Israeli settlements in the occupied Palestinian territories.<\/p>\n<p>\u201cWe cannot lose sight of Gaza and the West Bank,\u201d Kallas told journalists at a press conference.<\/p>\n<p>Ahead of the meeting in Luxembourg on Tuesday, the governments of Spain, Ireland and Slovenia called on the EU to \u201cuphold its moral and political responsibility, and to defend the very core values that have underpinned the European project since its foundation\u201d.<\/p>\n<p>\u201cConditions in Gaza are unbearable, marked by continued violations of the ceasefire agreement and the clearly insufficient entry of humanitarian aid into the Strip,\u201d the letter addressed to Kallas stated.<\/p>\n<p>\u201cThe situation in the West Bank is rapidly deteriorating, with escalating violence against Palestinians: radical settlers are acting with impunity,\u201d it added, referring to what it described as \u201cintolerable deaths\u201d of Palestinians.<\/p>\n<p>Kallas said there was insufficient support among member states for the proposals, with no change in positions to back either a full or partial suspension of the EU\u2013Israel Association Agreement.<\/p>\n<p>A full suspension would require unanimous support from all 27 member states, while a partial suspension would require a qualified majority, representing at least 55% of member states and 65% of the EU population.<\/p>\n<p>The outcome had been widely anticipated, as several larger member states, including Germany and Italy, were not expected to support such measures.<\/p>\n<p>At the same time, a number of EU countries, including Germany, have criticised Israel\u2019s continued military campaign in the region, as well as recent legislative developments in the Knesset.<\/p>\n<p>A spokesperson for German Chancellor Friedrich Merz said he had \u201cexpressed his deep concern about developments in the Palestinian territories\u201d in recent days.<\/p>\n<p>\u201cThere must be no de facto partial annexation of the West Bank,\u201d the spokesperson said Merz told Israeli Prime Minister Benjamin Netanyahu during a phone call.<\/p>\n<p>Kallas said she would refer the proposal from Sweden and France regarding settlement goods to the EU trade commissioner, Maro\u0161 \u0160ef\u010dovi\u010d, in the coming days, on the basis that settlements fall outside the scope of the Association Agreement.<\/p>\n<p>She rejected claims that the EU was applying double standards, stating that the bloc is \u201camong the largest supporters of Palestinians, including in reconstruction efforts\u201d.<\/p>\n<p>\u201cCompare how much others are doing for Gaza and Palestinians, and you will see that many are turning to the EU for support,\u201d she said.<\/p>\n","protected":false},"excerpt":{"rendered":"Published on 21\/04\/2026 &#8211; 19:17 GMT+2 EU foreign ministers rejected calls to end preferential trade with Israel in&hellip;\n","protected":false},"author":2,"featured_media":403805,"comment_status":"","ping_status":"","sticky":false,"template":"","format":"standard","meta":{"footnotes":""},"categories":[3],"tags":[42,61,43,8123,40,38,41,39,77],"class_list":{"0":"post-403804","1":"post","2":"type-post","3":"status-publish","4":"format-standard","5":"has-post-thumbnail","7":"category-headlines","8":"tag-headlines","9":"tag-israel-hamas-war","10":"tag-news","11":"tag-the-gaza-strip","12":"tag-top-news","13":"tag-top-stories","14":"tag-topnews","15":"tag-topstories","16":"tag-west-bank"},"_links":{"self":[{"href":"https:\/\/www.newsbeep.com\/il\/wp-json\/wp\/v2\/posts\/403804","targetHints":{"allow":["GET"]}}],"collection":[{"href":"https:\/\/www.newsbeep.com\/il\/wp-json\/wp\/v2\/posts"}],"about":[{"href":"https:\/\/www.newsbeep.com\/il\/wp-json\/wp\/v2\/types\/post"}],"author":[{"embeddable":true,"href":"https:\/\/www.newsbeep.com\/il\/wp-json\/wp\/v2\/users\/2"}],"replies":[{"embeddable":true,"href":"https:\/\/www.newsbeep.com\/il\/wp-json\/wp\/v2\/comments?post=403804"}],"version-history":[{"count":0,"href":"https:\/\/www.newsbeep.com\/il\/wp-json\/wp\/v2\/posts\/403804\/revisions"}],"wp:featuredmedia":[{"embeddable":true,"href":"https:\/\/www.newsbeep.com\/il\/wp-json\/wp\/v2\/media\/403805"}],"wp:attachment":[{"href":"https:\/\/www.newsbeep.com\/il\/wp-json\/wp\/v2\/media?parent=403804"}],"wp:term":[{"taxonomy":"category","embeddable":true,"href":"https:\/\/www.newsbeep.com\/il\/wp-json\/wp\/v2\/categories?post=403804"},{"taxonomy":"post_tag","embeddable":true,"href":"https:\/\/www.newsbeep.com\/il\/wp-json\/wp\/v2\/tags?post=403804"}],"curies":[{"name":"wp","href":"https:\/\/api.w.org\/{rel}","templated":true}]}}