{"id":51709,"date":"2025-09-30T08:36:12","date_gmt":"2025-09-30T08:36:12","guid":{"rendered":"https:\/\/www.newsbeep.com\/nz\/51709\/"},"modified":"2025-09-30T08:36:12","modified_gmt":"2025-09-30T08:36:12","slug":"belgium-europes-environment-2025","status":"publish","type":"post","link":"https:\/\/www.newsbeep.com\/nz\/51709\/","title":{"rendered":"Belgium | Europe&#8217;s environment 2025"},"content":{"rendered":"<p><img src=\"https:\/\/www.newsbeep.com\/nz\/wp-content\/uploads\/2025\/09\/image-200-337baea39e5d80946f8ae07b692f508c.png\" width=\"200\" height=\"199\" class=\"small responsive\"  loading=\"lazy\" decoding=\"async\" alt=\"food.png\"\/><a class=\"anchor\" aria-hidden=\"true\" tabindex=\"-1\" href=\"http:\/\/www.eea.europa.eu\/en\/europe-environment-2025\/countries\/belgium#the-food-system\" rel=\"nofollow noopener\" target=\"_blank\"><\/a>The food system<\/p>\n<p>The food system in Belgium is reaching its ecological, economic and social limits. The strategy of cost leadership\u00a0\u2013 producing highly standardised products as cheaply as possible\u00a0\u2013 has led to specialisation and intensification based on technology and the intensive use of resources. On the one hand, farmers are economically and socially vulnerable, mainly due to low profit margins, unequal distribution of profits and high land prices. Therefore, Belgium has put in place policies, programmes and funds to fulfil the objective of a just transition for farmers. On the other hand, exercising the right to access sustainable food remains a major challenge for citizens. Recourse to food aid is increasing and successive crises have exacerbated precarious situations.<\/p>\n<p>In 2016, the Brussels Region was the first region in Belgium to create a sustainable food strategy. The second version of the <a href=\"https:\/\/goodfood.brussels\/fr?domain=cit\" rel=\"noopener nofollow\" target=\"_blank\">good food<\/a> strategy was published in 2022, with the twofold ambition of producing \u2018better\u2019 produce and improving diets for all. The foundations of the <a href=\"https:\/\/lv.vlaanderen.be\/beleid\/go4food-vlaamse-voedselstrategie\/go4food-food-strategy-flanders\" rel=\"noopener nofollow\" target=\"_blank\">go4food<\/a> strategy of the Flemish Region are affordable and healthy food produced in a sustainable way, using innovation, locally and with respect for farmers and the environment. Since 2018, the Walloon Region has had its food strategy <a href=\"https:\/\/www.wallonie.be\/fr\/manger-demain\" rel=\"noopener nofollow\" target=\"_blank\">manger demain<\/a> (eat tomorrow), which defines a vision and strategic objectives for the transition <a rel=\"noopener\">(\u2018<\/a><a href=\"https:\/\/developpementdurable.wallonie.be\/media\/325\/download?inline\" rel=\"noopener nofollow\" target=\"_blank\">Towards a sustainable food system in Wallonia<\/a>\u2019); in 2022, the action plan <a href=\"https:\/\/developpementdurable.wallonie.be\/thematiques\/alimentation-durable\/Food-Wallonia\" rel=\"noopener nofollow\" target=\"_blank\">food Wallonia <\/a>was adopted. To date, the main projects implemented through food Wallonia concern the <a href=\"https:\/\/developpementdurable.wallonie.be\/thematiques\/alimentation-durable\/partageons-les-saveurs\" rel=\"noopener nofollow\" target=\"_blank\">transition of catering <\/a>towards more sustainable and affordable food, the <a href=\"https:\/\/developpementdurable.wallonie.be\/thematiques\/alimentation-durable\/relocalisons-savoirs\" rel=\"noopener nofollow\" target=\"_blank\">relocation of sustainable food systems<\/a> and the development of at the regional and local levels. The <a href=\"https:\/\/www.oneplanetnetwork.org\/knowledge-centre\/policies\/flemish-protein-strategy-2021-2030\" rel=\"noopener nofollow\" target=\"_blank\">Flemish protein strategy 2021-2030<\/a> connects many players in the food system so that they can collaboratively shift diets to a more plant-based approach (2030 target: 60\u00a0% plant-based and 40\u00a0% animal-based protein consumption). The federal government is responsible for public health and food safety and is working on a new <a href=\"https:\/\/www.health.belgium.be\/fr\/alimentation\/politique-alimentaire\/alimentation-et-sante\/politique-nutritionnelle\" rel=\"noopener nofollow\" target=\"_blank\">federal food and health plan<\/a>, in which \u2018healthy and sustainable nutrition for all\u2019 is one of the priorities.<\/p>\n<p>The three regions have established ambitious programmes to reduce food waste and further increase its separate collection Belgium has put in place policies, programmes and funds to fulfil the objective of a just transition. Other stakeholders have also introduced initiatives. The Du d\u00e9but \u00e0 la Faim (<a href=\"https:\/\/www.dalf.be\/en\/faq\" rel=\"noopener nofollow\" target=\"_blank\">DALF<\/a>) project, for example, works directly with organic farmers to recover and add value to products\u00a0\/ fruits and vegetables that do not meet conventional aesthetic standards.<\/p>\n<p>In the Flemish Region, networks such as <a href=\"https:\/\/www.voedsel-anders.be\/doe-mee\" rel=\"noopener nofollow\" target=\"_blank\">Voedsel Anders<\/a> (Food Otherwise) help to familiarise citizens with agroecological principles and to foster public support. <a href=\"https:\/\/ilvo.vlaanderen.be\/en\/living-labs\/living-lab-agro-ecology-and-organic-agriculture\" rel=\"noopener nofollow\" target=\"_blank\">Living Lab Agro-ecology and Organic Agriculture<\/a> establishes partnerships between authorities, organisations and farmers who want to promote agroecology and organic farming in the Flemish Region. It develops new knowledge through research but also ensures the dissemination and accessibility of existing knowledge and expertise.<\/p>\n<p><img src=\"https:\/\/www.newsbeep.com\/nz\/wp-content\/uploads\/2025\/09\/image-200-dcf29699cadd2c46f722ae9a94fa1e70.png\" width=\"200\" height=\"199\" class=\"small responsive\"  loading=\"lazy\" decoding=\"async\" alt=\"energy icon.png\"\/><a class=\"anchor\" aria-hidden=\"true\" tabindex=\"-1\" href=\"http:\/\/www.eea.europa.eu\/en\/europe-environment-2025\/countries\/belgium#the-energy-system\" rel=\"nofollow noopener\" target=\"_blank\"><\/a>The energy system<\/p>\n<p>The current Belgian energy system runs mostly on fossil fuels and nuclear energy. The energy supply is readily available, highly reliable and relatively affordable, but leads to persistent problems such as greenhouse gas emissions, air pollution, radioactive waste and high dependence on imported energy. A considerable portion of the population still faces energy poverty. In 2022, 21.8\u00a0% of Belgian households were affected by energy poverty, up 6.9\u00a0% from 2021. The need for an energy transition is becoming more widely recognised within the government, industry and society as a whole. Various transition initiatives that can create structural change within the system have been set in motion, examples being the widespread installation of solar panels, the increasingly stringent energy standards for new buildings and the construction of several district heating and cooling systems. Nevertheless, there is still a lack of clarity about how the energy transition should be developed further.<\/p>\n<p>The Belgian NECP focuses on transitioning to a low-carbon economy while ensuring the security of supply, lowering costs for consumers, increasing market competition and continuing integration with the European energy system. Sustainability and renewable energy have acquired a positive, dynamic image in recent years, which has created a broader (policy) base for energy-efficient housing\u00a0\u2013 for example, solar maps enable citizens and business in the <a href=\"https:\/\/environnement.brussels\/citoyen\/outils-et-donnees\/sites-web-et-outils\/la-carte-solaire-de-la-region-de-bruxelles-capitale\" rel=\"noopener nofollow\" target=\"_blank\">Brussels Region<\/a>, the <a href=\"https:\/\/cartographie-solaire.spw.wallonie.be\/\" rel=\"noopener nofollow\" target=\"_blank\">Walloon Region<\/a> and the <a href=\"https:\/\/apps.energiesparen.be\/zonnekaart\" rel=\"noopener nofollow\" target=\"_blank\">Flemish Region<\/a> to assess whether their roofs\/buildings are suitable for solar panels or solar boilers.<\/p>\n<p>In 2021, Belgium had the sixth-highest offshore wind capacity in the world, and it is planning a major expansion of offshore wind deployment. As a front runner in this field, this has led to the creation of a value chain in this industry on an international scale. The further development of onshore wind power is still being hampered by low levels of public acceptance and long delays related to permit-granting procedures due to repetitive and lengthy appeal procedures. Several initiatives have been put in place to facilitate the deployment of onshore <a rel=\"noopener\">wind<\/a> power.<\/p>\n<p>Belgium is well positioned for the development of a bio-based economy and has a large <a href=\"https:\/\/www.bee.eu\/en\/a-new-biocluster-in-ghent-port\" rel=\"noopener nofollow\" target=\"_blank\">biocluster in the port of Ghent<\/a> and highly regarded knowledge and research institutions. The major ports, the industrial complexes located nearby, and the wide range of market outlets also offer opportunities for importing and processing biomass streams.<\/p>\n<p>The development of deep geothermal energy in the Walloon Region is supported by the exploration of the geothermal potential of its subsoil (<a href=\"https:\/\/energie.wallonie.be\/fr\/07-09-2023-geocond2022-resultats-prometteurs-pour-la-geothermie-profonde-en-wallonie.html?IDC=9033&amp;IDD=171956\" rel=\"noopener nofollow\" target=\"_blank\">GEOCOND2022<\/a>) and through the implementation of a specific regulatory framework that aims to simplify administrative procedures and reduce delays. Since 2021, several public calls for projects have also contributed to supporting the development and mining of geothermal energy in the Walloon Region.<\/p>\n<p><img src=\"https:\/\/www.newsbeep.com\/nz\/wp-content\/uploads\/2025\/09\/image-200-b2eecaf4ba7b7f26c23453870e97d763.png\" width=\"200\" height=\"199\" class=\"small responsive\"  loading=\"lazy\" decoding=\"async\" alt=\"mobility.png\"\/><a class=\"anchor\" aria-hidden=\"true\" tabindex=\"-1\" href=\"http:\/\/www.eea.europa.eu\/en\/europe-environment-2025\/countries\/belgium#the-mobility-system\" rel=\"nofollow noopener\" target=\"_blank\"><\/a>The mobility system<\/p>\n<p>The dominant regime for passenger and freight transport in Belgium is still fossil-fuel-powered cars\/vans: car-centric mobility is available around the clock, relatively affordable and flexible, and supported by an extensive spatial and economic infrastructure. Although air quality is gradually improving, traffic remains one of the most important sources of air pollutants and greenhouse gases. Congestion is persistent and affects quality of life and economic productivity. Growing public awareness of climate and health issues is putting pressure on the mobility system. Questions are being asked about the space that is taken up by car-centric mobility and its dependence on fossil fuels.<\/p>\n<p>In 2020, the government of the Brussels Region approved <a href=\"https:\/\/old-bm.irisnet.be\/sites\/default\/files\/2021-03\/GOODMOVE_summary.pdf\" rel=\"noopener nofollow\" target=\"_blank\">good move<\/a>, the regional mobility plan. In 2021, the Flemish government approved <a href=\"https:\/\/assets.vlaanderen.be\/image\/upload\/v1645112287\/Vlaamse_mobiliteitsvisie_2040_DEF_kospcu.pdf\" rel=\"noopener nofollow\" target=\"_blank\">Vlaamse Mobiliteitsvisie 2040<\/a>, the mobility vision for guiding mobility decisions over the next 20\u00a0years. The Walloon government adopted the <a href=\"https:\/\/mobilite.wallonie.be\/home\/politiques-de-mobilite\/politique-de-mobilite-regionale-wallonne\/strategie-regionale-de-mobilite.html\" rel=\"noopener nofollow\" target=\"_blank\">strat\u00e9gie r\u00e9gionale de mobilit\u00e9<\/a> (a regional strategy for mobility) in 2019 and 2020.<\/p>\n<p>The federal government has revised the preferential tax scheme for company cars, limiting it to cars with zero emissions from 2026 onwards, and also amended the mobility budget to promote alternatives to company cars for employees.<\/p>\n<p>Many cities and municipalities explicitly opt for quality of life and adopted local mobility plans, low emission zones (e.g. in Antwerp, the Brussels-Capital Region and Ghent) or traffic-free streets in the vicinity of schools. The electric bike has given a boost to both functional and recreational cycling. Bicycle use is becoming increasingly popular in Brussels and Flanders. Two-thirds of movements by Brussels residents are made on foot, by public transport or by bicycle. In 2014 the Flemish government established \u2018<a href=\"https:\/\/fietsberaad.be\/\" rel=\"noopener nofollow\" target=\"_blank\">Fietsberaad Vlaanderen<\/a>\u2018 which acts as a knowledge centre and promotes the development, dissemination and exchange of practice-oriented know-how and supports cities and municipalities in accelerating and improving their cycling policies.<\/p>\n<p>The search for (combinations of) alternatives to the car has also led to the first initiatives in the field of customer-oriented solutions (mobility as a service). Public transport is supplemented with shared bikes (e.g. <a href=\"https:\/\/www.blue-bike.be\/en\/\" rel=\"noopener nofollow\" target=\"_blank\">Blue-bikes<\/a>) or shared cars. Commercial platforms\u00a0\u2013 known as mobility integrators\u00a0\u2013 are being created to inform users of the available mobility services and the best possible combination of such services (e.g. <a href=\"https:\/\/www.its.be\/maas\" rel=\"noopener nofollow\" target=\"_blank\">Belgian MAAS Alliance<\/a>).<\/p>\n<p>Hybrid and electric cars made up 7.5\u00a0% of the passenger car fleet in 2022, with the share increasing to 15.8\u00a0% in 2024. In 2024, 82\u00a0% of electric cars were owned by companies. The Belgian government has implemented various incentives, including tax benefits, value added tax exemptions and subsidies, to support the uptake of electric vehicles and recharging infrastructure. The public recharging infrastructure network has grown considerably in the last few years.<\/p>\n","protected":false},"excerpt":{"rendered":"The food system The food system in Belgium is reaching its ecological, economic and social limits. The strategy&hellip;\n","protected":false},"author":2,"featured_media":51710,"comment_status":"","ping_status":"","sticky":false,"template":"","format":"standard","meta":{"footnotes":""},"categories":[22],"tags":[273,111,139,69,147],"class_list":{"0":"post-51709","1":"post","2":"type-post","3":"status-publish","4":"format-standard","5":"has-post-thumbnail","7":"category-environment","8":"tag-environment","9":"tag-new-zealand","10":"tag-newzealand","11":"tag-nz","12":"tag-science"},"_links":{"self":[{"href":"https:\/\/www.newsbeep.com\/nz\/wp-json\/wp\/v2\/posts\/51709","targetHints":{"allow":["GET"]}}],"collection":[{"href":"https:\/\/www.newsbeep.com\/nz\/wp-json\/wp\/v2\/posts"}],"about":[{"href":"https:\/\/www.newsbeep.com\/nz\/wp-json\/wp\/v2\/types\/post"}],"author":[{"embeddable":true,"href":"https:\/\/www.newsbeep.com\/nz\/wp-json\/wp\/v2\/users\/2"}],"replies":[{"embeddable":true,"href":"https:\/\/www.newsbeep.com\/nz\/wp-json\/wp\/v2\/comments?post=51709"}],"version-history":[{"count":0,"href":"https:\/\/www.newsbeep.com\/nz\/wp-json\/wp\/v2\/posts\/51709\/revisions"}],"wp:featuredmedia":[{"embeddable":true,"href":"https:\/\/www.newsbeep.com\/nz\/wp-json\/wp\/v2\/media\/51710"}],"wp:attachment":[{"href":"https:\/\/www.newsbeep.com\/nz\/wp-json\/wp\/v2\/media?parent=51709"}],"wp:term":[{"taxonomy":"category","embeddable":true,"href":"https:\/\/www.newsbeep.com\/nz\/wp-json\/wp\/v2\/categories?post=51709"},{"taxonomy":"post_tag","embeddable":true,"href":"https:\/\/www.newsbeep.com\/nz\/wp-json\/wp\/v2\/tags?post=51709"}],"curies":[{"name":"wp","href":"https:\/\/api.w.org\/{rel}","templated":true}]}}