{"id":106790,"date":"2025-09-01T11:52:26","date_gmt":"2025-09-01T11:52:26","guid":{"rendered":"https:\/\/www.newsbeep.com\/uk\/106790\/"},"modified":"2025-09-01T11:52:26","modified_gmt":"2025-09-01T11:52:26","slug":"tom-pidcock-signals-grand-tour-ambitions-with-second-place-finish-at-la-vuelta","status":"publish","type":"post","link":"https:\/\/www.newsbeep.com\/uk\/106790\/","title":{"rendered":"Tom Pidcock signals grand tour ambitions with second-place finish at La Vuelta"},"content":{"rendered":"<p>In June, before the final stage of the Giro d\u2019Italia in Rome, Q36.5\u2019s Tom Pidcock suggested that he might be turning his focus away from the one-day races and his off-road pursuits and towards the grand tours.<\/p>\n<p>\u201cI think if I do manage to ever win a grand tour or get on the podium it would be one of the biggest achievements ever,\u201d he told me.<\/p>\n<p>This seemed rather optimistic at the time. Since his incredible performance bravely descending the Col du Galibier and then climbing Alpe d\u2019Huez on the way to victory on the queen stage of the Tour de France in 2022, Pidcock has been somewhat stuck between a rock and a hard place. \u201cThe last few grand tours have been a difficult point for me,\u201d he said in June. \u201cI\u2019ve not really had success in them, and I\u2019ve just kind of gone through and not really done much.\u201d<\/p>\n<p class=\"responsive__Paragraph-sc-1pktst5-0 gaEeqC\">But while he may not have had the preparation required for a grand tour before the Giro d\u2019Italia (a race he finished in 16th) due to his second-division Q36.5 team only being invited one month before the start of that race, he made sure he was ready for La Vuelta, spending his summer away from the Tour de France (to which Q36.5 were not invited) and training at altitude.<\/p>\n<p class=\"responsive__Paragraph-sc-1pktst5-0 gaEeqC\">On Sunday, on stage nine of La Vuelta, and just before the tour\u2019s first rest day, the 26-year-old from Leeds showed early signs that he may well have what it takes to compete at the very top of World Tour cycling. <\/p>\n<p class=\"responsive__Paragraph-sc-1pktst5-0 gaEeqC\">After a quiet but consistent first week, Pidcock finished second behind Visma-Lease a Bike\u2019s Jonas Vingegaard and ahead of UAE Team Emirates-XRG\u2019s Jo\u00e3o Almeida on the ninth stage in Estaci\u00f3n de Esqu\u00ed de Valdezcaray after 196km and a 13.3km climb in the pouring rain. <\/p>\n<p class=\"responsive__Paragraph-sc-1pktst5-0 gaEeqC\">But, most importantly, he managed to drop the two-times grand tour winner Egan Bernal of Ineos Grenadiers and the in-form Giulio Ciccone of Lidl-Trek, meaning he climbs seven places in the general classification (GC) to fourth. That is a de facto third place behind the race favourites Vingegaard and Almeida as the GC leader, Torstein Traeen, is expected to relinquish the Red Jersey in the coming stages. Pidcock is now 58 seconds behind Vingegaard and just 20 behind Almeida.<\/p>\n<p><img decoding=\"async\" alt=\"Jonas Vingegaard wins stage 9 of La Vuelta a Espana.\" loading=\"lazy\" src=\"https:\/\/www.newsbeep.com\/uk\/wp-content\/uploads\/2025\/09\/\/7f321041-0937-4e3c-9cf9-4f07b93aae24.jpg\" class=\"responsive-sc-1nnon4d-0 bAbKns\"\/><\/p>\n<p>Vingegaard was victorious on the day and is second in the general classification<\/p>\n<p>JAVIER LIZON\/EPA<\/p>\n<p class=\"responsive__Paragraph-sc-1pktst5-0 gaEeqC\">Before the stage began, Pidcock did not predict GC fireworks. \u201cI think it will be a breakaway day,\u201d he had said, \u201cbut you never know. Maybe someone wants to control it or the break is too big to work properly together but obviously with the last climb not being so hard it might be similar to other days.\u201d<\/p>\n<p class=\"responsive__Paragraph-sc-1pktst5-0 gaEeqC\">However, it soon became clear that Ciccone\u2019s Lidl-Trek team had other ideas and wanted the stage victory. Their team came to the front of the peloton and began to control the gap. They were soon joined by Pidcock\u2019s own Q36.5, particularly Nickolas Zukowsky, who helped set a fast pace in the peloton, suggesting Pidcock felt good.<\/p>\n<p class=\"responsive__Paragraph-sc-1pktst5-0 gaEeqC\">By the foot of the final climb, and with 13km to go, the breakaway was caught and Lidl-Trek continued their hard pace. Matteo Jorgenson, of Visma, said: \u201cI guess in the [Tour de France] we were some of the actors of chaos, but I think we\u2019ve approached this first week in a really calm manner and allowed the bike racing to happen\u2026 it\u2019s just a safer play for us.\u201d<\/p>\n<p class=\"responsive__Paragraph-sc-1pktst5-0 gaEeqC\">But apparently that tactic was already discarded by Visma as the American burst out from behind the peloton with team-mates Sepp Kuss and Vingegaard in tow and attacked brutally with 12km to go. <\/p>\n<p class=\"responsive__Paragraph-sc-1pktst5-0 gaEeqC\">Only Ciccone could hold the wheel. Soon Vingegaard attacked by himself and Ciccone had to let go, drifting back into a chasing group that included Almeida, Pidcock and Bernal. <\/p>\n<p><img decoding=\"async\" alt=\"Peloton cycling through a vineyard during Stage 9 of the La Vuelta.\" loading=\"lazy\" src=\"https:\/\/www.newsbeep.com\/uk\/wp-content\/uploads\/2025\/09\/\/1b085b4f-093a-49b2-8c8f-f545b48d9f72.jpg\" class=\"responsive-sc-1nnon4d-0 bAbKns\"\/><\/p>\n<p>The peloton competing from Alfaro to Estacion de Esqui de Valdezcaray<\/p>\n<p>DARIO BELINGHERI\/GETTY IMAGES<\/p>\n<p class=\"responsive__Paragraph-sc-1pktst5-0 gaEeqC\">\u201cTo be honest, maybe I didn\u2019t do my homework good enough because I thought it was closer to the finish when I attacked,\u201d Vingegaard said afterwards, \u201cand I was a bit surprised when I saw the 10km banner but at that moment I had the gap and I had to keep going. [I was] not necessarily [looking for the Red Jersey] but just more the stage win and to try to take some time on some of my closer opponents.\u201d<\/p>\n<p class=\"responsive__Paragraph-sc-1pktst5-0 gaEeqC\">Almeida, who was caught out of position, rode on the front of the group and tried to claw back the gap to the two-times Tour de France champion, and soon dropped every rider except Pidcock and Felix Gall of Decathlon AG2R La Mondiale.<\/p>\n<p class=\"responsive__Paragraph-sc-1pktst5-0 gaEeqC\">\u201cI thought Almeida was a perfect wheel to go on and I thought maybe we could come back,\u201d Pidcock said. \u201cChapeau to him, I couldn\u2019t give him any turns and he was shouting at me but he\u2019s like a tractor.<\/p>\n<p class=\"responsive__Paragraph-sc-1pktst5-0 gaEeqC\">\u201cHe told me to grow some balls but if he rides a bit slower I\u2019ll give him some more turns!\u201d<\/p>\n<p class=\"responsive__Paragraph-sc-1pktst5-0 gaEeqC\">But Almeida was more concerned by his lack of team-mates. \u201cI could see [Pidcock and Gall] were on the limit so they couldn\u2019t contribute much,\u201d he said. \u201cI missed a little bit my team-mates today, nobody was with me in the end, it is what it is.\u201d<\/p>\n<p class=\"responsive__Paragraph-sc-1pktst5-0 gaEeqC\">The rain continued to pour and soon Gall was dropped and Vingegaard managed to get his gap to Almeida and Pidcock to 30 seconds. On the flatter 5km, finally the Briton was able to offer turns but the duo could not get the gap down any lower than 24 seconds. <\/p>\n<p><img decoding=\"async\" alt=\"Peloton of cyclists on a road through a Spanish town during Stage 9 of the La Vuelta 2025.\" loading=\"lazy\" src=\"https:\/\/www.newsbeep.com\/uk\/wp-content\/uploads\/2025\/09\/\/0eae61e2-8095-4389-8811-fd1150a8d1d6.jpg\" class=\"responsive-sc-1nnon4d-0 bAbKns\"\/><\/p>\n<p>Daan Hoole of Netherlands and Amanuel Ghebreigzabhier of Eritrea lead the pack<\/p>\n<p>DARIO BELINGHERI\/GETTY IMAGES<\/p>\n<p class=\"responsive__Paragraph-sc-1pktst5-0 gaEeqC\">In the final kilometre, Almeida attacked and even then Pidcock would not be broken; he launched a sprint and just about came around Almeida on the line for second place. <\/p>\n<p class=\"responsive__Paragraph-sc-1pktst5-0 gaEeqC\">\u201cI\u2019m happy,\u201d Pidcock said. \u201cI think it\u2019s difficult to fully know what my capabilities are. Sometimes I\u2019m a bit cautious but it definitely gives me confidence going into the hardest stages to come. I always kind of thought when these guys are jumping around doing full on sprints on the climbs, someday it\u2019s going to bite them on the back\u2026 but it\u2019s a long way to go, not taking any conclusions from it yet.\u201d<\/p>\n<p class=\"responsive__Paragraph-sc-1pktst5-0 gaEeqC\">Monday is a much-needed rest day before the second week, which looks to be brutal. There is not a single flat day over the next six stages and two of those days are in the high mountains once again. Friday\u2019s stage 13 in particular looks likely to reveal who really is the strongest as the peloton climbs the haute category 12.4km Angliru (average gradient 9.7 per cent).<\/p>\n<p class=\"responsive__Paragraph-sc-1pktst5-0 gaEeqC\">But the man from Leeds has shown he is becoming a different rider. To hold the wheel of Almeida, finish second behind Vingegaard and move up to a de facto third place on GC, while gaining over a minute on the likes of Ciccone and Bernal, is one of his best performances in a stage race despite not taking the win. <\/p>\n<p class=\"responsive__Paragraph-sc-1pktst5-0 gaEeqC\">The second week will be another matter and will reveal if he can stay in contention against the pure climbers. \u201cWe all know the last two weeks are the two proper weeks,\u201d Pidcock said. \u201cEveryone knows what\u2019s to come.\u201d<\/p>\n<p>La Vuelta leading positions<\/p>\n<p class=\"responsive__Paragraph-sc-1pktst5-0 gaEeqC\">Stage nine (Alfaro to Valdezcaray, 195km): 1, J Vingegaard (Den, Visma-Lease a Bike) 4hr 32min 10sec; 2, T Pidcock (GB, Q36.5 Pro Cycling) at 24sec; 3, J Almeida (Por, UAE Team Emirates-XRG) same time; 4, F Gall (Austria, Decathlon AG2R La Mondiale) 1:02; 5, R Garc\u00eda (Sp, Ark\u00e9a-B&amp;B Hotels) 1:46. <\/p>\n<p id=\"last-paragraph\" class=\"responsive__Paragraph-sc-1pktst5-0 gaEeqC\">Overall 1, T Traen (Nor, Bahrain Victorious) 33:35:46; 2, Vingegaard at 37sec; 3, Almeida 1:15; 4, Pidcock 1:35; 5, Gall 2:14.<\/p>\n","protected":false},"excerpt":{"rendered":"In June, before the final stage of the Giro d\u2019Italia in Rome, Q36.5\u2019s Tom Pidcock suggested that he&hellip;\n","protected":false},"author":2,"featured_media":106791,"comment_status":"","ping_status":"","sticky":false,"template":"","format":"standard","meta":{"footnotes":""},"categories":[37],"tags":[4985,101,56,54,55],"class_list":{"0":"post-106790","1":"post","2":"type-post","3":"status-publish","4":"format-standard","5":"has-post-thumbnail","7":"category-cycling","8":"tag-cycling","9":"tag-sports","10":"tag-uk","11":"tag-united-kingdom","12":"tag-unitedkingdom"},"_links":{"self":[{"href":"https:\/\/www.newsbeep.com\/uk\/wp-json\/wp\/v2\/posts\/106790","targetHints":{"allow":["GET"]}}],"collection":[{"href":"https:\/\/www.newsbeep.com\/uk\/wp-json\/wp\/v2\/posts"}],"about":[{"href":"https:\/\/www.newsbeep.com\/uk\/wp-json\/wp\/v2\/types\/post"}],"author":[{"embeddable":true,"href":"https:\/\/www.newsbeep.com\/uk\/wp-json\/wp\/v2\/users\/2"}],"replies":[{"embeddable":true,"href":"https:\/\/www.newsbeep.com\/uk\/wp-json\/wp\/v2\/comments?post=106790"}],"version-history":[{"count":0,"href":"https:\/\/www.newsbeep.com\/uk\/wp-json\/wp\/v2\/posts\/106790\/revisions"}],"wp:featuredmedia":[{"embeddable":true,"href":"https:\/\/www.newsbeep.com\/uk\/wp-json\/wp\/v2\/media\/106791"}],"wp:attachment":[{"href":"https:\/\/www.newsbeep.com\/uk\/wp-json\/wp\/v2\/media?parent=106790"}],"wp:term":[{"taxonomy":"category","embeddable":true,"href":"https:\/\/www.newsbeep.com\/uk\/wp-json\/wp\/v2\/categories?post=106790"},{"taxonomy":"post_tag","embeddable":true,"href":"https:\/\/www.newsbeep.com\/uk\/wp-json\/wp\/v2\/tags?post=106790"}],"curies":[{"name":"wp","href":"https:\/\/api.w.org\/{rel}","templated":true}]}}