{"id":107828,"date":"2025-09-01T22:25:08","date_gmt":"2025-09-01T22:25:08","guid":{"rendered":"https:\/\/www.newsbeep.com\/uk\/107828\/"},"modified":"2025-09-01T22:25:08","modified_gmt":"2025-09-01T22:25:08","slug":"primoz-roglic-to-join-tadej-pogacar-at-rwanda-world-championships","status":"publish","type":"post","link":"https:\/\/www.newsbeep.com\/uk\/107828\/","title":{"rendered":"Primo\u017e Rogli\u010d to join Tadej Poga\u010dar at Rwanda World Championships"},"content":{"rendered":"<p id=\"5d5b1440-37e3-4cc5-a1d9-1c756a33c36a\"><a data-analytics-id=\"inline-link\" href=\"https:\/\/www.cyclingnews.com\/riders\/primoz-roglic\/\" data-before-rewrite-localise=\"https:\/\/www.cyclingnews.com\/riders\/primoz-roglic\/\" rel=\"nofollow noopener\" target=\"_blank\">Primo\u017e Rogli\u010d<\/a> is set to compete at the <a data-analytics-id=\"inline-link\" href=\"https:\/\/www.cyclingnews.com\/uci-road-world-championships\/\" data-before-rewrite-localise=\"https:\/\/www.cyclingnews.com\/uci-road-world-championships\/\" rel=\"nofollow noopener\" target=\"_blank\">Road World Championships<\/a> in Rwanda this month, as part of the Slovenian team assembled around current world champion <a data-analytics-id=\"inline-link\" href=\"https:\/\/www.cyclingnews.com\/riders\/tadej-pogacar\/\" data-before-rewrite-localise=\"https:\/\/www.cyclingnews.com\/riders\/tadej-pogacar\/\" rel=\"nofollow noopener\" target=\"_blank\">Tadej Poga\u010dar<\/a>.<\/p>\n<p>The Slovenian selection has not been officially revealed, but <a data-analytics-id=\"inline-link\" href=\"https:\/\/www.hln.be\/wielrennen\/primoz-roglic-naar-wk-in-rwanda-met-tadej-pogacar~a98ef736\/\" target=\"_blank\" data-url=\"https:\/\/www.hln.be\/wielrennen\/primoz-roglic-naar-wk-in-rwanda-met-tadej-pogacar~a98ef736\/\" referrerpolicy=\"no-referrer-when-downgrade\" data-hl-processed=\"none\" rel=\"nofollow noopener\">Het Laatste Nieuws reported on Monday<\/a> that their sources indicate that Rogli\u010d will be part of it, with Poga\u010dar&#8217;s intention to race the Worlds already well known.<\/p>\n<p><a id=\"elk-seasonal\" data-url=\"\" href=\"\" data-hl-processed=\"none\"\/><\/p>\n<p id=\"5d5b1440-37e3-4cc5-a1d9-1c756a33c36a-2\">Rogli\u010d rode both the Giro d&#8217;Italia and <a data-analytics-id=\"inline-link\" href=\"https:\/\/www.cyclingnews.com\/tour-de-france\/\" data-before-rewrite-localise=\"https:\/\/www.cyclingnews.com\/tour-de-france\/\" rel=\"nofollow noopener\" target=\"_blank\">Tour de France<\/a> this year, but hasn&#8217;t raced since the Cl\u00e1sica San Sebasti\u00e1n at the start of August, and it was not previously clear how he was going to round out his 2025 season, understandably skipping the <a data-analytics-id=\"inline-link\" href=\"https:\/\/www.cyclingnews.com\/vuelta-a-espana\/\" data-before-rewrite-localise=\"https:\/\/www.cyclingnews.com\/vuelta-a-espana\/\" rel=\"nofollow noopener\" target=\"_blank\">Vuelta a Espa\u00f1a<\/a> despite winning four editions of the Spanish race.<\/p>\n<p>You may like<\/p>\n<p>According to Het Laatste Nieuws, Rogli\u010d will not race the time trial in Rwanda, opting just for the road race. With Poga\u010dar the defending champion and hoping to take a second title \u2013 especially in <a data-analytics-id=\"inline-link\" href=\"https:\/\/www.cyclingnews.com\/news\/jonas-vingegaard-will-not-race-rwanda-world-championships-but-should-still-face-pogacar-again-at-european-championships\/\" data-before-rewrite-localise=\"https:\/\/www.cyclingnews.com\/news\/jonas-vingegaard-will-not-race-rwanda-world-championships-but-should-still-face-pogacar-again-at-european-championships\/\" rel=\"nofollow noopener\" target=\"_blank\">the absence of Jonas Vingegaard<\/a> \u2013 Slovenia will likely be assembling their strongest riders in pursuit of that goal.<\/p>\n<p><a data-analytics-id=\"inline-link\" href=\"https:\/\/www.hln.be\/wielrennen\/primoz-roglic-naar-wk-in-rwanda-met-tadej-pogacar~a98ef736\/\" target=\"_blank\" data-url=\"https:\/\/www.hln.be\/wielrennen\/primoz-roglic-naar-wk-in-rwanda-met-tadej-pogacar~a98ef736\/\" referrerpolicy=\"no-referrer-when-downgrade\" data-hl-processed=\"none\" rel=\"nofollow noopener\">HLN<\/a> also report that Rogli\u010d will not be doing any warm-up races in the lead-up to the Worlds, opting to skip the GP Qu\u00e9bec and Montr\u00e9al in Canada, where Poga\u010dar will return to racing.<\/p>\n<p class=\"paywall\" aria-hidden=\"true\">Many big names have chosen to skip the Worlds in Rwanda, with Vingegaard joining <a data-analytics-id=\"inline-link\" href=\"https:\/\/www.cyclingnews.com\/riders\/mathieu-van-der-poel\/\" data-before-rewrite-localise=\"https:\/\/www.cyclingnews.com\/riders\/mathieu-van-der-poel\/\" rel=\"nofollow noopener\" target=\"_blank\">Mathieu van der Poel<\/a> and <a data-analytics-id=\"inline-link\" href=\"https:\/\/www.cyclingnews.com\/riders\/wout-van-aert\/\" data-before-rewrite-localise=\"https:\/\/www.cyclingnews.com\/riders\/wout-van-aert\/\" rel=\"nofollow noopener\" target=\"_blank\">Wout van Aert<\/a> in the list of riders who would usually be contenders in a Worlds road race but aren&#8217;t going to be on the start line in Kigali in four weeks&#8217; time.<\/p>\n<p>However, with Rogli\u010d, the start list has added another Grand Tour champion, with him, Poga\u010dar, and <a data-analytics-id=\"inline-link\" href=\"https:\/\/www.cyclingnews.com\/riders\/remco-evenepoel\/\" data-before-rewrite-localise=\"https:\/\/www.cyclingnews.com\/riders\/remco-evenepoel\/\" rel=\"nofollow noopener\" target=\"_blank\">Remco Evenepoel<\/a> some of the biggest names set to compete in the road race.<\/p>\n<p class=\"newsletter-form__strapline\">The latest race content, interviews, features, reviews and expert buying guides, direct to your inbox!<\/p>\n<p class=\"paywall\" aria-hidden=\"true\">The rest of the Slovenian lineup is yet to be confirmed. As the second-ranked nation on the UCI rankings at the end of the qualification period, Slovenia can field the maximum of eight riders in their team.<\/p>\n<p>Other riders likely to be selected alongside Poga\u010dar and Rogli\u010d include <a data-analytics-id=\"inline-link\" href=\"https:\/\/www.cyclingnews.com\/riders\/matej-mohoric\/\" data-before-rewrite-localise=\"https:\/\/www.cyclingnews.com\/riders\/matej-mohoric\/\" rel=\"nofollow noopener\" target=\"_blank\">Matej Mohori\u010d<\/a>, Jan Tratnik, Luka Mezgec, Domen Novak and Gal Glivar.<\/p>\n<p>They may also enter two riders into the elite time trial. The women&#8217;s road race team is likely to be spearheaded by <a data-analytics-id=\"inline-link\" href=\"https:\/\/www.cyclingnews.com\/riders\/urska-zigart\/\" data-before-rewrite-localise=\"https:\/\/www.cyclingnews.com\/riders\/urska-zigart\/\" rel=\"nofollow noopener\" target=\"_blank\">Ur\u0161ka \u017digart<\/a>, with full team announcements expected to be made in the coming weeks ahead of the Championships.<\/p>\n","protected":false},"excerpt":{"rendered":"Primo\u017e Rogli\u010d is set to compete at the Road World Championships in Rwanda this month, as part of&hellip;\n","protected":false},"author":2,"featured_media":107829,"comment_status":"","ping_status":"","sticky":false,"template":"","format":"standard","meta":{"footnotes":""},"categories":[37],"tags":[4985,101,56,54,55],"class_list":{"0":"post-107828","1":"post","2":"type-post","3":"status-publish","4":"format-standard","5":"has-post-thumbnail","7":"category-cycling","8":"tag-cycling","9":"tag-sports","10":"tag-uk","11":"tag-united-kingdom","12":"tag-unitedkingdom"},"_links":{"self":[{"href":"https:\/\/www.newsbeep.com\/uk\/wp-json\/wp\/v2\/posts\/107828","targetHints":{"allow":["GET"]}}],"collection":[{"href":"https:\/\/www.newsbeep.com\/uk\/wp-json\/wp\/v2\/posts"}],"about":[{"href":"https:\/\/www.newsbeep.com\/uk\/wp-json\/wp\/v2\/types\/post"}],"author":[{"embeddable":true,"href":"https:\/\/www.newsbeep.com\/uk\/wp-json\/wp\/v2\/users\/2"}],"replies":[{"embeddable":true,"href":"https:\/\/www.newsbeep.com\/uk\/wp-json\/wp\/v2\/comments?post=107828"}],"version-history":[{"count":0,"href":"https:\/\/www.newsbeep.com\/uk\/wp-json\/wp\/v2\/posts\/107828\/revisions"}],"wp:featuredmedia":[{"embeddable":true,"href":"https:\/\/www.newsbeep.com\/uk\/wp-json\/wp\/v2\/media\/107829"}],"wp:attachment":[{"href":"https:\/\/www.newsbeep.com\/uk\/wp-json\/wp\/v2\/media?parent=107828"}],"wp:term":[{"taxonomy":"category","embeddable":true,"href":"https:\/\/www.newsbeep.com\/uk\/wp-json\/wp\/v2\/categories?post=107828"},{"taxonomy":"post_tag","embeddable":true,"href":"https:\/\/www.newsbeep.com\/uk\/wp-json\/wp\/v2\/tags?post=107828"}],"curies":[{"name":"wp","href":"https:\/\/api.w.org\/{rel}","templated":true}]}}