{"id":111540,"date":"2025-09-03T13:10:09","date_gmt":"2025-09-03T13:10:09","guid":{"rendered":"https:\/\/www.newsbeep.com\/uk\/111540\/"},"modified":"2025-09-03T13:10:09","modified_gmt":"2025-09-03T13:10:09","slug":"pro-palestinian-protest-causes-rider-to-crash-at-vuelta-a-espana","status":"publish","type":"post","link":"https:\/\/www.newsbeep.com\/uk\/111540\/","title":{"rendered":"Pro-Palestinian Protest Causes Rider to Crash at Vuelta a Espa\u00f1a"},"content":{"rendered":"<p>    &#8220;], &#8220;filter&#8221;: { &#8220;nextExceptions&#8221;: &#8220;img, blockquote, div&#8221;, &#8220;nextContainsExceptions&#8221;: &#8220;img, blockquote, a.btn, a.o-button&#8221;} }&#8221;&gt;<\/p>\n<p>Pro-Palestinian protesters hit the <a href=\"https:\/\/velo.outsideonline.com\/tag\/vuelta-a-espana\/\" data-afl-p=\"0\" rel=\"nofollow noopener\" target=\"_blank\">Vuelta a Espa\u00f1a<\/a> again on Tuesday, and this time they caused a rider to crash.<\/p>\n<p>Video clips from <a href=\"https:\/\/velo.outsideonline.com\/road\/road-racing\/vuelta-a-espana\/vuelta-a-espana-stage-10-results-report-reactions\/\" data-afl-p=\"0\" rel=\"nofollow noopener\" target=\"_blank\">Tuesday\u2019s stage 10<\/a> show dozens of flag-waving protesters pushing in on the approaching peloton during the 175km stage to Belagua.<\/p>\n<p>Police tried to push back the protesters, with some even swinging batons to hold them back, but several activists charged into the speeding peloton.<\/p>\n<p>The disruption caused <a href=\"https:\/\/velo.outsideonline.com\/tag\/intermarche-circus-wanty\/\" data-afl-p=\"0\" rel=\"nofollow noopener\" target=\"_blank\">Intermarch\u00e9-Wanty<\/a> rider Simone Petilli to be knocked off his bike in the mayhem as riders swerved and braked to avoid the mob.<\/p>\n<p>The Italian did not appear seriously injured, and he was not mentioned in the post-stage medical report. He finished the stage and sits 100th overall.<\/p>\n<p>There was no immediate reaction from Petilli or his team.<\/p>\n<p dir=\"ltr\" lang=\"fr\">Nouvelle manifestation propalestinienne sur la 10e \u00e9tape de la Vuelta. Des manifestants ont notamment tent\u00e9 de traverser la route pendant le passage des coureurs. L\u2019Italien Simone Petilli (Intermarch\u00e9-Wanty) serait tomb\u00e9 lors de cette s\u00e9quence. <a href=\"https:\/\/twitter.com\/hashtag\/LesRP?src=hash&amp;ref_src=twsrc%5Etfw\" data-afl-p=\"0\" rel=\"nofollow noopener\" target=\"_blank\">#LesRP<\/a> <a href=\"https:\/\/t.co\/lAPXSGM6dX\" data-afl-p=\"0\" rel=\"nofollow\">pic.twitter.com\/lAPXSGM6dX<\/a><\/p>\n<p>\u2014 Eurosport France (@Eurosport_FR) <a href=\"https:\/\/twitter.com\/Eurosport_FR\/status\/1962884240984453490?ref_src=twsrc%5Etfw\" data-afl-p=\"0\" rel=\"nofollow noopener\" target=\"_blank\">September 2, 2025<\/a><\/p>\n<p>Tensions could be high in Spain\u2019s Basque Country<br \/>\n<img data-lazy-load=\"\" fetchpriority=\"high\" decoding=\"async\" class=\"alignnone wp-image-964030 size-full\" src=\"https:\/\/www.newsbeep.com\/uk\/wp-content\/uploads\/2025\/09\/IMG_4786.jpg\" alt=\"crash protesters\" width=\"804\" height=\"782\"\/>Intermarch\u00e9\u2019s Petilli was knocked to the ground. (Photo: Eurosport)<\/p>\n<p>Tuesday\u2019s incident is the latest in growing tension as activists and protesters target the Vuelta a Espa\u00f1a and the participation of <a href=\"https:\/\/velo.outsideonline.com\/tag\/israel-premier-tech\/\" data-afl-p=\"0\" rel=\"nofollow noopener\" target=\"_blank\">Israel-Premier Tech<\/a>.<\/p>\n<p>The team \u2014 owned by Israeli investor Sylvan Adams but without direct support from the Israeli government \u2014 has become a target of activists who are protesting the ongoing war in Gaza.<\/p>\n<p>Protesters <a href=\"https:\/\/velo.outsideonline.com\/road\/road-racing\/vuelta-a-espana\/protests-against-israel-premier-tech-squad-causes-disruption-to-vuelta-team-time-trial\/\" data-afl-p=\"0\" rel=\"nofollow noopener\" target=\"_blank\">disrupted last week\u2019s team time trial<\/a> in Figueres when they forced IPT riders to slow down and, in some cases, come to a complete stop when they tried to block the road.<\/p>\n<p>The team has since been avoiding the pre-stage sign-in protocol, and riders have not been speaking to the media.<\/p>\n<p>Also read: <a href=\"https:\/\/velo.outsideonline.com\/road\/road-racing\/vuelta-a-espana\/our-riders-are-shaken-up-israel-premier-tech-riders-stunned-after-protesters-block-vuelta-a-espana\/\" data-afl-p=\"0\" rel=\"nofollow noopener\" target=\"_blank\">\u2018Our riders are shaken up\u2019<\/a><\/p>\n<p>Tensions could be high in Wednesday\u2019s 11th stage across the Basque Country, one of Spain\u2019s most politically charged regions.<\/p>\n<p>Left-wing political parties EH Bildu and Podemos are making public calls for more protests during the stage that loops around Bilbao.<\/p>\n<p>Citing safety reasons, race officials have supported the right to protest but urged activists not to disrupt the peloton during the race.<\/p>\n<p>    <script async src=\"https:\/\/platform.twitter.com\/widgets.js\" charset=\"utf-8\"><\/script><\/p>\n","protected":false},"excerpt":{"rendered":"&#8220;], &#8220;filter&#8221;: { &#8220;nextExceptions&#8221;: &#8220;img, blockquote, div&#8221;, &#8220;nextContainsExceptions&#8221;: &#8220;img, blockquote, a.btn, a.o-button&#8221;} }&#8221;&gt; Pro-Palestinian protesters hit the Vuelta&hellip;\n","protected":false},"author":2,"featured_media":111541,"comment_status":"","ping_status":"","sticky":false,"template":"","format":"standard","meta":{"footnotes":""},"categories":[37],"tags":[4985,53815,35741,101,56,54,55,20998],"class_list":{"0":"post-111540","1":"post","2":"type-post","3":"status-publish","4":"format-standard","5":"has-post-thumbnail","7":"category-cycling","8":"tag-cycling","9":"tag-intermarche-circus-wanty","10":"tag-israel-premier-tech","11":"tag-sports","12":"tag-uk","13":"tag-united-kingdom","14":"tag-unitedkingdom","15":"tag-vuelta-a-espana"},"_links":{"self":[{"href":"https:\/\/www.newsbeep.com\/uk\/wp-json\/wp\/v2\/posts\/111540","targetHints":{"allow":["GET"]}}],"collection":[{"href":"https:\/\/www.newsbeep.com\/uk\/wp-json\/wp\/v2\/posts"}],"about":[{"href":"https:\/\/www.newsbeep.com\/uk\/wp-json\/wp\/v2\/types\/post"}],"author":[{"embeddable":true,"href":"https:\/\/www.newsbeep.com\/uk\/wp-json\/wp\/v2\/users\/2"}],"replies":[{"embeddable":true,"href":"https:\/\/www.newsbeep.com\/uk\/wp-json\/wp\/v2\/comments?post=111540"}],"version-history":[{"count":0,"href":"https:\/\/www.newsbeep.com\/uk\/wp-json\/wp\/v2\/posts\/111540\/revisions"}],"wp:featuredmedia":[{"embeddable":true,"href":"https:\/\/www.newsbeep.com\/uk\/wp-json\/wp\/v2\/media\/111541"}],"wp:attachment":[{"href":"https:\/\/www.newsbeep.com\/uk\/wp-json\/wp\/v2\/media?parent=111540"}],"wp:term":[{"taxonomy":"category","embeddable":true,"href":"https:\/\/www.newsbeep.com\/uk\/wp-json\/wp\/v2\/categories?post=111540"},{"taxonomy":"post_tag","embeddable":true,"href":"https:\/\/www.newsbeep.com\/uk\/wp-json\/wp\/v2\/tags?post=111540"}],"curies":[{"name":"wp","href":"https:\/\/api.w.org\/{rel}","templated":true}]}}