{"id":237387,"date":"2025-11-01T07:26:25","date_gmt":"2025-11-01T07:26:25","guid":{"rendered":"https:\/\/www.newsbeep.com\/uk\/237387\/"},"modified":"2025-11-01T07:26:25","modified_gmt":"2025-11-01T07:26:25","slug":"%f0%9f%87%b2%f0%9f%87%aa-montenegro-asja-dzogovic-releases-i-tuzna-i-srecna-prica","status":"publish","type":"post","link":"https:\/\/www.newsbeep.com\/uk\/237387\/","title":{"rendered":"\ud83c\uddf2\ud83c\uddea Montenegro: Asja D\u017eogovi\u0107 Releases \u201cI tu\u017ena i sre\u0107na pri\u010da\u201d"},"content":{"rendered":"<p>Asja D\u017eogovi\u0107 has released \u201cI tu\u017ena i sre\u0107na pri\u010da\u201d, the Montenegrin entry for the Junior Eurovision Song Contest 2025.<\/p>\n<p>\u201cI tu\u017ena i sre\u0107na pri\u010da\u201d (Both a sad and happy story) has been composed by Danijel Alibabi\u0107, who represented Serbia &amp; Montenegro at Eurovision 2005 as part of No Name, while Natalija Pavi\u0107evi\u0107 wrote the lyrics and Dejan Bo\u017eovi\u0107 arranged the composition. The song is dedicated to all children without parental care . You can listen to the song and watch the music video on <a href=\"https:\/\/mneplay.me\/video\/181768\/listing\/59\/crnogorska-pjesma-za-djecju-evroviziju\" rel=\"nofollow noopener\" target=\"_blank\">the MNE Play platform<\/a> (an account is required).<\/p>\n<p>Asja D\u017eogovi\u0107\u00a0will represent Montenegro at Junior Eurovision 2025. Asja was internally selected to represent Montenegro on their first Junior Eurovision appearance in ten years.<\/p>\n<p>Asja, aged 13, is an eighth-grade student at the Risto Ratkovi\u0107 Elementary School in Bijelo Polje and the winner of numerous music awards at local and regional festivals. In her free time, she paints and practices volleyball, but music is her greatest passion.<\/p>\n<p>The expert committee, consisting of Stana Salgo (editor of the music program of the Montenegrin Broadcasting Company) as president, Branka Banovi\u0107 (editor of the music editorial office of TVCG) and Igor Pejovi\u0107 (editor of the youth editorial office of TVCG), unanimously made the decision after considering the ten candidates and a detailed analysis of their awards and performances.<\/p>\n<p>Junior Eurovision 2025<\/p>\n<p>Junior Eurovision 2025 will be held on December 13 in Tbilisi after Andria Putkaradze gave Georgia their record-breaking fourth victory with \u201cTo My Mom\u201d. The contest will be held at the Olympic Palace, which previously hosted the Junior Eurovision Song Contest in 2017.<\/p>\n<p>A total of 18 countries will participate in Junior Eurovision 2025. These countries are:<\/p>\n<p>Image source: RTCG | Source: <a href=\"https:\/\/mneplay.me\/video\/181768\/listing\/59\/crnogorska-pjesma-za-djecju-evroviziju\" rel=\"nofollow noopener\" target=\"_blank\">MNE Play<\/a><\/p>\n<p> Montenegro has participated twice in the Junior Eurovision Song Contest. In 2014, the nation debuted as an independent nation. Ma\u0161a Vujadinovi\u0107 and Lejla Vuli\u0107 represented Montenegro on their debut with the song \u201cBudi dijete na jedan dan\u201d. They finished 14th in the final, scoring 24 points. They last participated in 2015, where Jana Mirkovi\u0107 finished 13th with \u201cOluja\u201d. Montenegro will return to Junior Eurovision this year. <\/p>\n<p>Like this:<\/p>\n<p>Like Loading&#8230;<\/p>\n<p><a class=\"sd-link-color\"\/><\/p>\n<p><img loading=\"lazy\" alt=\"\" src=\"https:\/\/www.newsbeep.com\/uk\/wp-content\/uploads\/2025\/07\/avatar_user_45006_1705003182-96x96.png\"  class=\"avatar avatar-96 photo\" height=\"96\" width=\"96\" decoding=\"async\"\/>\t<\/p>\n<p>Posted by:Davide Conte<\/p>\n<p>News Editor here, polyglot who wants to learn too many languages in real life. Born in Italy and raised in Europe, I am currently enjoying Ireland&#8217;s seven victories. My first Eurovision was Tel Aviv 2019, but I managed to become a huge nerd in a very short time. Don&#8217;t ask me what my favourite entry is, I have too many!<\/p>\n","protected":false},"excerpt":{"rendered":"Asja D\u017eogovi\u0107 has released \u201cI tu\u017ena i sre\u0107na pri\u010da\u201d, the Montenegrin entry for the Junior Eurovision Song Contest&hellip;\n","protected":false},"author":2,"featured_media":237388,"comment_status":"","ping_status":"","sticky":false,"template":"","format":"standard","meta":{"footnotes":""},"categories":[28],"tags":[96,128,56,54,55],"class_list":{"0":"post-237387","1":"post","2":"type-post","3":"status-publish","4":"format-standard","5":"has-post-thumbnail","7":"category-music","8":"tag-entertainment","9":"tag-music","10":"tag-uk","11":"tag-united-kingdom","12":"tag-unitedkingdom"},"_links":{"self":[{"href":"https:\/\/www.newsbeep.com\/uk\/wp-json\/wp\/v2\/posts\/237387","targetHints":{"allow":["GET"]}}],"collection":[{"href":"https:\/\/www.newsbeep.com\/uk\/wp-json\/wp\/v2\/posts"}],"about":[{"href":"https:\/\/www.newsbeep.com\/uk\/wp-json\/wp\/v2\/types\/post"}],"author":[{"embeddable":true,"href":"https:\/\/www.newsbeep.com\/uk\/wp-json\/wp\/v2\/users\/2"}],"replies":[{"embeddable":true,"href":"https:\/\/www.newsbeep.com\/uk\/wp-json\/wp\/v2\/comments?post=237387"}],"version-history":[{"count":0,"href":"https:\/\/www.newsbeep.com\/uk\/wp-json\/wp\/v2\/posts\/237387\/revisions"}],"wp:featuredmedia":[{"embeddable":true,"href":"https:\/\/www.newsbeep.com\/uk\/wp-json\/wp\/v2\/media\/237388"}],"wp:attachment":[{"href":"https:\/\/www.newsbeep.com\/uk\/wp-json\/wp\/v2\/media?parent=237387"}],"wp:term":[{"taxonomy":"category","embeddable":true,"href":"https:\/\/www.newsbeep.com\/uk\/wp-json\/wp\/v2\/categories?post=237387"},{"taxonomy":"post_tag","embeddable":true,"href":"https:\/\/www.newsbeep.com\/uk\/wp-json\/wp\/v2\/tags?post=237387"}],"curies":[{"name":"wp","href":"https:\/\/api.w.org\/{rel}","templated":true}]}}