{"id":307035,"date":"2025-12-09T14:01:09","date_gmt":"2025-12-09T14:01:09","guid":{"rendered":"https:\/\/www.newsbeep.com\/uk\/307035\/"},"modified":"2025-12-09T14:01:09","modified_gmt":"2025-12-09T14:01:09","slug":"luis-palma-celtic-situation-cleared-up-after-conflicting-reports-on-january-return","status":"publish","type":"post","link":"https:\/\/www.newsbeep.com\/uk\/307035\/","title":{"rendered":"Luis Palma Celtic situation cleared up after conflicting reports on January return"},"content":{"rendered":"\n<p>Luis Palma is enjoying his time on loan in Poland.<\/p>\n<p>The <a href=\"https:\/\/www.67hailhail.com\/club\/\" rel=\"nofollow noopener\" target=\"_blank\">Celtic<\/a> forward split opinion during his time in Glasgow, but it eventually became clear that he was no longer in <a href=\"https:\/\/www.67hailhail.com\/tag\/brendan-rodgers\/\" rel=\"nofollow noopener\" target=\"_blank\">Brendan Rodgers\u2019<\/a> plans.<\/p>\n<p>However, it was reported two weeks ago that <a href=\"https:\/\/www.67hailhail.com\/transfers\/wilfried-nancy-may-recall-luis-palma-at-celtic-report-claims\/\" rel=\"nofollow noopener\" target=\"_blank\">Wilfried Nancy could recall Palma,<\/a> with the player having a \u2018change in situation\u2019 after Rodgers\u2019 departure.<\/p>\n<p>Celtic\u2019s squad is light on attacking options, and <a href=\"https:\/\/www.67hailhail.com\/news\/luis-palma-impresses-in-post-celtic-position-change-after-lech-poznan-loan\/\" rel=\"nofollow noopener\" target=\"_blank\">Palma has excelled in a new role for Lech Poznan<\/a> \u2013 so is this really a possibility?<\/p>\n<p>Honduran journalist Alvaro De La Rocha has cleared up the situation ahead of January.<\/p>\n<p>Luis Palma Celtic situation cleared up<\/p>\n<p><a href=\"https:\/\/www.67hailhail.com\/news\/celtic-could-pocket-more-than-they-thought-if-lech-poznan-sign-luis-palma-permanently\/\" rel=\"nofollow noopener\" target=\"_blank\">Lech have a \u20ac4.5m option to buy<\/a> included in their loan deal for Palma.<\/p>\n<p>If the option were to be triggered, he would become the club\u2019s record signing, making Celtic a profit on what they paid in 2023.<\/p>\n<p>READ MORE: <a href=\"https:\/\/www.67hailhail.com\/news\/how-nicky-hayen-left-club-brugge-in-eerily-familiar-circumstances-weeks-after-celtic-interest\/\" rel=\"nofollow noopener\" target=\"_blank\">How Nicky Hayen left Club Brugge in eerily familiar circumstances, weeks after Celtic interest<\/a><\/p>\n<p><img decoding=\"async\" loading=\"lazy\" width=\"1024\" height=\"693\"  src=\"https:\/\/www.newsbeep.com\/uk\/wp-content\/uploads\/2025\/12\/GettyImages-2250091251-1024x693.jpg\" alt=\"Cracovia v Lech Poznan - PKO Ekstraklasa\" \/>Photo by Marcin Golba\/NurPhoto via Getty Images<\/p>\n<p>And De La Rocha has confirmed that Palma will not be returning to Celtic in January, and he will instead remain in Poland until the end of the campaign.<\/p>\n<p>The report says that <a href=\"https:\/\/www.67hailhail.com\/tag\/luis-palma\/\" rel=\"nofollow noopener\" target=\"_blank\">Palma<\/a> has had no contact from Celtic or <a href=\"https:\/\/www.67hailhail.com\/tag\/wilfried-nancy\/\" rel=\"nofollow noopener\" target=\"_blank\">Nancy<\/a> about cutting his Lech spell short.<\/p>\n<p>Interestingly, the report also says that whilst Poznan are interested in making the move permanent, this is not currently seen as financially viable.<\/p>\n<p> Luis Palma to remain in Poland until the end of the season, but move to Lech is not currently \u2018financially viable\u2019 <\/p>\n<blockquote class=\"twitter-tweet\" data-width=\"550\" data-dnt=\"true\">\n<p lang=\"es\" dir=\"ltr\">\ud83d\udea8 Confirmado: Luis Palma NO HA TENIDO comunicaci\u00f3n de Celtic ni de su nuevo DT, Wilfried Nancy, para un regreso a Glasgow durante la actual temporada.<\/p>\n<p>Esa err\u00f3nea informaci\u00f3n sali\u00f3 de Honduras sin fundamento alguno. Palma seguir\u00e1 en Polonia hasta final de la campa\u00f1a.<\/p>\n<p>Los de\u2026 <a href=\"https:\/\/t.co\/thzbptI3Iz\" rel=\"nofollow\">pic.twitter.com\/thzbptI3Iz<\/a><\/p>\n<p>&mdash; De La Rocha (@AlvaroDLaRocha) <a href=\"https:\/\/twitter.com\/AlvaroDLaRocha\/status\/1998212589386400171?ref_src=twsrc%5Etfw\" rel=\"nofollow noopener\" target=\"_blank\">December 9, 2025<\/a><\/p><\/blockquote>\n<p><script async src=\"https:\/\/platform.twitter.com\/widgets.js\" charset=\"utf-8\"><\/script><\/p>\n<p>View Tweet<\/p>\n<p> \ud83d\udc47 Join the debate; share your insight. Use the comment button on the bottom left to have your say <\/p>\n<p>Palma will be in an intriguing position next summer if Lech are unable to cough up the funds to keep him in Poland permanently.<\/p>\n<p>The more central position in which he has operated in Poland could lend itself better to Nancy\u2019s 3-4-3 system.<\/p>\n<p>And if he becomes available to clubs elsewhere, his current form could lead to a potential bidding war.<\/p>\n<p>Celtic players out on loan <\/p>\n<p>Fellow 2023 signing <a href=\"https:\/\/www.67hailhail.com\/tag\/maik-nawrocki\/\" rel=\"nofollow noopener\" target=\"_blank\">Maik Nawrocki<\/a> is also out on loan with an option to buy. He is at Hannover 96, where he has recently hit form and established himself as a starter in 2 Bundesliga.<\/p>\n<p><a href=\"https:\/\/www.67hailhail.com\/news\/stephen-welsh-enters-scotland-conversation-as-celtic-mans-motherwell-form-discussed-by-panel\/\" rel=\"nofollow noopener\" target=\"_blank\">Stephen Welsh has entered the Scotland conversation<\/a> with his form on loan at high-flying Motherwell.<\/p>\n<p><a href=\"https:\/\/www.67hailhail.com\/tag\/odin-thiago-holm\/\" rel=\"nofollow noopener\" target=\"_blank\">Odin Thiago Holm<\/a> has struggled with his health on loan at LAFC in MLS, restricting him to just five competitive appearances in 2025.<\/p>\n<p><a href=\"https:\/\/www.67hailhail.com\/tag\/adam-montgomery\/\" rel=\"nofollow noopener\" target=\"_blank\">Adam Montgomery<\/a> and <a href=\"https:\/\/www.67hailhail.com\/tag\/tobi-oluwayemi\/\" rel=\"nofollow noopener\" target=\"_blank\">Tobi Oluwayemi<\/a> are both out on loan in the Scottish Premiership.<\/p>\n<p>  Join Our Newsletter <\/p>\n<p>Receive a digest of our best Celtic content each week direct to your mailbox<\/p>\n<p>       <script async src=\"https:\/\/platform.twitter.com\/widgets.js\" charset=\"utf-8\"><\/script><\/p>\n","protected":false},"excerpt":{"rendered":"Luis Palma is enjoying his time on loan in Poland. The Celtic forward split opinion during his time&hellip;\n","protected":false},"author":2,"featured_media":307036,"comment_status":"","ping_status":"","sticky":false,"template":"","format":"standard","meta":{"footnotes":""},"categories":[33],"tags":[10043,218,72618,101,110,56,54,55],"class_list":{"0":"post-307035","1":"post","2":"type-post","3":"status-publish","4":"format-standard","5":"has-post-thumbnail","7":"category-football","8":"tag-celtic","9":"tag-football","10":"tag-luis-palma","11":"tag-sports","12":"tag-transfer-news","13":"tag-uk","14":"tag-united-kingdom","15":"tag-unitedkingdom"},"_links":{"self":[{"href":"https:\/\/www.newsbeep.com\/uk\/wp-json\/wp\/v2\/posts\/307035","targetHints":{"allow":["GET"]}}],"collection":[{"href":"https:\/\/www.newsbeep.com\/uk\/wp-json\/wp\/v2\/posts"}],"about":[{"href":"https:\/\/www.newsbeep.com\/uk\/wp-json\/wp\/v2\/types\/post"}],"author":[{"embeddable":true,"href":"https:\/\/www.newsbeep.com\/uk\/wp-json\/wp\/v2\/users\/2"}],"replies":[{"embeddable":true,"href":"https:\/\/www.newsbeep.com\/uk\/wp-json\/wp\/v2\/comments?post=307035"}],"version-history":[{"count":0,"href":"https:\/\/www.newsbeep.com\/uk\/wp-json\/wp\/v2\/posts\/307035\/revisions"}],"wp:featuredmedia":[{"embeddable":true,"href":"https:\/\/www.newsbeep.com\/uk\/wp-json\/wp\/v2\/media\/307036"}],"wp:attachment":[{"href":"https:\/\/www.newsbeep.com\/uk\/wp-json\/wp\/v2\/media?parent=307035"}],"wp:term":[{"taxonomy":"category","embeddable":true,"href":"https:\/\/www.newsbeep.com\/uk\/wp-json\/wp\/v2\/categories?post=307035"},{"taxonomy":"post_tag","embeddable":true,"href":"https:\/\/www.newsbeep.com\/uk\/wp-json\/wp\/v2\/tags?post=307035"}],"curies":[{"name":"wp","href":"https:\/\/api.w.org\/{rel}","templated":true}]}}