{"id":308653,"date":"2025-12-10T10:18:11","date_gmt":"2025-12-10T10:18:11","guid":{"rendered":"https:\/\/www.newsbeep.com\/uk\/308653\/"},"modified":"2025-12-10T10:18:11","modified_gmt":"2025-12-10T10:18:11","slug":"celtic-vs-roma-uefa-confirm-major-detail","status":"publish","type":"post","link":"https:\/\/www.newsbeep.com\/uk\/308653\/","title":{"rendered":"Celtic Vs Roma: UEFA Confirm Major Detail"},"content":{"rendered":"<p><a href=\"https:\/\/www.uefa.com\/uefaeuropaleague\/match\/2046249--celtic-vs-roma\/\" target=\"_blank\" rel=\"noopener nofollow\">UEFA<\/a> has confirmed the full team of match officials who will take charge of Celtic v Roma in the Europa League at Celtic Park on Thursday evening.<\/p>\n<p class=\"p1\">It will be Wilfried Nancy\u2019s second match in charge of the Scottish Champions after his debut defeat against Hearts on Sunday. It is also the Frenchman\u2019s first ever experience of UEFA competition as a manager and he will be searching for his first win following the <a href=\"https:\/\/celtsarehere.com\/celtic-fc-wilfried-nancy-hearts\/\" rel=\"nofollow noopener\" target=\"_blank\">disappointing 2-1 loss to Derek McInnes\u2019 side.<\/a><\/p>\n<p class=\"p1\">According to <a href=\"https:\/\/www.uefa.com\/uefaeuropaleague\/match\/2046249--celtic-vs-roma\/\" target=\"_blank\" rel=\"noopener nofollow\">UEFA.com<\/a>, the officiating team will come almost entirely from Romania. The referee is Istv\u00e1n Kov\u00e1cs and he will be assisted by Mihai Marica and Ferencz Tunyogi. The fourth official is Szabolcs Kovacs. The Video Assistant Referee is C\u0103t\u0103lin Popa and the Assistant VAR is J\u00e9r\u00f4me Brisard from France.<\/p>\n<p><img fetchpriority=\"high\" decoding=\"async\" class=\"size-full wp-image-132864\" src=\"https:\/\/www.newsbeep.com\/uk\/wp-content\/uploads\/2025\/12\/2025-10-01T205259Z_1031893409_UP1ELA11M09IN_RTRMADP_3_SOCCER-CHAMPIONS-VIL-JUV-scaled.jpg\" alt=\"Celtic vs Roma Europa League Referee Istv\u00e1n Kov\u00e1cs\" width=\"2560\" height=\"1768\"  \/>Soccer Football \u2013 UEFA Champions League \u2013 Villarreal v Juventus \u2013 Estadio de la Ceramica, Villarreal, Spain \u2013 October 1, 2025 Referee Istvan Kovacs REUTERS\/Pablo Morano<\/p>\n<p class=\"p1\">Kov\u00e1cs is not a new face at <a data-autolink-id=\"32\" target=\"_self\" href=\"https:\/\/celtsarehere.com\/celtic-park\/\" rel=\"nofollow noopener\">Celtic Park<\/a>. He has refereed Celtic vs Astana back in 2016 and the Romanian oversaw the infamous 4-1 defeat to Sparta Prague during the Covid season when empty stands added to a bleak night for the club. Thursday will be a very different atmosphere.\u00a0Kov\u00e1cs has also taken charge of major fixtures in recent years, including Liverpool v Real Madrid in the Champions League, so the scale of the occasion will be nothing new to him.<\/p>\n<p><img loading=\"lazy\" decoding=\"async\" class=\"size-full wp-image-132788\" src=\"https:\/\/www.newsbeep.com\/uk\/wp-content\/uploads\/2025\/12\/2025-12-07T153839Z_1892641000_UP1ELC717GEGT_RTRMADP_3_SOCCER-SCOTLAND-CEL-HEA.jpg\" alt=\"Celtic FC Manager Wilfried Nancy on Celtic Park touchline\" width=\"1613\" height=\"2133\"  \/>Soccer Football \u2013 Scottish Premiership \u2013 Celtic v Heart of Midlothian \u2013 <a data-autolink-id=\"32\" target=\"_self\" href=\"https:\/\/celtsarehere.com\/celtic-park\/\" rel=\"nofollow noopener\">Celtic Park<\/a>, Glasgow, Scotland, Britain \u2013 December 7, 2025 Celtic manager Wilfried Nancy reacts REUTERS\/Russell Cheyne<br \/>\nCeltic\u2019s Europa League Chances<\/p>\n<p class=\"p1\">The Hoops will likely need four points from their remaining three Europa League matches to reach the next round. Roma arrive in Glasgow after a shaky domestic run, but they will still back themselves in Europe. They are already familiar with the city after beating Rangers at Ibrox earlier in the competition and will view Thursday as another opportunity to steady their season.<\/p>\n<p class=\"p1\">It is a massive night for Nancy as he takes his first steps into European football. <a data-autolink-id=\"32\" target=\"_self\" href=\"https:\/\/celtsarehere.com\/celtic-park\/\" rel=\"nofollow noopener\">Celtic Park<\/a> under the lights delivers a different kind of energy and the manager will hope that this is where his tenure truly begins to take shape.<\/p>\n<p>Wilfried Nancy\u2019s Tough Celtic Start<\/p>\n<p class=\"p1\">This week already feels like a baptism of fire for Nancy. Celtic aren\u2019t just fighting to stay in Europe. They\u2019re also gearing up for a League Cup final on Sunday.<\/p>\n<p class=\"p1\">This season\u2019s results have been hit-and-miss, performances have lacked consistency, and the new manager has walked straight into the middle of it all. A cup final so early in his time at the club isn\u2019t exactly ideal, but it does open the door to something bigger. Win a trophy before the year ends, and the outlook changes fast. Lose, and the spotlight intensifies before he\u2019s even had a real chance to settle.<\/p>\n<p class=\"p1\">Nancy has talked about identity and structure. Celtic fans will be hoping that some kind of form starts to take shape in the next few days. A European night on Thursday, a shot at silverware on Sunday, and a pivotal January transfer window looming. It\u2019s a packed schedule that shows just how big the job in front of him really is.<\/p>\n<p>    <a href=\"https:\/\/teesfortims.com\/\" target=\"_blank\" rel=\"nofollow noopener\"><br \/>\n        <img decoding=\"async\" src=\"https:\/\/www.newsbeep.com\/uk\/wp-content\/uploads\/2025\/09\/DANSDLKHBDS.png\" alt=\"Tees for Tims\" width=\"100%\"\/><br \/>\n    <\/a><\/p>\n","protected":false},"excerpt":{"rendered":"UEFA has confirmed the full team of match officials who will take charge of Celtic v Roma in&hellip;\n","protected":false},"author":2,"featured_media":308654,"comment_status":"","ping_status":"","sticky":false,"template":"","format":"standard","meta":{"footnotes":""},"categories":[33],"tags":[218,101,56,54,55],"class_list":{"0":"post-308653","1":"post","2":"type-post","3":"status-publish","4":"format-standard","5":"has-post-thumbnail","7":"category-football","8":"tag-football","9":"tag-sports","10":"tag-uk","11":"tag-united-kingdom","12":"tag-unitedkingdom"},"_links":{"self":[{"href":"https:\/\/www.newsbeep.com\/uk\/wp-json\/wp\/v2\/posts\/308653","targetHints":{"allow":["GET"]}}],"collection":[{"href":"https:\/\/www.newsbeep.com\/uk\/wp-json\/wp\/v2\/posts"}],"about":[{"href":"https:\/\/www.newsbeep.com\/uk\/wp-json\/wp\/v2\/types\/post"}],"author":[{"embeddable":true,"href":"https:\/\/www.newsbeep.com\/uk\/wp-json\/wp\/v2\/users\/2"}],"replies":[{"embeddable":true,"href":"https:\/\/www.newsbeep.com\/uk\/wp-json\/wp\/v2\/comments?post=308653"}],"version-history":[{"count":0,"href":"https:\/\/www.newsbeep.com\/uk\/wp-json\/wp\/v2\/posts\/308653\/revisions"}],"wp:featuredmedia":[{"embeddable":true,"href":"https:\/\/www.newsbeep.com\/uk\/wp-json\/wp\/v2\/media\/308654"}],"wp:attachment":[{"href":"https:\/\/www.newsbeep.com\/uk\/wp-json\/wp\/v2\/media?parent=308653"}],"wp:term":[{"taxonomy":"category","embeddable":true,"href":"https:\/\/www.newsbeep.com\/uk\/wp-json\/wp\/v2\/categories?post=308653"},{"taxonomy":"post_tag","embeddable":true,"href":"https:\/\/www.newsbeep.com\/uk\/wp-json\/wp\/v2\/tags?post=308653"}],"curies":[{"name":"wp","href":"https:\/\/api.w.org\/{rel}","templated":true}]}}