{"id":544613,"date":"2026-04-22T12:39:17","date_gmt":"2026-04-22T12:39:17","guid":{"rendered":"https:\/\/www.newsbeep.com\/uk\/544613\/"},"modified":"2026-04-22T12:39:17","modified_gmt":"2026-04-22T12:39:17","slug":"la-fleche-wallonne-live-will-paul-seixas-dominate-in-the-absence-of-tadej-pogacar-and-remco-evenepoel","status":"publish","type":"post","link":"https:\/\/www.newsbeep.com\/uk\/544613\/","title":{"rendered":"La Fl\u00e8che Wallonne LIVE: Will Paul Seixas dominate in the absence of Tadej Poga\u010dar and Remco Evenepoel?"},"content":{"rendered":"<p>Refresh <\/p>\n<p>2026-04-22T12:34:15.745Z<\/p>\n<p id=\"elk-465dc9c4-8c33-4cd8-a2dd-4b0fa0b3a494\">All the overall contenders and their teammates are on the front of the peloton on the C\u00f4te de Cherave. Positioning is now vital as the Mur de Huy nears. The approach is fast via a descent.<\/p>\n<p>2026-04-22T12:31:48.177Z<\/p>\n<p id=\"elk-25fb4ef7-de9c-4658-9d69-c8ce150e9c2b\">Next up is the steep C\u00f4te de Cherave (1.4km \u00e0 7.6%). It will hurt.<\/p>\n<p>2026-04-22T12:30:58.144Z<\/p>\n<p id=\"elk-e3c4b667-6221-4362-be97-765b7d6f38f5\">The break&#8217;s lead drops below 2:00.<\/p>\n<p lang=\"en\" dir=\"ltr\">\ud83c\udfc1 90km &#8211; \u23f1\ufe0f 1&#8217;53&#8221;6\ufe0f\u20e3\ud83d\udeb4\ud83c\udffb\u200d\u2642\ufe0f&lt; \ud83d\udeb4\ud83c\udffb\u200d\u2642\ufe0f\ud83d\udeb4\ud83c\udffb\u200d\u2642\ufe0f\ud83d\udeb4\ud83c\udffb\u200d\u2642\ufe0f\ud83d\udeb4\ud83c\udffb\u200d\u2642\ufe0f\ud83d\udeb4\ud83c\udffb\u200d\u2642\ufe0f\ud83d\udeb4\ud83c\udffb\u200d\u2642\ufe0f\ud83d\ude97\ud83c\uddf3\ud83c\uddf4 Andreas Leknessund acc\u00e9l\u00e8re en t\u00eate de course et \u00e7a deviebt difficile pour Jardi van der Lee et Jakub Otruba. Andreas Leknessund ups the pace at the front. Jardi Van der Lee and Jakub Otruba are struggling. \ud83e\udd75#FlecheWallonne pic.twitter.com\/boBaSKrnnB<a href=\"https:\/\/twitter.com\/cantworkitout\/status\/2046927956530905231\" rel=\"nofollow noopener\" target=\"_blank\">April 22, 2026<\/a><\/p>\n<p>2026-04-22T12:23:32.418Z<\/p>\n<p id=\"elk-f18e6f79-7e71-4ac6-abd2-412e3150eeda\">The first climb of the Mur de Huy is just 15km away.<\/p>\n<p>2026-04-22T12:22:13.634Z<br \/>\n<a id=\"elk-90km-to-go\"\/>90km to go<\/p>\n<p id=\"elk-c6e55ade-4fe3-4349-8873-f10f06da2e8f\" class=\"paywall\" aria-hidden=\"true\">The hard, hilly racing is hurting some in the attack.<\/p>\n<p>Jakub Otruba (Caja Rural), Jardi Christiaan van der Lee (EF Education) are forced to fight back onto the wheels as the road kicks-up again after the C\u00f4te d&#8217;Ereffe.<\/p>\n<p><a id=\"elk-seasonal\" class=\"paywall\" aria-hidden=\"true\"\/><\/p>\n<p>2026-04-22T12:19:41.719Z<\/p>\n<p id=\"elk-538eea0a-4762-4f06-abe0-c28e6e590bfc\">The riders enjoy a nice tailwind after tirning right over the top of the climb.<\/p>\n<p>2026-04-22T12:18:41.619Z<br \/>\n<a id=\"elk-cote-d-ereffe\"\/>C\u00f4te d&#8217;Ereffe<\/p>\n<p id=\"elk-cb7c139d-d12f-4602-b7a2-d0cb7c34bbca\">The peloton is timed at 1:50 at the summit of the C\u00f4te d&#8217;Ereffe.<\/p>\n<p>2026-04-22T12:17:35.886Z<\/p>\n<p id=\"elk-1a130d00-83ba-4cac-a9a3-00121c411a50\">Riders grab bidons over the top of the climb.<\/p>\n<p>2026-04-22T12:16:29.587Z<\/p>\n<p id=\"elk-ea272320-d129-499b-9b47-7494d69fbeb8\">Tim Wellens protects Beno\u00eet Cosnefroy up front, as Ineos also move up to the front.<\/p>\n<p class=\"paywall\" aria-hidden=\"true\">Will anyone sattack on the climb?<\/p>\n<p><a id=\"elk-seasonal\" class=\"paywall\" aria-hidden=\"true\"\/><\/p>\n<p>2026-04-22T12:15:48.238Z<\/p>\n<p id=\"elk-035c4502-d044-4a18-b246-25b4dce26552\">The Pinarello riders mass on the front but so does Bahrain for Martinez and Alpecin.<\/p>\n<p>2026-04-22T12:13:55.505Z<\/p>\n<p id=\"elk-89bc7b86-e7d3-4b2e-a7ae-a129d0f65094\">The attackers start the C\u00f4te d&#8217;Ereffe. Here we go!<\/p>\n<p>2026-04-22T12:07:35.276Z<br \/>\n<a id=\"elk-100km-to-go\"\/>100km to go<\/p>\n<p id=\"elk-3aaa9057-23d2-4abb-96e0-79132bf220c8\" class=\"paywall\" aria-hidden=\"true\">The peloton passes through the feed, some grabbing bidons, others checking in on teammates.<\/p>\n<p>The race is about to come alive on the approach to the C\u00f4te d&#8217;Ereffe.<\/p>\n<p><a id=\"elk-seasonal\" class=\"paywall\" aria-hidden=\"true\"\/><\/p>\n<p>2026-04-22T12:03:18.770Z<\/p>\n<p id=\"elk-bd008585-023d-4691-ab87-2eedbafd125c\">As the C\u00f4te d&#8217;Ereffe nears, Decathlon have upped the pace in the peloton dramatically.<\/p>\n<p class=\"paywall\" aria-hidden=\"true\">The break os only at 2:00.<\/p>\n<p><a id=\"elk-seasonal\" class=\"paywall\" aria-hidden=\"true\"\/><\/p>\n<p>2026-04-22T12:00:24.156Z<\/p>\n<p id=\"elk-9a4a87ff-8198-439d-a21d-10d523389f63\">The riders in the break have little time to enjoy the views across the fields of the Ardennes.<\/p>\n<p class=\"vanilla-image-block\" style=\"padding-top:66.70%;\">\n<p><img decoding=\"async\" src=\"https:\/\/www.newsbeep.com\/uk\/wp-content\/uploads\/2026\/04\/BNxfHc55KZwiNS7DHavL4F.jpg\" alt=\"MUR DE HUY, BELGIUM - APRIL 22: (L-R) Sjoerd Bax of Netherlands and Team Pinarello Q36.5 Pro Cycling, Andreas Leknessund of Norway and Team Uno-X Mobility, Jardi Christiaan van der Lee of Netherlands and Team EF Education - EasyPost, Vincent Van Hemelen of Belgium and Team Flanders - Baloise, Jakub Otruba of Czech Republic and Team Caja Rural - Seguros RGA and Alan Jousseaume of France and Team TotalEnergies compete in the breakaway during the 90th La Fleche Wallonne 2026 a 200km one day race from Herstal to Mur de Huy \/ #UCIWT \/ on April 22, 2026 in Herstal, Belgium. (Photo by Dario Belingheri\/Getty Images)\"   loading=\"lazy\" data-new-v2-image=\"true\" data-original-mos=\"https:\/\/www.newsbeep.com\/uk\/wp-content\/uploads\/2026\/04\/BNxfHc55KZwiNS7DHavL4F.jpg\" data-pin-media=\"https:\/\/www.newsbeep.com\/uk\/wp-content\/uploads\/2026\/04\/BNxfHc55KZwiNS7DHavL4F.jpg\" class=\"inline\"\/>\n<\/p>\n<p>(Image credit: Getty Images)<\/p>\n<p>2026-04-22T11:55:31.922Z<br \/>\n<a id=\"elk-110km-to-go\"\/>110km to go<\/p>\n<p id=\"elk-d582b0a0-0934-49a7-9e81-aca165721b16\" class=\"paywall\" aria-hidden=\"true\">The attackers push on, extending their gap to 3:00.<\/p>\n<p>The finishing circuit begins with the C\u00f4te d&#8217;Ereffe (2.2km \u00e0 5.2%) with 90km to go.<\/p>\n<p><a id=\"elk-seasonal\" class=\"paywall\" aria-hidden=\"true\"\/><\/p>\n<p>2026-04-22T11:52:01.284Z<\/p>\n<p id=\"elk-edf8630a-3595-4323-b7ac-a82b284a92de\">We especially like this one.<\/p>\n<p class=\"vanilla-image-block\" style=\"padding-top:66.70%;\">\n<p><img decoding=\"async\" src=\"https:\/\/www.newsbeep.com\/uk\/wp-content\/uploads\/2026\/04\/n5L7PKohvJmgHBQdaL4UBF.jpg\" alt=\"MUR DE HUY, BELGIUM - APRIL 22: (L-R) Axel Laurance of France, Jack Haig of Australia, Dorian Godon of France, Kevin Vauquelin of France, Bob Jungels of Luxembourg and Team INEOS Grenadiers and a general view of the peloton passing through flowery landscape during the 90th La Fleche Wallonne 2026 a 200km one day race from Herstal to Mur de Huy \/ #UCIWT \/ on April 22, 2026 in Herstal, Belgium. (Photo by Dario Belingheri\/Getty Images)\"   loading=\"lazy\" data-new-v2-image=\"true\" data-original-mos=\"https:\/\/www.newsbeep.com\/uk\/wp-content\/uploads\/2026\/04\/n5L7PKohvJmgHBQdaL4UBF.jpg\" data-pin-media=\"https:\/\/www.newsbeep.com\/uk\/wp-content\/uploads\/2026\/04\/n5L7PKohvJmgHBQdaL4UBF.jpg\" class=\"inline\"\/>\n<\/p>\n<p>(Image credit: Getty Images)<\/p>\n<p>2026-04-22T11:49:43.708Z<\/p>\n<p id=\"elk-37c083c9-bba2-43aa-bf9d-8eea31cf09f7\">The controlled moment of the race gives out photographers tine to make some art in the Ardennes fields.<\/p>\n<p class=\"vanilla-image-block\" style=\"padding-top:66.70%;\">\n<p><img decoding=\"async\" src=\"https:\/\/www.newsbeep.com\/uk\/wp-content\/uploads\/2026\/04\/LZJ7MmPZBHYTPw3wWT3dBF.jpg\" alt=\"A general view of the peloton competing during the 90th La Fleche Wallonne\"   loading=\"lazy\" data-new-v2-image=\"true\" data-original-mos=\"https:\/\/www.newsbeep.com\/uk\/wp-content\/uploads\/2026\/04\/LZJ7MmPZBHYTPw3wWT3dBF.jpg\" data-pin-media=\"https:\/\/www.newsbeep.com\/uk\/wp-content\/uploads\/2026\/04\/LZJ7MmPZBHYTPw3wWT3dBF.jpg\" class=\"inline\"\/>\n<\/p>\n<p>(Image credit: Getty Images)<\/p>\n<p>2026-04-22T11:45:32.751Z<\/p>\n<p id=\"elk-ccbf11af-3bb8-451d-9e4a-2035ad58d689\">Beno\u00eet Cosnefroy (UAE) needs a bike change and Tim Wellens is on super domestique duty to help him rejoin the peloton.<\/p>\n<p class=\"paywall\" aria-hidden=\"true\">He will soon be back but faces an effort to move back up to the front on the peloton.<\/p>\n<p><a id=\"elk-seasonal\" class=\"paywall\" aria-hidden=\"true\"\/><\/p>\n<p>2026-04-22T11:44:32.463Z<\/p>\n<p id=\"elk-cb7ccfd3-fa68-445c-86a6-a11055344940\">It&#8217;s a triple race day and Cyclingnews also has full live updates from the La Fl\u00e8che Wallonne Femmes. Click below to follow the action. The women&#8217;s race ends an hour after the men&#8217;s race, with the same Mur de Huy finish.<\/p>\n<p><a data-analytics-id=\"inline-link\" href=\"https:\/\/www.cyclingnews.com\/pro-cycling\/live\/la-fleche-wallonne-femmes-live-puck-pieterse-out-to-defend-her-title-on-the-mythical-mur-de-huy\/\" target=\"_blank\" data-mrf-recirculation=\"inline-link\" data-before-rewrite-localise=\"https:\/\/www.cyclingnews.com\/pro-cycling\/live\/la-fleche-wallonne-femmes-live-puck-pieterse-out-to-defend-her-title-on-the-mythical-mur-de-huy\/\" rel=\"nofollow noopener\">La Fl\u00e8che Wallonne Femmes LIVE: Puck Pieterse out to defend her title on the mythical Mur de Huy<\/a><\/p>\n<p class=\"vanilla-image-block\" style=\"padding-top:66.70%;\">\n<p><img decoding=\"async\" src=\"https:\/\/www.newsbeep.com\/uk\/wp-content\/uploads\/2026\/04\/DDpxNQnP9qPoe4Vh5gik6M.jpg\" alt=\"Ferrand Prevout before La Fleche Wallonne femmes 2026\"   loading=\"lazy\" data-new-v2-image=\"true\" data-original-mos=\"https:\/\/www.newsbeep.com\/uk\/wp-content\/uploads\/2026\/04\/DDpxNQnP9qPoe4Vh5gik6M.jpg\" data-pin-media=\"https:\/\/www.newsbeep.com\/uk\/wp-content\/uploads\/2026\/04\/DDpxNQnP9qPoe4Vh5gik6M.jpg\" class=\"inline\"\/>\n<\/p>\n<p>(Image credit: Getty Images)<br \/>\n<a id=\"elk-seasonal\" class=\"paywall\" aria-hidden=\"true\"\/><\/p>\n<p>2026-04-22T11:37:16.348Z<br \/>\n<a id=\"elk-120km-to-go\"\/>120km to go<\/p>\n<p id=\"elk-f6ff9c76-352e-4748-8661-5154e8dcfcad\" class=\"paywall\" aria-hidden=\"true\">The peloton is chasing hard but the six attackers are also going full gas to hold onto their lead of 2:50 as they dive through the lanes of the Ardennes hills.<\/p>\n<p class=\"paywall\" aria-hidden=\"true\">There is no easing up in the racing as the rider speed towards Huy and the hills of the final circuit.<\/p>\n<p><a id=\"elk-seasonal\" class=\"paywall\" aria-hidden=\"true\"\/><\/p>\n<p>2026-04-22T11:25:30.076Z<\/p>\n<p id=\"elk-b94368d6-c272-4ca2-adf5-bd234d728049\">The French love Paul Siexas but also cheer for K\u00e9vin Vauquelin and he could challenge for the win today.<\/p>\n<p>&#8220;K\u00e9vin is quite strong in this type of effort, and he has been second in the last two editions of this race, so I think he will definitely be up there,&#8221; Seixas predicted.<\/p>\n<p><a id=\"elk-seasonal\" class=\"paywall\" aria-hidden=\"true\"\/><\/p>\n<p id=\"elk-b94368d6-c272-4ca2-adf5-bd234d728049-2\">Vauquelin was 5th in the Volta ao Algarve, 4th in Paris-Nice, 10th in the Tour of the Basque Country. He crashed at the Amstel Gold Race but is okay.<\/p>\n<p>&#8220;Luckily he came away just fine. He just lost a bit of skin, and is still in good shape. We are hoping for the best, and looking forward to having a good fight out there,&#8221; his Ineos DS Christian Knees said.<\/p>\n<p>&#8220;We won\u2019t target a specific result because we don\u2019t want to put any pressure on K\u00e9vin or the rest of the team.&#8221;<\/p>\n<p>Vauquelin will have support from French national champion Dorian Godon.<\/p>\n<p class=\"vanilla-image-block\" style=\"padding-top:66.70%;\">\n<p><img decoding=\"async\" src=\"https:\/\/www.newsbeep.com\/uk\/wp-content\/uploads\/2026\/04\/XKx5LzrYLspunUwMkFcD6i.jpg\" alt=\"Kevin Vauquelin of France and Dorian Godon of France and Team INEOS Grenadiers prior to the 90th La Fleche Wallonne 2026\"   loading=\"lazy\" data-new-v2-image=\"true\" data-original-mos=\"https:\/\/www.newsbeep.com\/uk\/wp-content\/uploads\/2026\/04\/XKx5LzrYLspunUwMkFcD6i.jpg\" data-pin-media=\"https:\/\/www.newsbeep.com\/uk\/wp-content\/uploads\/2026\/04\/XKx5LzrYLspunUwMkFcD6i.jpg\" class=\"inline\"\/>\n<\/p>\n<p>(Image credit: Getty Images)<\/p>\n<p>2026-04-22T11:13:16.818Z<br \/>\n<a id=\"elk-140km-to-go\"\/>140km to go<\/p>\n<p id=\"elk-2e42d8d9-577c-47a0-8e1a-8bd27fd077a5\" class=\"paywall\" aria-hidden=\"true\">Four different riders from Lidl-Trek, Tudor, UAE and Ineos are leading the peloton, with the Decathlon team lined-out just behind them to protect Paul Siexas but also to show their intentions.<\/p>\n<p>2026-04-22T11:05:47.344Z<\/p>\n<p id=\"elk-b6d1af9d-1416-45a0-8fac-132d148db037\">The race is now speeding south-west of Liege and towards Huy for the key climbs and circuits.<\/p>\n<p>2026-04-22T11:03:36.663Z<\/p>\n<p id=\"elk-cb14cc10-ab84-43d7-9f15-ce696df9ff2c\">It&#8217;s a fast start to the race, as the lined-out peloton proves. The average speed for the first hour was 44.194 km\/h!<\/p>\n<p>2026-04-22T10:58:01.710Z<br \/>\n<a id=\"elk-150km-to-go\"\/>150km to go<\/p>\n<p id=\"elk-b9fd80c8-6919-4302-bf85-895a0078fb43\" class=\"paywall\" aria-hidden=\"true\">The attackers lead by 3:00.<\/p>\n<p>2026-04-22T10:51:25.341Z<\/p>\n<p id=\"elk-a3a282ed-0240-4d57-8696-86bd45d0f338\">The attackers have an advantage on the rolling roads. They can select their lines and descend safely, but at speed.<\/p>\n<p>2026-04-22T10:40:42.241Z<\/p>\n<p id=\"elk-afe637de-a604-4c88-b405-e6e1df8c0352\">We can see that now Ineos and Seixas&#8217; Decathlon teammates are leading the peloton. Nobody wants the six attackers to open a big lead.<\/p>\n<p>2026-04-22T10:39:36.480Z<\/p>\n<p id=\"elk-51877516-15ef-4fd0-a8ee-16dae9d00200\">Siexas is strong, we all know that, including his rivals, but he perhaps does not have the power punch needed to make a late attack on the Mur de Huy.<\/p>\n<p class=\"paywall\" aria-hidden=\"true\">Perhaps he will try to make the race hard, go eaelier, or go at the foot of the Mur. He has been training on his attacks.<\/p>\n<p><a id=\"elk-seasonal\" class=\"paywall\" aria-hidden=\"true\"\/><\/p>\n<p id=\"elk-51877516-15ef-4fd0-a8ee-16dae9d00200-2\">&#8220;I specifically worked on this before Pays Basque. I don\u2019t know how good I will be compared to the rivals I\u2019ll face in Huy, but I know I can do well.&#8221; he said.<\/p>\n<p>&#8220;My real goal is to find out what my place is in this type of effort, and in this race. I\u2019m going to learn what the Mur de Huy is really like, and where it is better to launch an attack. I want to see how it goes and grab any chance that may come my way.&#8221;<\/p>\n<p>2026-04-22T10:37:49.296Z<\/p>\n<p id=\"elk-1c36cd7a-1332-44ea-a0be-8eed3b501cb5\">Paul Seixas (Decathlon CMA CGM) is the youngest rider on the La Fl\u00e8che Wallonne start list at 19 years and 210 days old. Will he become the youngest to ever win this race, too?<\/p>\n<p class=\"paywall\" aria-hidden=\"true\">The French fans hope so snd many consider him the big favourite but he is a little more cautious.<\/p>\n<p><a id=\"elk-seasonal\" class=\"paywall\" aria-hidden=\"true\"\/><\/p>\n<p id=\"elk-1c36cd7a-1332-44ea-a0be-8eed3b501cb5-2\">&#8220;I don\u2019t share that point of view,\u201d the promising French rider during a press conference on Tuesday.<\/p>\n<p>&#8220;I am coming to La Fl\u00e8che Wallonne just to test myself in this type of effort. We are going to try and score the best possible result, but I\u2019m under no obligation to win.&#8221;<\/p>\n<p class=\"vanilla-image-block\" style=\"padding-top:66.60%;\">\n<p><img decoding=\"async\" src=\"https:\/\/www.newsbeep.com\/uk\/wp-content\/uploads\/2026\/04\/Aj4pdEAJeznzMX8doRXnUF.jpg\" alt=\"Paul Seixas at the start of the 2026 La Fleche Wallonne\"   loading=\"lazy\" data-new-v2-image=\"true\" data-original-mos=\"https:\/\/www.newsbeep.com\/uk\/wp-content\/uploads\/2026\/04\/Aj4pdEAJeznzMX8doRXnUF.jpg\" data-pin-media=\"https:\/\/www.newsbeep.com\/uk\/wp-content\/uploads\/2026\/04\/Aj4pdEAJeznzMX8doRXnUF.jpg\" class=\"inline\"\/>\n<\/p>\n<p>(Image credit: Getty Images)<\/p>\n<p>2026-04-22T10:33:53.351Z<br \/>\n<a id=\"elk-170km-to-go\"\/>170km to go<\/p>\n<p id=\"elk-e8f124a7-2d62-4d08-bee1-a797f49c06d3\" class=\"paywall\" aria-hidden=\"true\">The peloton rides steady on the climb, keeping the gap at 2:40.<\/p>\n<p>2026-04-22T10:32:09.581Z<\/p>\n<p id=\"elk-cf4fd531-4245-4464-b0fd-db18a52e9c34\">The riders are about to climb the C\u00f4te de Trasenster (3.3km at 5.3%), it is the first official climb of the race.<\/p>\n<p>2026-04-22T10:31:02.813Z<\/p>\n<p id=\"elk-296388bf-51b4-410a-b9a2-aef75dedb571\">Last year Tadej Pogacar was the big favourite and won on thev Mur de Huy. This year the race is wide open and we&#8217;re expecting a far more balanced race, with perhaps attacks before the final climb to the finish.<\/p>\n<p>&#8220;There are six or seven riders who could realistically claim victory. It\u2019s hard to imagine how some teams are going to play their cards. Some may send riders up the road before the last climb,&#8221; Jean-Michel Monin of race organiser ASO suggested.<\/p>\n<p><a id=\"elk-seasonal\" class=\"paywall\" aria-hidden=\"true\"\/><\/p>\n<p id=\"elk-296388bf-51b4-410a-b9a2-aef75dedb571-2\">&#8220;The final circuit is very hard for a breakaway to stay clear of the bunch. The escapees would need to open a big gap in the first climb atop the Wall if they are to fight for the win later on.<\/p>\n<p>&#8220;Afterwards, the Mur de Huy is pretty straightforward &#8211; the best rider wins. It is the most beautiful finale of the season.&#8221;<\/p>\n<p>2026-04-22T10:23:25.715Z<\/p>\n<p id=\"elk-bd732d1e-1b86-4d41-9d37-40015886ecf3\">UAE, Tudor and Lidl-Trek are leading the peloton, to control the breakaway.<\/p>\n<p>2026-04-22T10:21:42.970Z<\/p>\n<p id=\"elk-63c9a028-57ac-4aba-856b-41205675c75a\">And here is the first shot from our race photographer.<\/p>\n<p class=\"vanilla-image-block\" style=\"padding-top:66.70%;\">\n<p><img decoding=\"async\" src=\"https:\/\/www.newsbeep.com\/uk\/wp-content\/uploads\/2026\/04\/x5CkB5MDbZnEa9RVRLYkq3.jpg\" alt=\"Andreas Leknessund of Norway and Team Uno-X Mobility leads the break at the La Fleche Wallonne 2026\"   loading=\"lazy\" data-new-v2-image=\"true\" data-original-mos=\"https:\/\/www.newsbeep.com\/uk\/wp-content\/uploads\/2026\/04\/x5CkB5MDbZnEa9RVRLYkq3.jpg\" data-pin-media=\"https:\/\/www.newsbeep.com\/uk\/wp-content\/uploads\/2026\/04\/x5CkB5MDbZnEa9RVRLYkq3.jpg\" class=\"inline\"\/>\n<\/p>\n<p>(Image credit: Getty Images)<\/p>\n<p>2026-04-22T10:19:41.636Z<br \/>\n<a id=\"elk-180km-to-go\"\/>180km to go<\/p>\n<p id=\"elk-4cc38379-adfd-4e4d-9792-0e9c7910d75d\" class=\"paywall\" aria-hidden=\"true\">The attackers are: Sjoerd Bax (Pinarello-Q36.5), Andreas Leknessund (Uno-X), Vincent Van Hemelen (Flanders-Baloise), Jakub Otruba (Caja Rural-Seguros RGA), Jardi Christiaan van der Lee (EF Education-EasyPost), Alan Jousseaume (TotalEnergies).<\/p>\n<p>2026-04-22T10:16:22.762Z<\/p>\n<p id=\"elk-f1f30bd4-49ef-426f-85f3-04368a425ecd\">The gap is up to 2:30. Now it will be fascinating to see who leads the chase and does the work on the front of the peloton.<\/p>\n<p>2026-04-22T10:12:09.904Z<\/p>\n<p id=\"elk-f9af2f53-ecbe-4aa0-ac36-0f7acf701bc0\">The peloton has let them go. There are six riders in the attack. Everyone in the peloton and up front will be happy with that.<\/p>\n<p class=\"paywall\" aria-hidden=\"true\">The peloton can control the attack and the six will work together for their day out front.<\/p>\n<p><a id=\"elk-seasonal\" class=\"paywall\" aria-hidden=\"true\"\/><\/p>\n<p>2026-04-22T10:09:39.725Z<\/p>\n<p id=\"elk-3e3924fa-132a-44d7-b48a-2514d17632e2\">We have a new, more serious attack forming.<\/p>\n<p>2026-04-22T10:03:22.078Z<\/p>\n<p id=\"elk-780d7f0a-d2d5-45f5-b402-83fc7c1d80ba\">An early two-rider move is caught but we can expect more attacks soon.<\/p>\n<p>2026-04-22T09:56:56.020Z<\/p>\n<p id=\"elk-ea020594-0f2e-4499-bd62-3e8b9a6f9758\">Will one of these three be smiling at the finish?<\/p>\n<p lang=\"en\" dir=\"ltr\">\ud83d\ude0e Un dernier (cool) selfie avant le d\u00e9part One last (cool) selfie before the start. \ud83e\udd33#FlecheWallonne pic.twitter.com\/g8BspamZA5<a href=\"https:\/\/twitter.com\/cantworkitout\/status\/2046885278480998610\" rel=\"nofollow noopener\" target=\"_blank\">April 22, 2026<\/a><\/p>\n<p>2026-04-22T09:54:57.540Z<\/p>\n<p id=\"elk-b3df751b-d2dc-4ce0-a45b-feac8dba76d6\">Riders from TotalEnergies are the first to attack to try for spark an early breakaway.<\/p>\n<p>2026-04-22T09:54:14.892Z<\/p>\n<p id=\"elk-baa76835-88e9-42fb-916d-68e8f1a097fe\">Allez! The flag drops the race is underway. 174 riders started today, with Alexey Lutsenko (NSN Cycling Team) the only. DNS.<\/p>\n<p>2026-04-22T09:53:17.874Z<\/p>\n<p id=\"elk-523fe530-ccc8-4868-9ebd-d7d7ff21d06d\">This year\u2019s 90th edition of La Fl\u00e8che Wallonne is the 42nd time that the race ends with the ascent of the Mur de Huy.<\/p>\n<p>In recent years, new climbs have been added to the final kilometres and final circuits, with the C\u00f4te d&#8217;Ereffe adding another difficulty, even if the Mur de Huy is almost always the deciding climb from a large group.<\/p>\n<p><a id=\"elk-seasonal\" class=\"paywall\" aria-hidden=\"true\"\/><\/p>\n<p id=\"elk-523fe530-ccc8-4868-9ebd-d7d7ff21d06d-2\">These are the official climbs of the day but there are many more on the rolling roads of the Belgian Ardennes.<\/p>\n<p>C\u00f4te de Trasenster at km 18.2<\/p>\n<p>C\u00f4te des Forges at km 48.8<\/p>\n<p>C\u00f4te d&#8217;Ereffe (2.1km at 5%) at km 116<\/p>\n<p>C\u00f4te de Cherave (1.3 km at 8,1%) at km 128.7<\/p>\n<p>Mur de Huy (1.3km at 9.6%) at km 134.4<\/p>\n<p>C\u00f4te d&#8217;Ereffe (2.1km at 5%) at km 153.2<\/p>\n<p>C\u00f4te de Cherave (1.3 km at 8,1%) at km 165.9<\/p>\n<p>Mur de Huy (1.3km at 9.6%) at km 171<\/p>\n<p>C\u00f4te d&#8217;Ereffe (2.1km at 5%) at km 190.4<\/p>\n<p>C\u00f4te de Cherave (1.3 km at 8,1%) at km 203.1<\/p>\n<p>Mur de Huy (1.3km at 9.6%) at km 208.8 (finish)<\/p>\n<p>2026-04-22T09:47:40.395Z<\/p>\n<p lang=\"en\" dir=\"ltr\">\ud83d\udc4f Le public est venu en nombre dans les rues de Herstal. Le peloton se dirige vers le d\u00e9part r\u00e9el. Big crowds line the streets of Herstal as the peloton heads towards the official start. \ud83d\ude4c#FlecheWallonne pic.twitter.com\/cm7WMuflBE<a href=\"https:\/\/twitter.com\/cantworkitout\/status\/2046887700217700863\" rel=\"nofollow noopener\" target=\"_blank\">April 22, 2026<\/a><\/p>\n<p>2026-04-22T09:40:37.826Z<\/p>\n<p id=\"elk-315be022-1a92-43e1-97f8-f8ccd181a4b4\">The riders cover 7.8km of neutralised roads, tucked in tight behind the red race directors car.<\/p>\n<p>2026-04-22T09:33:49.274Z<\/p>\n<p id=\"elk-5bff653e-8b0a-45a9-bb0c-c696caab8d82\">Here we go! After a countdown, the riders roll out of Herstal, along the Meuse River, five kilometres north of Li\u00e8ge.<\/p>\n<p class=\"vanilla-image-block\" style=\"padding-top:56.21%;\">\n<p><img decoding=\"async\" src=\"https:\/\/www.newsbeep.com\/uk\/wp-content\/uploads\/2026\/04\/nwyQCvjQ4vEWgu9qC6smkF.webp.webp\" alt=\"The map of the 2026 La Fl&amp;egrave;che Wallonne\"   loading=\"lazy\" data-new-v2-image=\"true\" data-original-mos=\"https:\/\/www.newsbeep.com\/uk\/wp-content\/uploads\/2026\/04\/nwyQCvjQ4vEWgu9qC6smkF.webp.webp\" data-pin-media=\"https:\/\/www.newsbeep.com\/uk\/wp-content\/uploads\/2026\/04\/nwyQCvjQ4vEWgu9qC6smkF.webp.webp\" class=\"inline\"\/>\n<\/p>\n<p>(Image credit: ASO)<\/p>\n<p>2026-04-22T09:26:46.651Z<\/p>\n<p lang=\"en\" dir=\"ltr\">\ud83e\udd33 Selfie time@GroupamaFDJ #FlecheWallonne pic.twitter.com\/Da7FDGTaxi<a href=\"https:\/\/twitter.com\/cantworkitout\/status\/2046880441576157229\" rel=\"nofollow noopener\" target=\"_blank\">April 22, 2026<\/a><\/p>\n<p>2026-04-22T09:25:41.851Z<\/p>\n<p id=\"elk-f489477d-d3c3-4d97-b63a-2feee242fc81\">The riders are now lining up on the start line under blue skies, with a slight breeze. They face 200km of racing after a short neutralised sector.<\/p>\n<p>2026-04-22T09:24:43.556Z<\/p>\n<p id=\"elk-de245355-88f6-4f47-8e84-daad33493e81\">Tudor are the last to sign on with Julian Alaphilippe hailed as a former three-timer winner. Lulu wrars number. in today&#8217;s race.<\/p>\n<p>2026-04-22T09:23:29.780Z<\/p>\n<p id=\"elk-0986c78f-8ce9-4f71-87cf-1306288460c7\">Last year&#8217;s race was held in the cold and rain and Tadej Poga\u010dar dominated with an unbeatable surge on the Mur de Huy.<\/p>\n<p class=\"paywall\" aria-hidden=\"true\">Check out our full report of the 2025 race to understand what might happen today.<\/p>\n<p><a data-analytics-id=\"inline-link\" href=\"https:\/\/www.cyclingnews.com\/races\/la-fleche-wallonne-2025\/elite-men\/results\/\" target=\"_blank\" data-mrf-recirculation=\"inline-link\" data-before-rewrite-localise=\"https:\/\/www.cyclingnews.com\/races\/la-fleche-wallonne-2025\/elite-men\/results\/\" rel=\"nofollow noopener\">La Fl\u00e8che Wallonne: Tadej Poga\u010dar blasts to victory after rain soaked race<\/a><\/p>\n<p class=\"vanilla-image-block\" style=\"padding-top:68.26%;\">\n<p><img decoding=\"async\" src=\"https:\/\/www.newsbeep.com\/uk\/wp-content\/uploads\/2026\/04\/NbwAP26LsE5vQurjus9DCh.jpg\" alt=\"Tadej Pogacar celebrates winning the men's 2025 La Fleche Wallonne\"   loading=\"lazy\" data-new-v2-image=\"true\" data-original-mos=\"https:\/\/www.newsbeep.com\/uk\/wp-content\/uploads\/2026\/04\/NbwAP26LsE5vQurjus9DCh.jpg\" data-pin-media=\"https:\/\/www.newsbeep.com\/uk\/wp-content\/uploads\/2026\/04\/NbwAP26LsE5vQurjus9DCh.jpg\" class=\"inline\"\/>\n<\/p>\n<p>(Image credit: Getty Images)<br \/>\n<a id=\"elk-seasonal\" class=\"paywall\" aria-hidden=\"true\"\/><\/p>\n<p>2026-04-22T09:14:05.778Z<\/p>\n<p id=\"elk-7149bcc8-a54d-4deb-9a06-adfe7633743a\">Cosnefroy was third at both De Brabantse Pijl and the Amstel Gold Race and so is on form.<\/p>\n<p>2026-04-22T09:12:36.779Z<\/p>\n<p id=\"elk-3a502e53-3739-43f5-8dd2-093959da1cf8\">UAE Team Emirates are the next to sign on. There is no Tadej Poga\u010dar today and so Beno\u00eet Cosnefroy is the expected team leader.<\/p>\n<p>2026-04-22T09:10:43.178Z<\/p>\n<p id=\"elk-8c9672ef-ac7d-4751-9535-b960af131b7b\">Of course, the biggest cheer is for new French favourite Paul Seixas. The Decathlon rider dominated the Itzulia Basque Country.<\/p>\n<p class=\"vanilla-image-block\" style=\"padding-top:66.70%;\">\n<p><img decoding=\"async\" src=\"https:\/\/www.newsbeep.com\/uk\/wp-content\/uploads\/2026\/02\/uzMzJfgbesJe2suSKK7HdF.jpg\" alt=\"Paul Seixas\"   loading=\"lazy\" data-new-v2-image=\"true\" data-original-mos=\"https:\/\/www.newsbeep.com\/uk\/wp-content\/uploads\/2026\/02\/uzMzJfgbesJe2suSKK7HdF.jpg\" data-pin-media=\"https:\/\/www.newsbeep.com\/uk\/wp-content\/uploads\/2026\/02\/uzMzJfgbesJe2suSKK7HdF.jpg\" class=\"inline\"\/>\n<\/p>\n<p>(Image credit: Getty Images)<\/p>\n<p>2026-04-22T09:07:26.771Z<\/p>\n<p id=\"elk-d539cd74-4e50-4dc0-b06d-6674d7371572\">Romain Gr\u00e9goire (Groupama-FDJ United) signs and speak to the crowd. He is a dangerous outsider after his forth place at Amstel Gold Race.<\/p>\n<p>2026-04-22T09:03:44.251Z<\/p>\n<p id=\"elk-6fc2ad0e-e8a6-455c-bb91-bd92e014dc3a\">Dani Ostanek wrote this special feature on the contender of this year&#8217;s men&#8217;s and women&#8217;s Fl\u00e8che Wallonne favourites. These are the names to watch today.<\/p>\n<p><a data-analytics-id=\"inline-link\" href=\"https:\/\/www.cyclingnews.com\/pro-cycling\/racing\/the-kings-and-queens-of-the-mur-de-huy-analysing-the-contenders-for-la-fleche-wallonne\/\" target=\"_blank\" data-mrf-recirculation=\"inline-link\" data-before-rewrite-localise=\"https:\/\/www.cyclingnews.com\/pro-cycling\/racing\/the-kings-and-queens-of-the-mur-de-huy-analysing-the-contenders-for-la-fleche-wallonne\/\" rel=\"nofollow noopener\">The kings and queens of the Mur de Huy \u2013 Analysing the contenders for La Fl\u00e8che Wallonne<\/a><\/p>\n<p class=\"vanilla-image-block\" style=\"padding-top:66.64%;\">\n<p><img decoding=\"async\" src=\"https:\/\/www.newsbeep.com\/uk\/wp-content\/uploads\/2026\/04\/oEFLsWG7RPexoZy3k2oZPk.jpg\" alt=\"Demi Vollering and Paul Seixas are among our favourites for the 2026 La Fl&amp;egrave;che Wallonne\"   loading=\"lazy\" data-new-v2-image=\"true\" data-original-mos=\"https:\/\/www.newsbeep.com\/uk\/wp-content\/uploads\/2026\/04\/oEFLsWG7RPexoZy3k2oZPk.jpg\" data-pin-media=\"https:\/\/www.newsbeep.com\/uk\/wp-content\/uploads\/2026\/04\/oEFLsWG7RPexoZy3k2oZPk.jpg\" class=\"inline\"\/>\n<\/p>\n<p>(Image credit: Getty Images)<br \/>\n<a id=\"elk-seasonal\" class=\"paywall\" aria-hidden=\"true\"\/><\/p>\n<p>2026-04-22T09:00:11.995Z<\/p>\n<p id=\"elk-d602176e-e63a-40d2-8727-ea32ef663718\">Jayco AlUla are the latest team to sign-on. Here comes Lenny Martinez of Bahrain Victorious. He is one of the many French favourites today.<\/p>\n<p>2026-04-22T08:56:39.365Z<\/p>\n<p id=\"elk-c7b72b2b-aa95-48b9-9d29-b4736c3ba63d\">This is the 90th edition of <a data-analytics-id=\"inline-link\" href=\"https:\/\/www.cyclingnews.com\/la-fleche-wallonne\/\" data-mrf-recirculation=\"inline-link\" data-before-rewrite-localise=\"https:\/\/www.cyclingnews.com\/la-fleche-wallonne\/\" rel=\"nofollow noopener\" target=\"_blank\">La Fl\u00e8che Wallonne<\/a>. This year the race begins in Herstal and again features three ascents of the Mur de Huy after 130.8km, 168km, and at the finish.<\/p>\n<p lang=\"en\" dir=\"ltr\">\ud83c\udff9 La #FlecheWallonne 2026 \ud83c\udff9\ud83d\udea9 Herstal &#8211; Huy \ud83c\udfc1\ud83d\udccf 200 km\u26f0\ufe0f 11 ascensions \/ 11 climbs\u23f0 11h30 \ud83c\udfc1\u2248 16h23 pic.twitter.com\/gMYO2nzGz8<a href=\"https:\/\/twitter.com\/cantworkitout\/status\/2046846464584745027\" rel=\"nofollow noopener\" target=\"_blank\">April 22, 2026<\/a><\/p>\n<p>2026-04-22T08:46:51.254Z<\/p>\n<p id=\"elk-842c921f-fac1-49e0-9488-5f6f15b06187\">The sun is out in Herstal, just north of Liege, as the riders sign-on.<\/p>\n<p>2026-04-22T08:43:49.206Z<\/p>\n<p id=\"elk-c55456bb-4a08-4ab0-944c-10dd3e33d7a0\">Join us for full coverage of all the action from the roads of Belgium. We&#8217;ll cover the roll out, early attack, the big finale and all the post-race reaction.<\/p>\n<p>2026-04-22T08:42:45.118Z<\/p>\n<p id=\"elk-3b8855b8-7563-433a-9488-f5988c4bdd69\">Hello and welcome to the Cyclingnews live coverage of the men&#8217;s La Fl\u00e8che Wallonne. It&#8217;s Wednesday but time for another great day of Ardennes Classic racing.<\/p>\n<p>Please follow our <a href=\"&quot;https:\/\/www.cyclingnews.com\/about\/#section-community-guidelines&quot;\" target=\"&quot;_blank&quot;\">community guidelines<\/a>.&#8221; data-join-the-conversation-text=&#8221;Join the Conversation&#8221;&gt;<\/p>\n<p class=\"mb-3 !text-lg\">You must confirm your public display name before commenting<\/p>\n<p class=\"mb-3 !text-sm\">Please logout and then login again, you will then be prompted to enter your display name.<\/p>\n<p>Logout<\/p>\n<p><script async src=\"https:\/\/platform.twitter.com\/widgets.js\" charset=\"utf-8\"><\/script><\/p>\n","protected":false},"excerpt":{"rendered":"Refresh 2026-04-22T12:34:15.745Z All the overall contenders and their teammates are on the front of the peloton on the&hellip;\n","protected":false},"author":2,"featured_media":544614,"comment_status":"","ping_status":"","sticky":false,"template":"","format":"standard","meta":{"footnotes":""},"categories":[37],"tags":[4985,101,56,54,55],"class_list":{"0":"post-544613","1":"post","2":"type-post","3":"status-publish","4":"format-standard","5":"has-post-thumbnail","7":"category-cycling","8":"tag-cycling","9":"tag-sports","10":"tag-uk","11":"tag-united-kingdom","12":"tag-unitedkingdom"},"_links":{"self":[{"href":"https:\/\/www.newsbeep.com\/uk\/wp-json\/wp\/v2\/posts\/544613","targetHints":{"allow":["GET"]}}],"collection":[{"href":"https:\/\/www.newsbeep.com\/uk\/wp-json\/wp\/v2\/posts"}],"about":[{"href":"https:\/\/www.newsbeep.com\/uk\/wp-json\/wp\/v2\/types\/post"}],"author":[{"embeddable":true,"href":"https:\/\/www.newsbeep.com\/uk\/wp-json\/wp\/v2\/users\/2"}],"replies":[{"embeddable":true,"href":"https:\/\/www.newsbeep.com\/uk\/wp-json\/wp\/v2\/comments?post=544613"}],"version-history":[{"count":0,"href":"https:\/\/www.newsbeep.com\/uk\/wp-json\/wp\/v2\/posts\/544613\/revisions"}],"wp:featuredmedia":[{"embeddable":true,"href":"https:\/\/www.newsbeep.com\/uk\/wp-json\/wp\/v2\/media\/544614"}],"wp:attachment":[{"href":"https:\/\/www.newsbeep.com\/uk\/wp-json\/wp\/v2\/media?parent=544613"}],"wp:term":[{"taxonomy":"category","embeddable":true,"href":"https:\/\/www.newsbeep.com\/uk\/wp-json\/wp\/v2\/categories?post=544613"},{"taxonomy":"post_tag","embeddable":true,"href":"https:\/\/www.newsbeep.com\/uk\/wp-json\/wp\/v2\/tags?post=544613"}],"curies":[{"name":"wp","href":"https:\/\/api.w.org\/{rel}","templated":true}]}}