{"id":544796,"date":"2026-04-22T14:55:21","date_gmt":"2026-04-22T14:55:21","guid":{"rendered":"https:\/\/www.newsbeep.com\/uk\/544796\/"},"modified":"2026-04-22T14:55:21","modified_gmt":"2026-04-22T14:55:21","slug":"la-fleche-wallonne-femmes-live-puck-pieterse-out-to-defend-her-title-on-the-mythical-mur-de-huy","status":"publish","type":"post","link":"https:\/\/www.newsbeep.com\/uk\/544796\/","title":{"rendered":"La Fl\u00e8che Wallonne Femmes LIVE: Puck Pieterse out to defend her title on the mythical Mur de Huy"},"content":{"rendered":"<p>Refresh <\/p>\n<p>2026-04-22T14:54:15.611Z<\/p>\n<p id=\"elk-76b5e46e-4988-47c0-8bac-8a307f0e71a6\">Amstel winner Paula Blasi also attempted to get away and bridge up to the leaders, but her attack was neutralised.<\/p>\n<p>2026-04-22T14:51:07.659Z<\/p>\n<p id=\"elk-89a323bd-9004-48d7-9cd1-4402c5e14fb7\">Dubau-Pr\u00e9vot is being hunted down by Katrine Aalerud of Uno-X Mobility.<\/p>\n<p class=\"paywall\" aria-hidden=\"true\">The Norwegian is just a few seconds behind, while the peloton is now a minute in arrears.<\/p>\n<p><a id=\"elk-seasonal\" class=\"paywall\" aria-hidden=\"true\"\/><\/p>\n<p>2026-04-22T14:48:16.056Z<\/p>\n<p id=\"elk-572c6b63-7750-4c55-b564-0d336a4036b4\">Dubau-Pr\u00e9vot&#8217;s lead has extended out to 30 seconds on this plateau.<\/p>\n<p>2026-04-22T14:46:03.957Z<\/p>\n<p id=\"elk-570d08eb-2dbd-4251-88f2-3e4e79b49558\">A good move by the young Frenchwoman, who will soon enjoy a ripping tailwind over 30 km\/h if she can stay away.<\/p>\n<p>2026-04-22T14:45:06.569Z<\/p>\n<p id=\"elk-340b8494-86c2-4577-aa13-bbe7fbe6b8e9\">Axelle Dubau-Pr\u00e9vot has attacked on the Mur. The EF Education-Oatly rider has a 20 second lead.<\/p>\n<p>2026-04-22T14:43:51.052Z<\/p>\n<p id=\"elk-76226209-6200-40b4-a19a-a3123e5a81fb\">The riders have crossed the line and there is one lap and three more climbs to go.<\/p>\n<p>2026-04-22T14:42:30.787Z<\/p>\n<p id=\"elk-c0deea80-c16c-4fdf-82b8-9099814c9472\">Yara Kastelijn has been dropped on the Mur. That&#8217;s a key worker for Pieterse out the back.<\/p>\n<p>2026-04-22T14:42:02.681Z<\/p>\n<p id=\"elk-a1ba7c19-b54b-4fa4-b770-8a88e09993a3\">Visma-Lease a Bike are keen to make this hard. Marion Bunel has been driving things on the front.<\/p>\n<p>2026-04-22T14:40:43.167Z<br \/>\n<a id=\"elk-mur-de-huy-1-3km-at-9-6\"\/>Mur de Huy (1.3km at 9.6%)<\/p>\n<p id=\"elk-f6509fba-44e0-4c71-8180-4d7971cb0998\" class=\"paywall\" aria-hidden=\"true\">Time for the Ardennes&#8217; most-famous hill.<\/p>\n<p>2026-04-22T14:39:42.113Z<\/p>\n<p id=\"elk-64191968-5730-4eeb-b541-546db147c033\">Both have returned to the peloton, but that&#8217;s disappointing for Lidl-Trek, who are putting their hopes in the New Zealander today.<\/p>\n<p>2026-04-22T14:39:03.635Z<\/p>\n<p id=\"elk-d8cb359f-d15b-44a9-8738-598f2a027558\">There has been a crash for two Lidl-Trek riders: Loes Adegeest and Niamh Fisher-Black.<\/p>\n<p>2026-04-22T14:38:19.727Z<\/p>\n<p id=\"elk-8ab77744-827d-4e3d-a722-a026f84c7907\">Another reminder of the stats for the Mur.<\/p>\n<p class=\"paywall\" aria-hidden=\"true\">It&#8217;s 1.3km at an average of 9.6%. Max gradient of 22% in its most iconic corner.<\/p>\n<p><a id=\"elk-seasonal\" class=\"paywall\" aria-hidden=\"true\"\/><\/p>\n<p>2026-04-22T14:34:26.461Z<\/p>\n<p id=\"elk-569fa04f-3822-4a46-889e-8762fdcd173d\">The riders are descending the Cherave and are on their way to the Mur. Will we see any early moves?<\/p>\n<p>2026-04-22T14:31:59.628Z<\/p>\n<p id=\"elk-dab34e7b-67ed-4152-89de-887d45cbc0c9\">The riders are halfway up the Cherave now. A short descent follows before they climb the mighty Mur for the first time.<\/p>\n<p>2026-04-22T14:29:20.669Z<br \/>\n<a id=\"elk-cote-de-cherave-1-5km-at-7-3\"\/>C\u00f4te de Cherave (1.5km at 7.3%)<\/p>\n<p id=\"elk-1721448f-2927-4e71-abf2-d1bc1c91877e\" class=\"paywall\" aria-hidden=\"true\">The peloton is much reduced now, but no attacks off the front for the moment.<\/p>\n<p>2026-04-22T14:27:57.435Z<\/p>\n<p id=\"elk-472ed072-775b-4c57-9a26-43cb8033620f\">They are 100km in, and this race is being ridden faster than the quickest timing prediction by the organisers, at an average of 38.4km\/h so far. The toughest section of climbing is still to come however.<\/p>\n<p>2026-04-22T14:22:06.229Z<br \/>\n<a id=\"elk-50km-to-go\"\/>50km to go<\/p>\n<p id=\"elk-a02df856-f31c-4bb2-a466-ae9666a92f89\">Just a few kilometres now until the first ascent of the C\u00f4te de Cherave.<\/p>\n<p>2026-04-22T14:19:38.726Z<\/p>\n<p id=\"elk-0fd77685-a4f2-4b5c-8b82-531e96a09cd8\">There was a big spilt in the bunch over the top of the C\u00f4te d&#8217;Ereffe, with 20 riders getting away.<\/p>\n<p>However, the peloton has come back together on the descent towards the C\u00f4te de Cherave.<\/p>\n<p><a id=\"elk-seasonal\" class=\"paywall\" aria-hidden=\"true\"\/><\/p>\n<p>2026-04-22T14:18:14.077Z<\/p>\n<p id=\"elk-7c3db4fd-8c3a-43c7-8245-22f66a05b19c\">After riding in the break for much of the day, Slovakian champion Viktora Chladanov\u00e1 is now working on the front for Pauline Ferrand-Prevot.<\/p>\n<p class=\"vanilla-image-block\" style=\"padding-top:66.60%;\">\n<p><img decoding=\"async\" src=\"https:\/\/www.newsbeep.com\/uk\/wp-content\/uploads\/2026\/04\/wDmsQCgyPiEGzXfYWJozNk.jpg\" alt=\"Chladonova on the front of the peloton at fleche wallonne femmes 2026\"   loading=\"lazy\" data-new-v2-image=\"true\" data-original-mos=\"https:\/\/www.newsbeep.com\/uk\/wp-content\/uploads\/2026\/04\/wDmsQCgyPiEGzXfYWJozNk.jpg\" data-pin-media=\"https:\/\/www.newsbeep.com\/uk\/wp-content\/uploads\/2026\/04\/wDmsQCgyPiEGzXfYWJozNk.jpg\" class=\"inline\"\/>\n<\/p>\n<p>(Image credit: Getty Images)<\/p>\n<p>2026-04-22T14:12:14.971Z<\/p>\n<p id=\"elk-476b58b9-a3d2-4e42-ba31-415eb80d8c19\">Plenty of teams represented near the front of the bunch.<\/p>\n<p class=\"vanilla-image-block\" style=\"padding-top:66.70%;\">\n<p><img decoding=\"async\" src=\"https:\/\/www.newsbeep.com\/uk\/wp-content\/uploads\/2026\/04\/Nx8Qetpzd62VN6tsZaLcFD.jpg\" alt=\"la fleche wallonne femmes 2026 peloton\"   loading=\"lazy\" data-new-v2-image=\"true\" data-original-mos=\"https:\/\/www.newsbeep.com\/uk\/wp-content\/uploads\/2026\/04\/Nx8Qetpzd62VN6tsZaLcFD.jpg\" data-pin-media=\"https:\/\/www.newsbeep.com\/uk\/wp-content\/uploads\/2026\/04\/Nx8Qetpzd62VN6tsZaLcFD.jpg\" class=\"inline\"\/>\n<\/p>\n<p>(Image credit: Getty Images)<\/p>\n<p>2026-04-22T14:10:35.260Z<\/p>\n<p id=\"elk-fe9dab30-b084-4b37-9a57-5ed24cca63f7\">The riders will turn into a tailwind after getting over the Mur de Huy at the end of this lap. There could be a good opportunity for an early attack.<\/p>\n<p>2026-04-22T14:08:29.764Z<br \/>\n<a id=\"elk-cote-d-ereffe-2-1km-at-5-3\"\/>C\u00f4te d&#8217;Ereffe (2.1km at 5.3%)<\/p>\n<p id=\"elk-b71d871f-3c0b-4b07-b624-60eb47bf77d5\" class=\"paywall\" aria-hidden=\"true\">Onto the first climb of the local lap. There will be lots of up and down over the next 60 kilometres.<\/p>\n<p>2026-04-22T14:02:32.855Z<\/p>\n<p id=\"elk-aea0447b-4199-4818-9d77-b49149626a5e\">The local lap will be tackled twice, containing three climbs.<\/p>\n<p>First up will be the C\u00f4re d&#8217;Ereffe (2.1km at 5.3%), then the C\u00f4te de Cherave (1.5km at 7.3%), before, finally, the Mur de Huy (0.8km at 11.7%), which will take them to the line.<\/p>\n<p><a id=\"elk-seasonal\" class=\"paywall\" aria-hidden=\"true\"\/><\/p>\n<p>2026-04-22T14:00:11.643Z<\/p>\n<p id=\"elk-04c61a97-e6d8-44e9-a1a5-9ff9601e280d\">Morier has been caught. The bunch is all together as they hit the local laps around Huy.<\/p>\n<p>2026-04-22T13:59:45.338Z<\/p>\n<p id=\"elk-83915ed0-d447-4bab-ad5d-f66a3f023cdb\">Pieterse appears ready to fight to defend her title today on the Mur de Huy.<\/p>\n<p class=\"paywall\" aria-hidden=\"true\">&#8220;The Mur doesn&#8217;t lie, so it will just be going all out and then we see at the top who was the strongest,&#8221; she said before the start.<\/p>\n<p><a id=\"elk-seasonal\" class=\"paywall\" aria-hidden=\"true\"\/><\/p>\n<p id=\"elk-83915ed0-d447-4bab-ad5d-f66a3f023cdb-2\">Asked about her shape, she said: &#8220;I think a bit the same as last year. I just hope to be in the mix again. I have the feeling I&#8217;m in good shape and that I&#8217;m ready to attack the Mur.&#8221;<\/p>\n<p>2026-04-22T13:57:17.642Z<\/p>\n<p id=\"elk-5cb965e5-415a-4688-ad53-68f441522bba\">The riders are about to enter the local circuit.<\/p>\n<p>2026-04-22T13:56:06.354Z<br \/>\n<a id=\"elk-70km-to-go\"\/>70km to go<\/p>\n<p id=\"elk-e774252b-fd16-4a01-82a1-8a751e1cb9d2\">There has been a counter attack by \u00c9milie Morier of St Michel-Preference Home-Auber93).<\/p>\n<p>2026-04-22T13:52:03.889Z<\/p>\n<p id=\"elk-3f61a4df-9b09-4597-a17f-931a71debd95\">So no breakaway glory today. Not for that group anyway.<\/p>\n<p class=\"paywall\" aria-hidden=\"true\">However, that strong leading group has served to make the opening 70 kilometres of this race very hard indeed. How will that impact the riders when they hit the climbs later on?<\/p>\n<p><a id=\"elk-seasonal\" class=\"paywall\" aria-hidden=\"true\"\/><\/p>\n<p>2026-04-22T13:50:16.361Z<\/p>\n<p id=\"elk-eb67f661-e54f-4256-99a2-070d6c546fc2\">The breakaway has been caught.<\/p>\n<p>2026-04-22T13:47:39.328Z<\/p>\n<p id=\"elk-276b4e9e-d038-4413-9d35-4e15cde89cab\">The peloton are determined to reel in the breakaway. The leaders have just 10 seconds now.<\/p>\n<p>2026-04-22T13:46:58.538Z<\/p>\n<p id=\"elk-45f52270-c0d3-484a-ad8f-b5b0af0bac86\">Seven-time winner Anna van der Breggen is looking to return to the top-step of La Fl\u00e8che Wallonne Femmes for the first time since her career break. The SD Worx-ProTime rider believes that the level in the peloton has risen since her last victory in 2021.<\/p>\n<p class=\"paywall\" aria-hidden=\"true\">&#8220;It&#8217;s a climb I like. I don&#8217;t know how far I can come, so I&#8217;m excited,&#8221; she said in Huy earlier today.<\/p>\n<p><a id=\"elk-seasonal\" class=\"paywall\" aria-hidden=\"true\"\/><\/p>\n<p id=\"elk-45f52270-c0d3-484a-ad8f-b5b0af0bac86-2\">&#8220;I&#8217;m going to try to win this race. That&#8217;s not a secret, I think, but it&#8217;s not the same as the years before. I did not win so much yet, so if I can do it, it would be amazing. But I only can try.&#8221;<\/p>\n<p>&#8220;The level really went up [since 2021] I think at the top, yes, some girls got better, but also for sure in the teams there are more riders who can ride fast, so the races are harder and then you are more tired in the final, so that makes a difference.&#8221;<\/p>\n<p class=\"vanilla-image-block\" style=\"padding-top:66.70%;\">\n<p><img decoding=\"async\" src=\"https:\/\/www.newsbeep.com\/uk\/wp-content\/uploads\/2026\/04\/Tu5DFvQbdyqhta8w7ow6PC.jpg\" alt=\"Van der Breggen before fleche wallonne femmes\"   loading=\"lazy\" data-new-v2-image=\"true\" data-original-mos=\"https:\/\/www.newsbeep.com\/uk\/wp-content\/uploads\/2026\/04\/Tu5DFvQbdyqhta8w7ow6PC.jpg\" data-pin-media=\"https:\/\/www.newsbeep.com\/uk\/wp-content\/uploads\/2026\/04\/Tu5DFvQbdyqhta8w7ow6PC.jpg\" class=\"inline\"\/>\n<\/p>\n<p>(Image credit: Getty Images)<\/p>\n<p>2026-04-22T13:39:22.410Z<\/p>\n<p id=\"elk-aaa3480e-5319-44ea-bc36-89bd19705df7\">Demi Vollering was anticipating some tactical cards being played in the breakaway today.<\/p>\n<p class=\"paywall\" aria-hidden=\"true\">&#8220;We know the other teams expect us to lead the chase,&#8221; she said at the start. &#8220;But we can also decide at some point to let the breakaway go if we have a strong rider up front.&#8221;<\/p>\n<p><a id=\"elk-seasonal\" class=\"paywall\" aria-hidden=\"true\"\/><\/p>\n<p id=\"elk-aaa3480e-5319-44ea-bc36-89bd19705df7-2\">FDJ United-SUEZ have Evita Muzic ahead.<\/p>\n<p>2026-04-22T13:34:33.528Z<br \/>\n<a id=\"elk-90km-to-go\"\/>90km to go<\/p>\n<p id=\"elk-1383fa6d-96f2-4ef0-bbfb-e77394207a02\" class=\"paywall\" aria-hidden=\"true\">There are 18km until the riders join the local circuit<\/p>\n<p>2026-04-22T13:32:20.162Z<\/p>\n<p id=\"elk-c648d0f1-fbc0-4389-b3ca-3b7fbca70c98\">Group 2 has joined group 1, so there are now 11 riders at the front of the race.<\/p>\n<p class=\"paywall\" aria-hidden=\"true\">However, the peloton has closed the gap to just 25 seconds.<\/p>\n<p><a id=\"elk-seasonal\" class=\"paywall\" aria-hidden=\"true\"\/><\/p>\n<p>2026-04-22T13:30:55.039Z<\/p>\n<p id=\"elk-8c91c75b-5c19-44f9-aca7-67907959105a\">Pauline Ferrand-Prevot won this race 12 years ago and is hoping for a good result today.<\/p>\n<p>\u201cIt was my first international road race victory at the elite level, so it\u2019s a memory that has stayed with me for a long time,&#8221; she remembers of her 2014 win.<\/p>\n<p>&#8220;I\u2019m happy to be here today, with slightly different strengths, but I still hope to do, maybe not as well, but still a good result. I\u2019m a little less punchy than I was a few years ago. We know it\u2019s a difficult race, and at the finish you need that little extra something to give it your all. We\u2019ll see if I\u2019m capable of it today.\u201d<\/p>\n<p class=\"vanilla-image-block\" style=\"padding-top:66.70%;\">\n<p><img decoding=\"async\" src=\"https:\/\/www.newsbeep.com\/uk\/wp-content\/uploads\/2026\/04\/Ed3jjzCUBz83WVenFwK22L.jpg\" alt=\"ferrand-prevot at la fleche wallonne femmes 2026\"   loading=\"lazy\" data-new-v2-image=\"true\" data-original-mos=\"https:\/\/www.newsbeep.com\/uk\/wp-content\/uploads\/2026\/04\/Ed3jjzCUBz83WVenFwK22L.jpg\" data-pin-media=\"https:\/\/www.newsbeep.com\/uk\/wp-content\/uploads\/2026\/04\/Ed3jjzCUBz83WVenFwK22L.jpg\" class=\"inline\"\/>\n<\/p>\n<p>(Image credit: Getty Images)<br \/>\n<a id=\"elk-seasonal\" class=\"paywall\" aria-hidden=\"true\"\/><\/p>\n<p>2026-04-22T13:26:41.084Z<\/p>\n<p id=\"elk-678db3f9-3fa8-4514-86bc-1a51554da84c\">There&#8217;s also a small group out the back who have either suffered mechanicals or done their work for the day.<\/p>\n<p class=\"paywall\" aria-hidden=\"true\">Canyon-SRAM-zondacrypto&#8217;s Soraya Paladin is among them, as is Hannah Ludwig of Cofidis.<\/p>\n<p><a id=\"elk-seasonal\" class=\"paywall\" aria-hidden=\"true\"\/><\/p>\n<p>2026-04-22T13:25:32.966Z<\/p>\n<p id=\"elk-d4a19d69-42c1-4b9f-b9d2-749efef6fd86\">The chasers are just 15 seconds behind Claes and Eisen now.<\/p>\n<p>2026-04-22T13:24:43.747Z<\/p>\n<p id=\"elk-1fbf87bf-174f-4ec0-a6c5-ce7026866412\">The peloton cuts through the farmland.<\/p>\n<p class=\"vanilla-image-block\" style=\"padding-top:66.60%;\">\n<p><img decoding=\"async\" src=\"https:\/\/www.newsbeep.com\/uk\/wp-content\/uploads\/2026\/04\/6eLeLJ4JoWUaYxtbtBaxbU.jpg\" alt=\"2026 fleche wallonne femmes peloton\"   loading=\"lazy\" data-new-v2-image=\"true\" data-original-mos=\"https:\/\/www.newsbeep.com\/uk\/wp-content\/uploads\/2026\/04\/6eLeLJ4JoWUaYxtbtBaxbU.jpg\" data-pin-media=\"https:\/\/www.newsbeep.com\/uk\/wp-content\/uploads\/2026\/04\/6eLeLJ4JoWUaYxtbtBaxbU.jpg\" class=\"inline\"\/>\n<\/p>\n<p>(Image credit: Getty Images)<\/p>\n<p>2026-04-22T13:23:04.460Z<\/p>\n<p id=\"elk-d0c4bd7a-6389-4cb3-823b-30fe92c53ad6\">The wind is picking up out there and is now around 23km\/h. It will be a headwind until the riders hit the circuit in around 30 kilometres. Bad news for the break.<\/p>\n<p>2026-04-22T13:15:04.472Z<br \/>\n<a id=\"elk-90km-to-go\"\/>90km to go<\/p>\n<p id=\"elk-b25f28a3-86c5-4862-b00e-872dd41fe177\" class=\"paywall\" aria-hidden=\"true\">The chase group still hasn&#8217;t caught the leaders, with 40 seconds of a deficit. The bunch is now 1:25 behind.<\/p>\n<p>2026-04-22T13:14:10.215Z<\/p>\n<p id=\"elk-131837a7-6d7c-461a-bcdb-6689b605e629\">Meanwhile, this group of nine is still attempting to build a solid advantage.<\/p>\n<p class=\"vanilla-image-block\" style=\"padding-top:66.70%;\">\n<p><img decoding=\"async\" src=\"https:\/\/www.newsbeep.com\/uk\/wp-content\/uploads\/2026\/04\/rRHsqP9r4meZWGp4KcUsC8.jpg\" alt=\"The breakaway at la fleche wallonne femmes 2026\"   loading=\"lazy\" data-new-v2-image=\"true\" data-original-mos=\"https:\/\/www.newsbeep.com\/uk\/wp-content\/uploads\/2026\/04\/rRHsqP9r4meZWGp4KcUsC8.jpg\" data-pin-media=\"https:\/\/www.newsbeep.com\/uk\/wp-content\/uploads\/2026\/04\/rRHsqP9r4meZWGp4KcUsC8.jpg\" class=\"inline\"\/>\n<\/p>\n<p>(Image credit: Getty Images)<\/p>\n<p>2026-04-22T13:13:07.644Z<\/p>\n<p id=\"elk-fe98d583-4ecf-40a0-ae3f-865724edf482\">The peloton is keeping things close together today on the road to Huy.<\/p>\n<p class=\"vanilla-image-block\" style=\"padding-top:66.70%;\">\n<p><img decoding=\"async\" src=\"https:\/\/www.newsbeep.com\/uk\/wp-content\/uploads\/2026\/04\/fjjTqvXQhb4LCPmZUrVn4o.jpg\" alt=\"la fleche wallonne femmes 2026 peloton\"   loading=\"lazy\" data-new-v2-image=\"true\" data-original-mos=\"https:\/\/www.newsbeep.com\/uk\/wp-content\/uploads\/2026\/04\/fjjTqvXQhb4LCPmZUrVn4o.jpg\" data-pin-media=\"https:\/\/www.newsbeep.com\/uk\/wp-content\/uploads\/2026\/04\/fjjTqvXQhb4LCPmZUrVn4o.jpg\" class=\"inline\"\/>\n<\/p>\n<p>(Image credit: Getty Images)<\/p>\n<p>2026-04-22T13:11:43.881Z<\/p>\n<p id=\"elk-e1855fdd-1764-4be0-9620-e20d2b007074\">Kasia Niewiadoma-Phinney is one of the big favourites today. The 2024 Tour de France Femmes champion is on top form, with three second-places to her name so far this spring, including at Amstel Gold on Sunday.<\/p>\n<p class=\"paywall\" aria-hidden=\"true\">The Polish champion was fourth here last year, won in 2024 and finished on the podium in 2017 and 2021.<\/p>\n<p class=\"paywall\" aria-hidden=\"true\">She is always a consistent performer, but is known to struggle to turn that consistency into wins. Can she do it today?<\/p>\n<p class=\"vanilla-image-block\" style=\"padding-top:66.70%;\">\n<p><img decoding=\"async\" src=\"https:\/\/www.newsbeep.com\/uk\/wp-content\/uploads\/2026\/04\/53K87Ag3wQJN4YhdnKAMyS.jpg\" alt=\"Niewiadoma at Fleche Wallonne Femmes 2026\"   loading=\"lazy\" data-new-v2-image=\"true\" data-original-mos=\"https:\/\/www.newsbeep.com\/uk\/wp-content\/uploads\/2026\/04\/53K87Ag3wQJN4YhdnKAMyS.jpg\" data-pin-media=\"https:\/\/www.newsbeep.com\/uk\/wp-content\/uploads\/2026\/04\/53K87Ag3wQJN4YhdnKAMyS.jpg\" class=\"inline\"\/>\n<\/p>\n<p>(Image credit: Getty Images)<br \/>\n<a id=\"elk-seasonal\" class=\"paywall\" aria-hidden=\"true\"\/><\/p>\n<p>2026-04-22T13:04:53.606Z<\/p>\n<p id=\"elk-19cd0466-2114-42a8-9e70-f2ecb74ae60c\">The tactical situation out on the course today has made the racing fast and hard. They have covered this opening 50 kilometres at an average speed of 40km\/h.<\/p>\n<p class=\"paywall\" aria-hidden=\"true\">This could play into the hands of the likes of Vollering, Van der Breggen and Ferrand-Prevot; those who are better at longer efforts.<\/p>\n<p><a id=\"elk-seasonal\" class=\"paywall\" aria-hidden=\"true\"\/><\/p>\n<p>2026-04-22T13:03:01.221Z<\/p>\n<p id=\"elk-83502741-6b55-4e1a-bf77-31b162791f95\">The leaders are over the top of the C\u00f4te de Durnal.<\/p>\n<p class=\"paywall\" aria-hidden=\"true\">The riders now have 40km of flat roads before they tackle the climbs on the circuit which will decide this race.<\/p>\n<p><a id=\"elk-seasonal\" class=\"paywall\" aria-hidden=\"true\"\/><\/p>\n<p>2026-04-22T13:01:36.337Z<br \/>\n<a id=\"elk-100km-to-go\"\/>100km to go<\/p>\n<p id=\"elk-0a56a0c3-aad4-478a-90be-d21ff73d43aa\" class=\"paywall\" aria-hidden=\"true\">The gaps are shrinking. The leaders are just 50 seconds ahead of the peloton, with the chasing group of nine now 25 seconds behind.<\/p>\n<p>2026-04-22T13:00:35.898Z<\/p>\n<p id=\"elk-60408802-4011-41b3-a452-7b78b27b9368\">Canyon-SRAM-zondacrypto&#8217;s Czapla has dropped back from the chase group and is in the peloton. Perhaps the German team will now add their weight to the chase.<\/p>\n<p>2026-04-22T12:59:40.086Z<br \/>\n<a id=\"elk-cote-de-durnal-1-5km-at-6\"\/>C\u00f4te de Durnal (1.5km at 6%)<\/p>\n<p id=\"elk-99fc88d7-e8ed-45a7-8f89-3ab2208c1171\" class=\"paywall\" aria-hidden=\"true\">The final climb before the peloton hits the circuit.<\/p>\n<p>2026-04-22T12:54:57.039Z<\/p>\n<p id=\"elk-0f8330b2-96c4-439d-9ffd-e4ee7eefb1f4\">Ilken Seynave of Lotto Intermarch\u00e9 Ladies has abandoned the race.<\/p>\n<p>2026-04-22T12:54:01.294Z<\/p>\n<p id=\"elk-76e10918-40e5-49ed-88de-62b57b6c2579\">The chase group is now 45 seconds behind the leaders. It appears with so many big teams in attendance, there is little collaboration. The peloton are 1:10 down.<\/p>\n<p>2026-04-22T12:51:27.900Z<\/p>\n<p id=\"elk-5f864fae-1ee7-4912-af5e-c24d664699cd\">Erica Magnaldi (UAE Team ADQ) is part of this dangerous chase group.<\/p>\n<p class=\"vanilla-image-block\" style=\"padding-top:66.70%;\">\n<p><img decoding=\"async\" src=\"https:\/\/www.newsbeep.com\/uk\/wp-content\/uploads\/2026\/04\/DFMVdwnSWdrA8fohAdtFXm.jpg\" alt=\"Erica Magnaldi at La fleche Wallonne Femmes\"   loading=\"lazy\" data-new-v2-image=\"true\" data-original-mos=\"https:\/\/www.newsbeep.com\/uk\/wp-content\/uploads\/2026\/04\/DFMVdwnSWdrA8fohAdtFXm.jpg\" data-pin-media=\"https:\/\/www.newsbeep.com\/uk\/wp-content\/uploads\/2026\/04\/DFMVdwnSWdrA8fohAdtFXm.jpg\" class=\"inline\"\/>\n<\/p>\n<p>(Image credit: Getty Images)<\/p>\n<p>2026-04-22T12:48:59.977Z<\/p>\n<p id=\"elk-b63b0dfd-63bb-4208-8103-01232967ec00\">It&#8217;s a fairly mild day in Belgium today, with temperatures around 15 degrees celsius.<\/p>\n<p>2026-04-22T12:46:08.526Z<br \/>\n<a id=\"elk-110km-to-go\"\/>110km to go<\/p>\n<p id=\"elk-d402c404-3419-472b-9481-1559a0bd5c74\" class=\"paywall\" aria-hidden=\"true\">The peloton is trying to keep things under control. Their deficit has dropped to 1:05.<\/p>\n<p>2026-04-22T12:45:26.036Z<\/p>\n<p id=\"elk-9897949d-3806-4fe6-88cb-55611235261e\">Claes is a rider who came to prominence last year after winning Omloop Nieuwsblad from the breakaway. She transferred over the Fenix-Premier Tech for the 2026 season.<\/p>\n<p class=\"paywall\" aria-hidden=\"true\">25-year-old Eisen is a lesser-known rider and is taking part in her first professional season in 2026 with VolkerWessels.<\/p>\n<p><a id=\"elk-seasonal\" class=\"paywall\" aria-hidden=\"true\"\/><\/p>\n<p>2026-04-22T12:43:19.406Z<\/p>\n<p id=\"elk-d00f4277-bf23-4a88-8b5f-4a657de589cb\">Lotte Claes and Malou Eisen are riding well at the front.<\/p>\n<p class=\"vanilla-image-block\" style=\"padding-top:66.70%;\">\n<p><img decoding=\"async\" src=\"https:\/\/www.newsbeep.com\/uk\/wp-content\/uploads\/2026\/04\/itkMqZjukP3affV4pThhcc.jpg\" alt=\"Claes and Eisen at Fleche Wallonne Femmes\"   loading=\"lazy\" data-new-v2-image=\"true\" data-original-mos=\"https:\/\/www.newsbeep.com\/uk\/wp-content\/uploads\/2026\/04\/itkMqZjukP3affV4pThhcc.jpg\" data-pin-media=\"https:\/\/www.newsbeep.com\/uk\/wp-content\/uploads\/2026\/04\/itkMqZjukP3affV4pThhcc.jpg\" class=\"inline\"\/>\n<\/p>\n<p>(Image credit: Getty Images)<\/p>\n<p>2026-04-22T12:40:45.275Z<br \/>\n<a id=\"elk-cote-de-courriere-1-5km-at-6-6\"\/>C\u00f4te de Courri\u00e8re (1.5km at 6.6%)<\/p>\n<p id=\"elk-157c237d-958f-4905-9d97-005fe139b904\" class=\"paywall\" aria-hidden=\"true\">Onto climb number two. Expect the two front groups to come together here.<\/p>\n<p>2026-04-22T12:38:35.872Z<\/p>\n<p id=\"elk-63c91c69-9f52-4b88-9719-ad065b6cbcc8\">The chase group is now just 30 seconds behind the lead of the race. The peloton is 1:20 behind.<\/p>\n<p>2026-04-22T12:37:40.740Z<\/p>\n<p id=\"elk-f35bf144-0c76-4432-9e59-f0f1aa633459\">They are playing chess out on the roads of the Ardennes today. Most of the big favourites have sent team-mates up the road.<\/p>\n<p class=\"paywall\" aria-hidden=\"true\">Movistar, EF Education-Oatly and Liv-AlUla-Jayco have missed out. Will they be able to chase the break down? And is every team that has riders ahead happy with this situation?<\/p>\n<p><a id=\"elk-seasonal\" class=\"paywall\" aria-hidden=\"true\"\/><\/p>\n<p>2026-04-22T12:34:44.740Z<\/p>\n<p id=\"elk-ccae165f-f356-4218-a3c5-04d91025b5d6\">The peloton on the C\u00f4te de Bohissau.<\/p>\n<p class=\"vanilla-image-block\" style=\"padding-top:66.70%;\">\n<p><img decoding=\"async\" src=\"https:\/\/www.newsbeep.com\/uk\/wp-content\/uploads\/2026\/04\/qtuBkNjbWg3ZDinbB7GR5W.jpg\" alt=\"The Fleche Wallonne Femmes 2026 peloton\"   loading=\"lazy\" data-new-v2-image=\"true\" data-original-mos=\"https:\/\/www.newsbeep.com\/uk\/wp-content\/uploads\/2026\/04\/qtuBkNjbWg3ZDinbB7GR5W.jpg\" data-pin-media=\"https:\/\/www.newsbeep.com\/uk\/wp-content\/uploads\/2026\/04\/qtuBkNjbWg3ZDinbB7GR5W.jpg\" class=\"inline\"\/>\n<\/p>\n<p>(Image credit: Getty Images)<\/p>\n<p>2026-04-22T12:33:22.226Z<\/p>\n<p id=\"elk-8ca79b45-86aa-4efd-b08a-545590b8e86d\">The riders are 30km in now and are approaching the next climb.<\/p>\n<p>2026-04-22T12:32:27.131Z<\/p>\n<p id=\"elk-74cfdd48-5900-487f-9890-d4726da7a898\">The current situation:<\/p>\n<p class=\"paywall\" aria-hidden=\"true\">Claes and Eisen are leading.<\/p>\n<p><a id=\"elk-seasonal\" class=\"paywall\" aria-hidden=\"true\"\/><\/p>\n<p id=\"elk-74cfdd48-5900-487f-9890-d4726da7a898-2\">Chasing group at 50 seconds.<\/p>\n<p>Peloton at 1:40.<\/p>\n<p>2026-04-22T12:30:59.339Z<\/p>\n<p id=\"elk-87756dac-90b3-4a85-8d5c-52bd6dc3161b\">Fascinating looking group, that. Movistar and EF Education-Oatly are the big teams who have missed it.<\/p>\n<p>2026-04-22T12:29:45.109Z<\/p>\n<p id=\"elk-bcf6d7d9-0442-47f2-8028-e90640f9c7e0\">Another chasing group has now broken clear of the peloton. This one contains several strong riders. It&#8217;s hard to see the peloton letting this one go. The nine riders are:<\/p>\n<p>Muzic (FDJ United-SUEZ)<br \/>Czapala (Canyon-SRAM-zondacrypto)<br \/>Chlado\u0148ov\u00e1 (Visma-Lease a Bike)<br \/>Bauernfeind (Lidl-Trek)<br \/>Harvey (SD Worx-ProTime)<br \/>Magnaldi (UAE Team ADQ)<br \/>Grangier (St Michel-Preference Home-Auber 93)<br \/>Hezinova (Picnic-PostNL)<br \/>Aranguren (Laboral)<\/p>\n<p><a id=\"elk-seasonal\" class=\"paywall\" aria-hidden=\"true\"\/><\/p>\n<p id=\"elk-bcf6d7d9-0442-47f2-8028-e90640f9c7e0-2\">The group has caught up with Franz and is 50 seconds behind the leaders.<\/p>\n<p>2026-04-22T12:24:32.488Z<\/p>\n<p id=\"elk-d5921b87-9a8e-4bae-b2cf-72bc6f25c0fb\">Interesting to see Fenix-Premier Tech placing a rider up the road. They are forcing the likes of FDJ United-SUEZ to do the chasing.<\/p>\n<p>2026-04-22T12:23:52.706Z<\/p>\n<p id=\"elk-db13daf6-f32d-4c2b-8165-314814cf31b9\">Claes of Fenix-Premier Tech has joined Eisen at the front of the race. The pair have 1:15 over the bunch. In between is Heidi Franz (St Michel-Preference Home-Auber 93), who is around 40 seconds in arrears.<\/p>\n<p>2026-04-22T12:22:19.643Z<\/p>\n<p id=\"elk-2b7100b0-f492-4098-b43e-00f7220a3153\">Reigning world champion Magdeleine Vallieres is one of EF Education-Oatly&#8217;s leaders today. The Canadian was 14th here last year. She is hoping for better luck than she experienced at Amstel Gold on Sunday.<\/p>\n<p>\u201cI couldn\u2019t come back due to a mechanical issue, it happens, but we still had a great race with the team and Noemi R\u00fcegg\u2019s fifth place, so we\u2019re happy,&#8221; she said of Amstel before the start today.<\/p>\n<p>&#8220;Today\u2019s course is fantastic and it\u2019s a legendary race with the Mur de Huy. I\u2019m excited to be riding it today in the rainbow jersey. We\u2019re always aiming for the top step of the podium. My legs will decide at the end of the race.\u201d<\/p>\n<p class=\"vanilla-image-block\" style=\"padding-top:66.70%;\">\n<p><img decoding=\"async\" src=\"https:\/\/www.newsbeep.com\/uk\/wp-content\/uploads\/2026\/04\/ay4WWBdCo99jLTHwikT6Di.jpg\" alt=\"Vallieres before the start of fleche wallonne femmes\"   loading=\"lazy\" data-new-v2-image=\"true\" data-original-mos=\"https:\/\/www.newsbeep.com\/uk\/wp-content\/uploads\/2026\/04\/ay4WWBdCo99jLTHwikT6Di.jpg\" data-pin-media=\"https:\/\/www.newsbeep.com\/uk\/wp-content\/uploads\/2026\/04\/ay4WWBdCo99jLTHwikT6Di.jpg\" class=\"inline\"\/>\n<\/p>\n<p>(Image credit: Getty Images)<br \/>\n<a id=\"elk-seasonal\" class=\"paywall\" aria-hidden=\"true\"\/><\/p>\n<p>2026-04-22T12:18:17.988Z<\/p>\n<p id=\"elk-a6138eb6-b97e-4830-a68b-e0baf2de96e5\">Malou Eisen of VolkerWessels is currently away solo with 35 seconds over the bunch.<\/p>\n<p>2026-04-22T12:16:44.816Z<\/p>\n<p id=\"elk-8a1c3e4f-f8fe-4aba-a81d-cf5cfdc6c06d\">Two riders have attacked the bunch and have a 10-second lead.<\/p>\n<p>2026-04-22T12:15:16.140Z<\/p>\n<p lang=\"en\" dir=\"ltr\">\ud83d\udeb4\u200d\u2640\ufe0f Le peloton de La Fl\u00e8che Wallonne Femmes se dirige vers le d\u00e9part r\u00e9el. The peloton of the 2026 #FWwomen is heading towards the official start. \ud83c\udff9 pic.twitter.com\/24aSuqDS8G<\/p>\n<p>\u2014 cantworkitout on\u00a0<a href=\"https:\/\/twitter.com\/cantworkitout\/status\/2046919393221677491\" rel=\"nofollow noopener\" target=\"_blank\">April 22, 2026<\/a><\/p>\n<p>2026-04-22T12:14:35.795Z<\/p>\n<p id=\"elk-9bf42bf0-06ae-49c0-9dcd-25c64ca64045\">Fenix-Premier Tech are taking responsibility for leading the bunch in this phase of the race, with Lotte Claes pulling things along.<\/p>\n<p>2026-04-22T12:13:52.141Z<\/p>\n<p id=\"elk-5258948e-7803-43d4-9731-0993a40a6f66\">A shot of the bunch in the neutral zone a few minutes ago.<\/p>\n<p class=\"vanilla-image-block\" style=\"padding-top:66.70%;\">\n<p><img decoding=\"async\" src=\"https:\/\/www.newsbeep.com\/uk\/wp-content\/uploads\/2026\/04\/tWM4faVGB5fhSDYsSU6SxZ.jpg\" alt=\"peloton in the neutral zone at fleche wallonne femmes\"   loading=\"lazy\" data-new-v2-image=\"true\" data-original-mos=\"https:\/\/www.newsbeep.com\/uk\/wp-content\/uploads\/2026\/04\/tWM4faVGB5fhSDYsSU6SxZ.jpg\" data-pin-media=\"https:\/\/www.newsbeep.com\/uk\/wp-content\/uploads\/2026\/04\/tWM4faVGB5fhSDYsSU6SxZ.jpg\" class=\"inline\"\/>\n<\/p>\n<p>(Image credit: Getty Images)<\/p>\n<p>2026-04-22T12:11:25.630Z<br \/>\n<a id=\"elk-130km-to-go\"\/>130km to go<\/p>\n<p id=\"elk-6cb53ec7-fac2-4522-96da-874a696b461a\" class=\"paywall\" aria-hidden=\"true\">No attacks from the bunch yet.<\/p>\n<p>2026-04-22T12:10:30.659Z<\/p>\n<p id=\"elk-de2a79dc-a19b-4e66-93b6-fcd0d26e4ae0\">Several riders have been distanced from the peloton on the opening climb including Alison Jackson (St Michel-Preference Home-Auber93).<\/p>\n<p>2026-04-22T12:09:13.042Z<\/p>\n<p id=\"elk-e631d5a4-32f8-42a1-84eb-73be4792d72b\">Pieterse is motivated to score a big result this week. Although she has been consistent this spring, the 23-year-old is yet to raise her arms &#8211; her best result being 3rd at the Tour of Flanders.<\/p>\n<p>&#8220;Hopefully, I can get that one big result, but I don\u2019t feel the need to match anything. I\u2019m in good shape, I\u2019ll do my best, and we\u2019ll see where that takes us,&#8221; she said ahead of the La Fl\u00e8che Wallonne Femmes.<\/p>\n<p><a data-analytics-id=\"inline-link\" href=\"https:\/\/www.cyclingnews.com\/pro-cycling\/teams-riders\/id-rather-have-one-real-standout-result-than-three-podiums-puck-pieterse-keeps-eyes-trained-on-top-step-as-ardennes-campaign-continues-with-defence-at-la-fleche-wallonne\/\" data-mrf-recirculation=\"inline-link\" data-before-rewrite-localise=\"https:\/\/www.cyclingnews.com\/pro-cycling\/teams-riders\/id-rather-have-one-real-standout-result-than-three-podiums-puck-pieterse-keeps-eyes-trained-on-top-step-as-ardennes-campaign-continues-with-defence-at-la-fleche-wallonne\/\" rel=\"nofollow noopener\" target=\"_blank\">&#8216;I\u2019d rather have one real standout result than three podiums&#8217; \u2013 Puck Pieterse keeps eyes trained on top step as Ardennes campaign continues with defence at La Fl\u00e8che Wallonne<\/a><\/p>\n<p class=\"vanilla-image-block\" style=\"padding-top:66.70%;\">\n<p><img decoding=\"async\" src=\"https:\/\/www.newsbeep.com\/uk\/wp-content\/uploads\/2026\/04\/U8yPUGPfWkavtgmu8Lhnb4.jpg\" alt=\"FEnix-Premier Tech before Fleche Wallonne Femmes\"   loading=\"lazy\" data-new-v2-image=\"true\" data-original-mos=\"https:\/\/www.newsbeep.com\/uk\/wp-content\/uploads\/2026\/04\/U8yPUGPfWkavtgmu8Lhnb4.jpg\" data-pin-media=\"https:\/\/www.newsbeep.com\/uk\/wp-content\/uploads\/2026\/04\/U8yPUGPfWkavtgmu8Lhnb4.jpg\" class=\"inline\"\/>\n<\/p>\n<p>(Image credit: Getty Images)<br \/>\n<a id=\"elk-seasonal\" class=\"paywall\" aria-hidden=\"true\"\/><\/p>\n<p>2026-04-22T12:02:29.579Z<\/p>\n<p id=\"elk-ee8779cd-a4cb-4a52-b2eb-4e4fb5d301d6\">Climb number one has been dealt with. The riders will now ride over a plateau for the next 15km before descending to the next hill.<\/p>\n<p>2026-04-22T12:00:33.727Z<\/p>\n<p lang=\"en\" dir=\"ltr\">\ud83d\udea9 Et c\u2019est parti ! La 29\u00e8me #FWwomen est lanc\u00e9e ! \ud83d\udea9 Wheels are rolling! The 29th #FWwomen is underway! pic.twitter.com\/Q2VMe1Laqf<\/p>\n<p>\u2014 cantworkitout on\u00a0<a href=\"https:\/\/twitter.com\/cantworkitout\/status\/2046917981536456803\" rel=\"nofollow noopener\" target=\"_blank\">April 22, 2026<\/a><\/p>\n<p>2026-04-22T11:59:15.914Z<br \/>\n<a id=\"elk-cote-de-bohissau-2-2km-at-5-6\"\/>C\u00f4te de Bohissau (2.2km at 5.6%) <\/p>\n<p id=\"elk-5ccd97da-caaa-46d3-bd2e-fae897113e74\" class=\"paywall\" aria-hidden=\"true\">Time for the first climb of nine on the menu today.<\/p>\n<p>2026-04-22T11:57:48.229Z<\/p>\n<p id=\"elk-69a73bf4-63fe-497b-a740-8a4bcc51267a\">No movement from the bunch yet, but the riders are approaching the first climb of the day.<\/p>\n<p>2026-04-22T11:57:09.617Z<\/p>\n<p id=\"elk-cb43715c-dce3-4811-aea4-a71db4cbf4e4\">Lucie Fityus of Picnic-PostNL has abandoned the race in the early stages.<\/p>\n<p>2026-04-22T11:56:24.794Z<\/p>\n<p id=\"elk-2a553095-1363-488c-b071-54398d2b182f\">We had a surprise winner on Sunday as the Ardennes week got under way at the Amstel Gold Race, with Paula Blasi of UAE Team ADQ taking the win. Could there be another surprise today?<\/p>\n<p class=\"paywall\" aria-hidden=\"true\">It&#8217;s certainly less likely due to the severity of the Mur de Huy, but not impossible for an outsider.<\/p>\n<p><a id=\"elk-seasonal\" class=\"paywall\" aria-hidden=\"true\"\/><\/p>\n<p id=\"elk-2a553095-1363-488c-b071-54398d2b182f-2\">One rider who may be worth watching out for is veteran Ashleigh Moolman Pasio. The South African is 40 but has re-found her best legs in the last week and was 4th at Brabanse Pijl. The AG Insurance-Soudal rider was second here in 2018.<\/p>\n<p>Other names to keep tabs on include Monica Trinca Colonel (Liv-AlUla-Jayco), Liane Lippert (Movistar) and Niamh Fisher-Black (Lidl-Trek)<\/p>\n<p>2026-04-22T11:49:51.549Z<\/p>\n<p id=\"elk-4c031074-2542-4119-b45a-0c2f08fde9f6\">The riders will start off with a flat opening 8km before taking on the first climb of the day, the C\u00f4te de Bohissau.<\/p>\n<p>2026-04-22T11:48:21.381Z<br \/>\n<a id=\"elk-148km-to-go\"\/>148km to go<\/p>\n<p id=\"elk-82ab0d7b-d0b7-4e49-8043-8f4727149755\" class=\"paywall\" aria-hidden=\"true\">The flag has dropped, and the peloton is off racing.<\/p>\n<p>2026-04-22T11:47:34.831Z<\/p>\n<p id=\"elk-9dd2009d-fb92-438a-9dcb-fa8a3e59a6d6\">One rider to keep an eye on today is Sadrine Tas. A couple of months ago, Tas was competing in the speed skating at the Winter Olympics. Today, the Belgian makes her professional cycling debut.<\/p>\n<p><a data-analytics-id=\"inline-link\" href=\"https:\/\/www.cyclingnews.com\/pro-cycling\/teams-riders\/from-the-winter-olympics-to-a-fleche-wallonne-debut-sandrine-tas-begins-cycling-career-with-lotto-intermarche-ladies\/\" data-mrf-recirculation=\"inline-link\" data-before-rewrite-localise=\"https:\/\/www.cyclingnews.com\/pro-cycling\/teams-riders\/from-the-winter-olympics-to-a-fleche-wallonne-debut-sandrine-tas-begins-cycling-career-with-lotto-intermarche-ladies\/\" rel=\"nofollow noopener\" target=\"_blank\">From the Winter Olympics to a Fl\u00e8che Wallonne debut \u2013 Sandrine Tas begins cycling career with Lotto\u2013Intermarch\u00e9 Ladies<\/a><\/p>\n<p class=\"vanilla-image-block\" style=\"padding-top:66.70%;\">\n<p><img decoding=\"async\" src=\"https:\/\/www.newsbeep.com\/uk\/wp-content\/uploads\/2026\/04\/CKhrmTWv6gDbr879EGeuMh.jpg\" alt=\"Milan, Italy - February 12: Sandrine Tas of Belgium looks exhausted after competing on the Speed Skating Women's 5000m on day six of the Milano Cortina 2026 Winter Olympics at Milano Speed Skating Stadium on February 12, 2026 in Milan, Italy. (Photo by Henk Jan Dijks\/Marcel ter Bals\/DeFodi Images\/DeFodi via Getty Images)\"   loading=\"lazy\" data-new-v2-image=\"true\" data-original-mos=\"https:\/\/www.newsbeep.com\/uk\/wp-content\/uploads\/2026\/04\/CKhrmTWv6gDbr879EGeuMh.jpg\" data-pin-media=\"https:\/\/www.newsbeep.com\/uk\/wp-content\/uploads\/2026\/04\/CKhrmTWv6gDbr879EGeuMh.jpg\" class=\"inline\"\/>\n<\/p>\n<p>(Image credit: Getty Images)<br \/>\n<a id=\"elk-seasonal\" class=\"paywall\" aria-hidden=\"true\"\/><\/p>\n<p>2026-04-22T11:43:39.627Z<\/p>\n<p id=\"elk-7ab90018-bd48-4419-85bf-53b0e443c383\">The riders were announced to the crowds in Huy earlier on.<\/p>\n<p class=\"vanilla-image-block\" style=\"padding-top:66.70%;\">\n<p><img decoding=\"async\" src=\"https:\/\/www.newsbeep.com\/uk\/wp-content\/uploads\/2026\/04\/DDpxNQnP9qPoe4Vh5gik6M.jpg\" alt=\"Ferrand Prevot before La Fleche Wallonne femmes 2026\"   loading=\"lazy\" data-new-v2-image=\"true\" data-original-mos=\"https:\/\/www.newsbeep.com\/uk\/wp-content\/uploads\/2026\/04\/DDpxNQnP9qPoe4Vh5gik6M.jpg\" data-pin-media=\"https:\/\/www.newsbeep.com\/uk\/wp-content\/uploads\/2026\/04\/DDpxNQnP9qPoe4Vh5gik6M.jpg\" class=\"inline\"\/>\n<\/p>\n<p>(Image credit: Getty Images)<\/p>\n<p>2026-04-22T11:41:21.713Z<br \/>\n<a id=\"elk-neutral-start\"\/>Neutral start<\/p>\n<p id=\"elk-718c392c-8f12-4bc9-9c3b-795acb128827\" class=\"paywall\" aria-hidden=\"true\">The riders have set off from Huy Grand Place behind the commissaire&#8217;s car.<\/p>\n<p>2026-04-22T11:37:44.662Z<\/p>\n<p id=\"elk-4b7315b1-1e40-42ba-958b-0ba93e222175\">There are nine climbs on the route today, three of which are repeated on a local lap around Huy.<\/p>\n<p>C\u00f4te de Bohissau (2.2km at 5.6%) at km 10.5<\/p>\n<p><a id=\"elk-seasonal\" class=\"paywall\" aria-hidden=\"true\"\/><\/p>\n<p id=\"elk-4b7315b1-1e40-42ba-958b-0ba93e222175-2\">C\u00f4te de Courri\u00e8re at km 38.3<\/p>\n<p>C\u00f4te de Durnal at km 49.1<\/p>\n<p>C\u00f4te d&#8217;Ereffe (2.1km at 5%) at km 92.6<\/p>\n<p>C\u00f4te de Cherave (1.3 km at 8,1%) at km 105.3<\/p>\n<p>Mur de Huy (1.3km at 9.6%) at km 111<\/p>\n<p>C\u00f4te d&#8217;Ereffe (2.1km at 5%) at km 129,8<\/p>\n<p>C\u00f4te de Cherave (1.3 km at 8,1%) at km 142.5<\/p>\n<p>Mur de Huy (1.3km at 9.6%) at km 148.2 (finish)<\/p>\n<p>2026-04-22T11:36:33.513Z<\/p>\n<p id=\"elk-a0ecf2db-664b-4f73-9293-0c0136db9e75\">While this is an absolutely stacked field, there are also a few absentees. Elisa Longo Borghini is sitting this one out after finishing third last year.<\/p>\n<p class=\"paywall\" aria-hidden=\"true\">Kim Le Court-Pienaar is another from last year&#8217;s top-10 who misses out &#8211; the Mauritian is injured following a crash at the Tour of Flanders. There&#8217;s no Lotte Kopecky either, or five-time winner Marianne Vos.<\/p>\n<p><a id=\"elk-seasonal\" class=\"paywall\" aria-hidden=\"true\"\/><\/p>\n<p>2026-04-22T11:33:07.580Z<\/p>\n<p id=\"elk-87a09a40-8656-45a6-a721-ea47e239278e\">Pieterse conquered the famous climb last year, but let&#8217;s take a look at who is here to take her crown.<\/p>\n<p class=\"paywall\" aria-hidden=\"true\">Demi Vollering finished a narrow second place last year. The FDJ United-SUEZ rider has been imperious this spring, winning Omloop Nieuwsblad and the Tour of Flanders.<\/p>\n<p><a id=\"elk-seasonal\" class=\"paywall\" aria-hidden=\"true\"\/><\/p>\n<p id=\"elk-87a09a40-8656-45a6-a721-ea47e239278e-2\">Pauline Ferrand Prevot is her too, a former winner in 2014, as is the undisputed queen of this climb, Anna van der Breggen, a seven-time winner of La Fl\u00e8che Wallonne Femmes. Kasia Niewiadoma and Amstel Gold winner Paula Blasi are two others in good form.<\/p>\n<p>Here&#8217;s a full run-down of the contenders: <a data-analytics-id=\"inline-link\" href=\"https:\/\/www.cyclingnews.com\/pro-cycling\/racing\/the-kings-and-queens-of-the-mur-de-huy-analysing-the-contenders-for-la-fleche-wallonne\/\" data-mrf-recirculation=\"inline-link\" data-before-rewrite-localise=\"https:\/\/www.cyclingnews.com\/pro-cycling\/racing\/the-kings-and-queens-of-the-mur-de-huy-analysing-the-contenders-for-la-fleche-wallonne\/\" rel=\"nofollow noopener\" target=\"_blank\">The kings and queens of the Mur de Huy \u2013 Analysing the contenders for La Fl\u00e8che Wallonne<\/a><\/p>\n<p class=\"vanilla-image-block\" style=\"padding-top:66.64%;\">\n<p><img decoding=\"async\" src=\"https:\/\/www.newsbeep.com\/uk\/wp-content\/uploads\/2026\/04\/oEFLsWG7RPexoZy3k2oZPk.jpg\" alt=\"Demi Vollering and Paul Seixas are among our favourites for the 2026 La Fl&amp;egrave;che Wallonne\"   loading=\"lazy\" data-new-v2-image=\"true\" data-original-mos=\"https:\/\/www.newsbeep.com\/uk\/wp-content\/uploads\/2026\/04\/oEFLsWG7RPexoZy3k2oZPk.jpg\" data-pin-media=\"https:\/\/www.newsbeep.com\/uk\/wp-content\/uploads\/2026\/04\/oEFLsWG7RPexoZy3k2oZPk.jpg\" class=\"inline\"\/>\n<\/p>\n<p>(Image credit: Getty Images)<\/p>\n<p>2026-04-22T11:24:28.748Z<\/p>\n<p id=\"elk-6d5dee96-e802-4022-8cc7-de04f8c0df57\">Before we look at the contenders for today, let&#8217;s zoom in on the climb that so often decides this race.<\/p>\n<p class=\"paywall\" aria-hidden=\"true\">The Mur de Huy is one of the sport&#8217;s most famous climbs and perhaps the hardest ascent of this entire week in the Ardennes. It takes just over three minutes for the women to get to the top, with an average gradient of 9.6% over the 1.3 kilometres. That stat takes in the gentler lead in to the hardest slope, however, which tops out at more than 26%.<\/p>\n<p><a id=\"elk-seasonal\" class=\"paywall\" aria-hidden=\"true\"\/><\/p>\n<p id=\"elk-6d5dee96-e802-4022-8cc7-de04f8c0df57-2\">This is a real leg-breaker and a beautifully natural amphitheatre of cycling. The women will take on the Mur twice, first of all with 38km to go before come back to it for the final struggle to the line.<\/p>\n<p>2026-04-22T11:16:33.881Z<\/p>\n<p id=\"elk-abbfc158-06fb-4ec6-a71b-d2625f8460aa\">Last year, Puck Pieterse timed her move on the famous climb to perfection, waiting until the final 150 metres to come around Demi Vollering. Despite a long distance attack from Cedrine Kerbaol, it was another show-down on the Mur. Will it be the same today?<\/p>\n<p class=\"paywall\" aria-hidden=\"true\">Here&#8217;s our report from last year to jog your memory.<\/p>\n<p><a data-analytics-id=\"inline-link\" href=\"https:\/\/www.cyclingnews.com\/races\/la-fleche-wallonne-femmes-2025\/elite-women\/results\/\" data-mrf-recirculation=\"inline-link\" data-before-rewrite-localise=\"https:\/\/www.cyclingnews.com\/races\/la-fleche-wallonne-femmes-2025\/elite-women\/results\/\" rel=\"nofollow noopener\" target=\"_blank\">La Fl\u00e8che Wallonne Femmes: Puck Pieterse powers past Demi Vollering for victory atop Mur de Huy<\/a><\/p>\n<p class=\"vanilla-image-block\" style=\"padding-top:66.89%;\">\n<p><img decoding=\"async\" src=\"https:\/\/www.newsbeep.com\/uk\/wp-content\/uploads\/2026\/04\/3Yyd5BopzfijC2DHejeHue.jpg\" alt=\"Pieterse celebrates 2025 Fleche Wallonne Femmes win\"   loading=\"lazy\" data-new-v2-image=\"true\" data-original-mos=\"https:\/\/www.newsbeep.com\/uk\/wp-content\/uploads\/2026\/04\/3Yyd5BopzfijC2DHejeHue.jpg\" data-pin-media=\"https:\/\/www.newsbeep.com\/uk\/wp-content\/uploads\/2026\/04\/3Yyd5BopzfijC2DHejeHue.jpg\" class=\"inline\"\/>\n<\/p>\n<p>(Image credit: Getty Images)<br \/>\n<a id=\"elk-seasonal\" class=\"paywall\" aria-hidden=\"true\"\/><\/p>\n<p>2026-04-22T11:14:03.153Z<\/p>\n<p id=\"elk-35d7416b-0766-452e-96fa-f2ff9636ef0e\">The racing gets underway, starting in Huy in just under half an hour with a short neutral roll out. The racing gets properly underway at 13:50 CET and is scheduled to finish at around 17:55 CET.<\/p>\n<p id=\"elk-ebf1013b-ac52-493c-84d2-0469df414469\">Welcome along to Cyclingnews&#8217; live coverage of the 2026 La Fl\u00e8che Wallonne Femmes, where Puck Pieterse will look to repeat her victory of 12 months ago against a stacked field.<\/p>\n<p>Please follow our <a href=\"&quot;https:\/\/www.cyclingnews.com\/about\/#section-community-guidelines&quot;\" target=\"&quot;_blank&quot;\">community guidelines<\/a>.&#8221; data-join-the-conversation-text=&#8221;Join the Conversation&#8221;&gt;<\/p>\n<p class=\"mb-3 !text-lg\">You must confirm your public display name before commenting<\/p>\n<p class=\"mb-3 !text-sm\">Please logout and then login again, you will then be prompted to enter your display name.<\/p>\n<p>Logout<\/p>\n<p><script async src=\"https:\/\/platform.twitter.com\/widgets.js\" charset=\"utf-8\"><\/script><\/p>\n","protected":false},"excerpt":{"rendered":"Refresh 2026-04-22T14:54:15.611Z Amstel winner Paula Blasi also attempted to get away and bridge up to the leaders, but&hellip;\n","protected":false},"author":2,"featured_media":544797,"comment_status":"","ping_status":"","sticky":false,"template":"","format":"standard","meta":{"footnotes":""},"categories":[37],"tags":[4985,101,56,54,55],"class_list":{"0":"post-544796","1":"post","2":"type-post","3":"status-publish","4":"format-standard","5":"has-post-thumbnail","7":"category-cycling","8":"tag-cycling","9":"tag-sports","10":"tag-uk","11":"tag-united-kingdom","12":"tag-unitedkingdom"},"_links":{"self":[{"href":"https:\/\/www.newsbeep.com\/uk\/wp-json\/wp\/v2\/posts\/544796","targetHints":{"allow":["GET"]}}],"collection":[{"href":"https:\/\/www.newsbeep.com\/uk\/wp-json\/wp\/v2\/posts"}],"about":[{"href":"https:\/\/www.newsbeep.com\/uk\/wp-json\/wp\/v2\/types\/post"}],"author":[{"embeddable":true,"href":"https:\/\/www.newsbeep.com\/uk\/wp-json\/wp\/v2\/users\/2"}],"replies":[{"embeddable":true,"href":"https:\/\/www.newsbeep.com\/uk\/wp-json\/wp\/v2\/comments?post=544796"}],"version-history":[{"count":0,"href":"https:\/\/www.newsbeep.com\/uk\/wp-json\/wp\/v2\/posts\/544796\/revisions"}],"wp:featuredmedia":[{"embeddable":true,"href":"https:\/\/www.newsbeep.com\/uk\/wp-json\/wp\/v2\/media\/544797"}],"wp:attachment":[{"href":"https:\/\/www.newsbeep.com\/uk\/wp-json\/wp\/v2\/media?parent=544796"}],"wp:term":[{"taxonomy":"category","embeddable":true,"href":"https:\/\/www.newsbeep.com\/uk\/wp-json\/wp\/v2\/categories?post=544796"},{"taxonomy":"post_tag","embeddable":true,"href":"https:\/\/www.newsbeep.com\/uk\/wp-json\/wp\/v2\/tags?post=544796"}],"curies":[{"name":"wp","href":"https:\/\/api.w.org\/{rel}","templated":true}]}}