{"id":548237,"date":"2026-04-24T12:21:11","date_gmt":"2026-04-24T12:21:11","guid":{"rendered":"https:\/\/www.newsbeep.com\/uk\/548237\/"},"modified":"2026-04-24T12:21:11","modified_gmt":"2026-04-24T12:21:11","slug":"the-big-four-and-the-rest-analysing-the-contenders-at-the-mens-liege-bastogne-liege","status":"publish","type":"post","link":"https:\/\/www.newsbeep.com\/uk\/548237\/","title":{"rendered":"The big four and the rest \u2013 Analysing the contenders at the men&#8217;s Li\u00e8ge-Bastogne-Li\u00e8ge"},"content":{"rendered":"<p id=\"elk-8d52378d-3dfb-46a5-82c8-fe4ec50cecee\">Since Paul Seixas&#8217; victory in La Fl\u00e8che Wallonne, the hype around the 19-year-old French phenom is growing to a fever pitch. However, in <a data-analytics-id=\"inline-link\" href=\"https:\/\/www.cyclingnews.com\/liege-bastogne-liege\/\" data-url=\"https:\/\/www.cyclingnews.com\/liege-bastogne-liege\/\" data-hl-processed=\"none\" data-mrf-recirculation=\"inline-link\" data-before-rewrite-localise=\"https:\/\/www.cyclingnews.com\/liege-bastogne-liege\/\" rel=\"nofollow noopener\" target=\"_blank\">Li\u00e8ge-Bastogne-Li\u00e8ge<\/a> on Sunday, Seixas will face off against World Champion and one of the greatest pro cyclists of all time, Tadej Poga\u010dar, along with other top contenders.<\/p>\n<p>As the oldest and most prestigious Monument Classic, Li\u00e8ge-Bastogne-Li\u00e8ge has brought together one of the most scintillating lineups of the season. At 259.5km, it is one of the longer one-day races on the calendar, and is much tougher than Milan-San Remo in terms of elevation gain.<\/p>\n<p><a id=\"elk-seasonal\"\/><\/p>\n<p id=\"elk-8d52378d-3dfb-46a5-82c8-fe4ec50cecee-2\">Starting and ending in Li\u00e8ge, the race has hardly a kilometre of flat riding, with numerous unnamed ascents preceding the first steep climb, the C\u00f4te de Saint-Roch \u2013 a kilometre-long early climb that averages 10.2%.<\/p>\n<p>Article continues below <\/p>\n<p>            You may like<\/p>\n<p class=\"paywall\" aria-hidden=\"true\">The length and severity of the ascents, combined with the distance, wear down the peloton, and just as the legs are starting to burn, the worst of the climbs begin to come in rapid succession, with nine coming in the final 90km.<\/p>\n<p>Who are the top riders to watch in this year&#8217;s Li\u00e8ge-Bastogne-Li\u00e8ge? Cyclingnews takes a look through an impressively deep start list for the 2026 edition.<\/p>\n<p><a id=\"elk-tadej-pogacar-uae-team-emirates-xrg\" class=\"paywall\" aria-hidden=\"true\"\/>Tadej Poga\u010dar (UAE Team Emirates-XRG)<\/p>\n<p class=\"vanilla-image-block\" style=\"padding-top:66.67%;\">\n<p><img decoding=\"async\" src=\"https:\/\/www.newsbeep.com\/uk\/wp-content\/uploads\/2026\/04\/8gj8oYoywveB9H5FFQTGxT.jpg\" alt=\"Tadej Poga&amp;#269;ar celebrates second place on the podium of Paris-Roubaix 2026\"   loading=\"lazy\" data-new-v2-image=\"true\" data-original-mos=\"https:\/\/www.newsbeep.com\/uk\/wp-content\/uploads\/2026\/04\/8gj8oYoywveB9H5FFQTGxT.jpg\" data-pin-media=\"https:\/\/www.newsbeep.com\/uk\/wp-content\/uploads\/2026\/04\/8gj8oYoywveB9H5FFQTGxT.jpg\" class=\"inline\"\/>\n<\/p>\n<p>Tadej Poga\u010dar&#8217;s latest outing saw him finish second at Paris-Roubaix (Image credit: Getty Images)<\/p>\n<p id=\"elk-18aac13a-c2a9-4aad-bac1-3bffcb6ef391\">In just four days of racing so far in 2026, <a data-analytics-id=\"inline-link\" href=\"https:\/\/www.cyclingnews.com\/riders\/tadej-pogacar\/\" data-url=\"https:\/\/www.cyclingnews.com\/riders\/tadej-pogacar\/\" data-hl-processed=\"none\" data-mrf-recirculation=\"inline-link\" data-before-rewrite-localise=\"https:\/\/www.cyclingnews.com\/riders\/tadej-pogacar\/\" rel=\"nofollow noopener\" target=\"_blank\">Tadej Poga\u010dar<\/a> has three wins &#8211; Strade Bianche with a signature 81km attack, an incredible victory in Milan-San Remo, and another equally impressive win in the Tour of Flanders. He appeared to be on track toward winning all five Monuments in the same season when he made the winning move in Paris-Roubaix, but lost in a two-man sprint to Wout van Aert.<\/p>\n<p>In that race, <a data-analytics-id=\"inline-link\" href=\"https:\/\/www.cyclingnews.com\/pro-cycling\/teams-riders\/tadej-pogacar-says-it-was-mission-impossible-to-drop-wout-van-aert-on-the-cobbles-after-another-second-place-at-paris-roubaix\/\" data-url=\"https:\/\/www.cyclingnews.com\/pro-cycling\/teams-riders\/tadej-pogacar-says-it-was-mission-impossible-to-drop-wout-van-aert-on-the-cobbles-after-another-second-place-at-paris-roubaix\/\" data-hl-processed=\"none\" data-mrf-recirculation=\"inline-link\" data-before-rewrite-localise=\"https:\/\/www.cyclingnews.com\/pro-cycling\/teams-riders\/tadej-pogacar-says-it-was-mission-impossible-to-drop-wout-van-aert-on-the-cobbles-after-another-second-place-at-paris-roubaix\/\" rel=\"nofollow noopener\" target=\"_blank\">Poga\u010dar suffered three different punctures and three bike changes<\/a>, including taking a neutral service bike after a flat on the Qu\u00e9r\u00e9naing \u00e0 Maing sector and a furious chase to get back on before the Arenberg forest.<\/p>\n<p>&#8220;I still had a hope in the sprint, but when I started the sprint, my legs were like spaghetti,&#8221; Poga\u010dar said after the race, noting that the setbacks had sapped his strength.<\/p>\n<p>Fortunately for him, Li\u00e8ge-Bastogne-Li\u00e8ge has none of the cobbled chaos of Roubaix or the Tour of Flanders.<\/p>\n<p>Poga\u010dar has won the last two editions of La Doyenne \u2013 both times attacking on the C\u00f4te de la Redoute with around 34km to go and winning solo by a minute. In 2021, he won from a six-rider escape that formed on the C\u00f4te de la Roche-aux-Faucons, much closer to the line.<\/p>\n<p>            What to read next<\/p>\n<p>With such a strong group of contenders assembled, it is hard to imagine that Poga\u010dar will be able to escape solo again.<\/p>\n<p><a id=\"elk-remco-evenepoel-red-bull-bora-hansgrohe\" class=\"paywall\" aria-hidden=\"true\"\/>Remco Evenepoel (Red Bull-Bora-Hansgrohe)<\/p>\n<p class=\"vanilla-image-block\" style=\"padding-top:66.67%;\">\n<p><img decoding=\"async\" src=\"https:\/\/www.newsbeep.com\/uk\/wp-content\/uploads\/2026\/04\/eTt6i8feAt9DwDpjU6H5EX.jpg\" alt=\"Remco Evenepoel on the top step of the podium of the 2026 Amstel Gold Race\"   loading=\"lazy\" data-new-v2-image=\"true\" data-original-mos=\"https:\/\/www.newsbeep.com\/uk\/wp-content\/uploads\/2026\/04\/eTt6i8feAt9DwDpjU6H5EX.jpg\" data-pin-media=\"https:\/\/www.newsbeep.com\/uk\/wp-content\/uploads\/2026\/04\/eTt6i8feAt9DwDpjU6H5EX.jpg\" class=\"inline\"\/>\n<\/p>\n<p>Remco Evenepoel heads to Li\u00e8ge off the back of an Amstel Gold Race victory (Image credit: Getty Images)<\/p>\n<p id=\"elk-6417ced7-08f7-4777-9ec2-8763bb0d4166\">Twice a winner of Li\u00e8ge-Bastogne-Li\u00e8ge, <a data-analytics-id=\"inline-link\" href=\"https:\/\/www.cyclingnews.com\/riders\/remco-evenepoel\/\" data-url=\"https:\/\/www.cyclingnews.com\/riders\/remco-evenepoel\/\" data-hl-processed=\"none\" data-mrf-recirculation=\"inline-link\" data-before-rewrite-localise=\"https:\/\/www.cyclingnews.com\/riders\/remco-evenepoel\/\" rel=\"nofollow noopener\" target=\"_blank\">Remco Evenepoel<\/a> hasn&#8217;t been a contender since his last victory in 2023 due to injuries. In 2024, he crashed in Itzulia Basque Country and didn&#8217;t race again until June, and last year, he was coming back from a terrible off-season accident that left him with a broken scapula and nerve problems in his shoulder. When Li\u00e8ge came around, he had only raced three days and didn&#8217;t have the form to be in contention.<\/p>\n<p>2026 has definitely been a different scenario for the Belgian, who had a fine winter and won three of three starts in the Mallorca Challenge, two stages and the overall in the Volta a Valenciana, the time trial stage in the UAE Tour and the Amstel Gold Race. <a data-analytics-id=\"inline-link\" href=\"https:\/\/www.cyclingnews.com\/pro-cycling\/racing\/i-will-come-back-for-sure-remco-evenepoel-bullish-on-cobbled-classics-after-taking-third-in-his-tour-of-flanders-debut-is-a-future-ride-in-paris-roubaix-coming\/\" data-url=\"https:\/\/www.cyclingnews.com\/pro-cycling\/racing\/i-will-come-back-for-sure-remco-evenepoel-bullish-on-cobbled-classics-after-taking-third-in-his-tour-of-flanders-debut-is-a-future-ride-in-paris-roubaix-coming\/\" data-hl-processed=\"none\" data-mrf-recirculation=\"inline-link\" data-before-rewrite-localise=\"https:\/\/www.cyclingnews.com\/pro-cycling\/racing\/i-will-come-back-for-sure-remco-evenepoel-bullish-on-cobbled-classics-after-taking-third-in-his-tour-of-flanders-debut-is-a-future-ride-in-paris-roubaix-coming\/\" rel=\"nofollow noopener\" target=\"_blank\">Evenepoel also finished third in his Tour of Flanders debut<\/a>.<\/p>\n<p>Evenepoel has 20 more days of racing in his legs than Poga\u010dar, and is heading into Li\u00e8ge with the confidence and momentum of a victory last weekend, while his Slovenian rival is fighting off that stinging defeat in Paris-Roubaix.<\/p>\n<p>It&#8217;s really tough to choose between the two when it comes to predicting the winner \u2013 both are climbing extremely well. Although Poga\u010dar is usually the punchier of the two, Evenepoel pulled off an amazing sprint last Sunday and mixed it up in bunch sprints in the Volta a Catalunya in a very Poga\u010dar-like fashion.<\/p>\n<p>If both riders can avoid the kind of mid-race mayhem that crashed Poga\u010dar out in 2023, it will be a battle for the ages in the finale of Li\u00e8ge-Bastogne-Li\u00e8ge.<\/p>\n<p><a id=\"elk-paul-seixas-decathlon-cma-cgm\" class=\"paywall\" aria-hidden=\"true\"\/>Paul Seixas (Decathlon-CMA CGM)<\/p>\n<p class=\"vanilla-image-block\" style=\"padding-top:66.67%;\">\n<p><img decoding=\"async\" src=\"https:\/\/www.newsbeep.com\/uk\/wp-content\/uploads\/2026\/04\/F2bjbQBf8m7RgKaXJUzrBX.jpg\" alt=\"Paul Seixas celebrates victory on the podium of La Fl&amp;egrave;che Wallonne 2026\"   loading=\"lazy\" data-new-v2-image=\"true\" data-original-mos=\"https:\/\/www.newsbeep.com\/uk\/wp-content\/uploads\/2026\/04\/F2bjbQBf8m7RgKaXJUzrBX.jpg\" data-pin-media=\"https:\/\/www.newsbeep.com\/uk\/wp-content\/uploads\/2026\/04\/F2bjbQBf8m7RgKaXJUzrBX.jpg\" class=\"inline\"\/>\n<\/p>\n<p>Paul Seixas won his first major Classic midweek at La Fl\u00e8che Wallonne (Image credit: Getty Images)<\/p>\n<p id=\"elk-a5dab641-e7b7-4bae-9304-bddbf20f6462\">It&#8217;s hard to believe that <a data-analytics-id=\"inline-link\" href=\"https:\/\/www.cyclingnews.com\/riders\/paul-seixas\/\" data-url=\"https:\/\/www.cyclingnews.com\/riders\/paul-seixas\/\" data-hl-processed=\"none\" data-mrf-recirculation=\"inline-link\" data-before-rewrite-localise=\"https:\/\/www.cyclingnews.com\/riders\/paul-seixas\/\" rel=\"nofollow noopener\" target=\"_blank\">Paul Seixas<\/a> is just 19. In his first full WorldTour season, he&#8217;s already at the top of the win column with seven victories \u2013 a stage of the Volta ao Algarve where he outfoxed experienced riders like Jo\u00e3o Almeida and Juan Ayuso, the Faun-Ard\u00e8che Classic, <a data-analytics-id=\"inline-link\" href=\"https:\/\/www.cyclingnews.com\/pro-cycling\/racing\/itzulia-basque-country-isolated-paul-seixas-clinches-first-worldtour-stage-race-title-as-aj-august-wins-rain-battered-final-stage\/\" data-url=\"https:\/\/www.cyclingnews.com\/pro-cycling\/racing\/itzulia-basque-country-isolated-paul-seixas-clinches-first-worldtour-stage-race-title-as-aj-august-wins-rain-battered-final-stage\/\" data-hl-processed=\"none\" data-mrf-recirculation=\"inline-link\" data-before-rewrite-localise=\"https:\/\/www.cyclingnews.com\/pro-cycling\/racing\/itzulia-basque-country-isolated-paul-seixas-clinches-first-worldtour-stage-race-title-as-aj-august-wins-rain-battered-final-stage\/\" rel=\"nofollow noopener\" target=\"_blank\">three stages and the general classification of the Itzulia Basque Country<\/a>. He was also second behind Poga\u010dar in Strade Bianche.<\/p>\n<p>The superlatives about Seixas so far this season include &#8220;insane&#8221;, &#8220;mind-boggling&#8221; and &#8220;incredible&#8221;, but the young Frenchman is keeping his feet firmly on the ground, denying that he is the world champion&#8217;s top rival for Li\u00e8ge.<\/p>\n<p>&#8220;We are talking about perhaps the best rider of all time here,&#8221; he said. &#8220;I currently do not have the level to beat Poga\u010dar. But I do train to become the best. And you have to work for that and then prove yourself in races.&#8221;<\/p>\n<p>Realistically, the difficulty and distance of La Doyenne should favour more experienced riders. Most neo-pros struggle just to finish the race in their first attempt, and the race will be almost 90 minutes longer than Fl\u00e8che Wallonne.<\/p>\n<p>Seixas already has the attention of Tour de France director Christian Prudhomme and even French Prime Minister Emmanuel Macron, who, French media reported earlier this month, has been personally involved in ensuring he remains with the French team. That&#8217;s a lot of hype and pressure, but if he can win Li\u00e8ge-Bastogne-Li\u00e8ge, it will be game-changing.<\/p>\n<p><a id=\"elk-tom-pidcock-pinarello-q36-5\" class=\"paywall\" aria-hidden=\"true\"\/>Tom Pidcock (Pinarello-Q36.5)<\/p>\n<p class=\"vanilla-image-block\" style=\"padding-top:66.67%;\">\n<p><img decoding=\"async\" src=\"https:\/\/www.newsbeep.com\/uk\/wp-content\/uploads\/2026\/04\/TpZ4NL5pupEViim7hoCjBX.jpg\" alt=\"Tom Pidcock celebrates as he crosses the line to win stage 3 of the 2026 Tour of the Alps\"   loading=\"lazy\" data-new-v2-image=\"true\" data-original-mos=\"https:\/\/www.newsbeep.com\/uk\/wp-content\/uploads\/2026\/04\/TpZ4NL5pupEViim7hoCjBX.jpg\" data-pin-media=\"https:\/\/www.newsbeep.com\/uk\/wp-content\/uploads\/2026\/04\/TpZ4NL5pupEViim7hoCjBX.jpg\" class=\"inline\"\/>\n<\/p>\n<p>Tom Pidcock will start Li\u00e8ge after a successful return to racing at the Tour of the Alps (Image credit: Getty Images)<\/p>\n<p id=\"elk-8883cd7d-424f-40a7-9098-4b6533b7154a\">Second place in Li\u00e8ge-Bastogne-Li\u00e8ge in 2023 was <a data-analytics-id=\"inline-link\" href=\"https:\/\/www.cyclingnews.com\/riders\/tom-pidcock\/\" data-url=\"https:\/\/www.cyclingnews.com\/riders\/tom-pidcock\/\" data-hl-processed=\"none\" data-mrf-recirculation=\"inline-link\" data-before-rewrite-localise=\"https:\/\/www.cyclingnews.com\/riders\/tom-pidcock\/\" rel=\"nofollow noopener\" target=\"_blank\">Tom Pidcock<\/a>&#8216;s best <a data-analytics-id=\"inline-link\" href=\"https:\/\/www.cyclingnews.com\/tag\/performance\/\" data-auto-tag-linker=\"true\" data-url=\"https:\/\/www.cyclingnews.com\/tag\/performance\/\" data-hl-processed=\"none\" data-mrf-recirculation=\"inline-link\" data-before-rewrite-localise=\"https:\/\/www.cyclingnews.com\/tag\/performance\/\" rel=\"nofollow noopener\" target=\"_blank\">performance<\/a> so far in the race, but he&#8217;s finished in the top 10 the last two years running.<\/p>\n<p>Pidcock suffered a serious crash during the Volta a Catalunya in March and missed the Amstel Gold Race, but a stage win in the Tour of the Alps showed that he&#8217;s getting back to his best form.<\/p>\n<p>Earlier this year, Pidcock won Milano-Torino before <a data-analytics-id=\"inline-link\" href=\"https:\/\/www.cyclingnews.com\/pro-cycling\/teams-riders\/tom-pidcock-suggests-milan-san-remo-victory-would-have-been-a-bit-of-a-fluke-as-he-makes-quick-switch-to-gc-mode-for-volta-a-catalunya\/\" data-url=\"https:\/\/www.cyclingnews.com\/pro-cycling\/teams-riders\/tom-pidcock-suggests-milan-san-remo-victory-would-have-been-a-bit-of-a-fluke-as-he-makes-quick-switch-to-gc-mode-for-volta-a-catalunya\/\" data-hl-processed=\"none\" data-mrf-recirculation=\"inline-link\" data-before-rewrite-localise=\"https:\/\/www.cyclingnews.com\/pro-cycling\/teams-riders\/tom-pidcock-suggests-milan-san-remo-victory-would-have-been-a-bit-of-a-fluke-as-he-makes-quick-switch-to-gc-mode-for-volta-a-catalunya\/\" rel=\"nofollow noopener\" target=\"_blank\">narrowly missing out on the win in Milan-San Remo<\/a> at the hands of Poga\u010dar. Before that, the Briton won a stage in the Ruta del Sol and finished on the overall podium.<\/p>\n<p>Because of his crash last month, Pidcock has longer odds than our other favourites to win in Li\u00e8ge, but the two-time Olympic MTB champion is capable of amazing things when the stars align, so he can&#8217;t be counted out.<\/p>\n<p><a id=\"elk-others-to-watch\" class=\"paywall\" aria-hidden=\"true\"\/>Others to watch<\/p>\n<p class=\"vanilla-image-block\" style=\"padding-top:66.60%;\">\n<p><img decoding=\"async\" src=\"https:\/\/www.newsbeep.com\/uk\/wp-content\/uploads\/2026\/04\/anaGcTatPCKDUtieiyRMsF.jpg\" alt=\"Romain Gr&amp;eacute;goire at the pre-race team presentation of the 2026 Amstel Gold Race\"   loading=\"lazy\" data-new-v2-image=\"true\" data-original-mos=\"https:\/\/www.newsbeep.com\/uk\/wp-content\/uploads\/2026\/04\/anaGcTatPCKDUtieiyRMsF.jpg\" data-pin-media=\"https:\/\/www.newsbeep.com\/uk\/wp-content\/uploads\/2026\/04\/anaGcTatPCKDUtieiyRMsF.jpg\" class=\"inline\"\/>\n<\/p>\n<p>Romain Gr\u00e9goire is another rider to watch this Sunday (Image credit: Getty Images)<\/p>\n<p id=\"elk-084d49bb-11f1-4520-a51c-d0bff1163e41\">With the above four dominating the contenders list, even seasoned one-day racers and past Li\u00e8ge-Bastogne-Li\u00e8ge podium finishers are left on the outsiders list.<\/p>\n<p><a data-analytics-id=\"inline-link\" href=\"https:\/\/www.cyclingnews.com\/riders\/mattias-skjelmose-jensen\/\" data-url=\"https:\/\/www.cyclingnews.com\/riders\/mattias-skjelmose-jensen\/\" data-hl-processed=\"none\" data-mrf-recirculation=\"inline-link\" data-before-rewrite-localise=\"https:\/\/www.cyclingnews.com\/riders\/mattias-skjelmose-jensen\/\" rel=\"nofollow noopener\" target=\"_blank\">Mattias Skjelmose<\/a> (Lidl-Trek), second to Evenepoel in the Amstel Gold Race and last year&#8217;s winner there, hasn&#8217;t had as much luck in Li\u00e8ge, but is in great form after finishing 5th in La Fl\u00e8che Wallonne.<\/p>\n<p><a data-analytics-id=\"inline-link\" href=\"https:\/\/www.cyclingnews.com\/riders\/romain-gregoire\/\" data-url=\"https:\/\/www.cyclingnews.com\/riders\/romain-gregoire\/\" data-hl-processed=\"none\" data-mrf-recirculation=\"inline-link\" data-before-rewrite-localise=\"https:\/\/www.cyclingnews.com\/riders\/romain-gregoire\/\" rel=\"nofollow noopener\" target=\"_blank\">Romain Gr\u00e9goire<\/a> (Groupama-FDJ United) held onto Evenepoel and Skjelmose for as long as he could in Amstel, and narrowly missed the podium.<\/p>\n<p><a data-analytics-id=\"inline-link\" href=\"https:\/\/www.cyclingnews.com\/riders\/ben-tulett\/\" data-url=\"https:\/\/www.cyclingnews.com\/riders\/ben-tulett\/\" data-hl-processed=\"none\" data-mrf-recirculation=\"inline-link\" data-before-rewrite-localise=\"https:\/\/www.cyclingnews.com\/riders\/ben-tulett\/\" rel=\"nofollow noopener\" target=\"_blank\">Ben Tulett<\/a> (Visma-Lease a Bike) is leading the charge for the &#8216;killer bees&#8217; and is coming off third place in Fl\u00e8che.<\/p>\n<p>There&#8217;s also <a data-analytics-id=\"inline-link\" href=\"https:\/\/www.cyclingnews.com\/riders\/lenny-martinez\/\" data-url=\"https:\/\/www.cyclingnews.com\/riders\/lenny-martinez\/\" data-hl-processed=\"none\" data-mrf-recirculation=\"inline-link\" data-before-rewrite-localise=\"https:\/\/www.cyclingnews.com\/riders\/lenny-martinez\/\" rel=\"nofollow noopener\" target=\"_blank\">Lenny Martinez<\/a> (Bahrain Victorious), winner of a stage in Paris-Nice, and <a data-analytics-id=\"inline-link\" href=\"https:\/\/www.cyclingnews.com\/riders\/mauro-schmid\/\" data-url=\"https:\/\/www.cyclingnews.com\/riders\/mauro-schmid\/\" data-hl-processed=\"none\" data-mrf-recirculation=\"inline-link\" data-before-rewrite-localise=\"https:\/\/www.cyclingnews.com\/riders\/mauro-schmid\/\" rel=\"nofollow noopener\" target=\"_blank\">Mauro Schmid<\/a> (Jayco-AlUla), second in Fl\u00e8che, to keep an eye on.<\/p>\n<p id=\"elk-aee0077c-90ed-4c09-91e7-6bc9401f48f0\">Get unlimited access to our unrivalled 2026 Spring Classics coverage with a Cyclingnews subscription. We&#8217;ll bring you breaking news, reports, and analysis from some of the biggest races on the calendar, including Amstel Gold Race, La Fl\u00e8che Wallonne, and Li\u00e8ge-Bastogne-Li\u00e8ge. <a data-analytics-id=\"inline-link\" href=\"https:\/\/www.cyclingnews.com\/sub24\/?utm_source=Referral+link&amp;utm_medium=Website&amp;utm_campaign=SC26\" target=\"_blank\" data-url=\"https:\/\/www.cyclingnews.com\/sub24\/?utm_source=Referral+link&amp;utm_medium=Website&amp;utm_campaign=SC26\" data-hl-processed=\"none\" data-mrf-recirculation=\"inline-link\" data-before-rewrite-localise=\"https:\/\/www.cyclingnews.com\/sub24\/?utm_source=Referral+link&amp;utm_medium=Website&amp;utm_campaign=SC26\" rel=\"nofollow noopener\">Find out more.<\/a><\/p>\n","protected":false},"excerpt":{"rendered":"Since Paul Seixas&#8217; victory in La Fl\u00e8che Wallonne, the hype around the 19-year-old French phenom is growing to&hellip;\n","protected":false},"author":2,"featured_media":548238,"comment_status":"","ping_status":"","sticky":false,"template":"","format":"standard","meta":{"footnotes":""},"categories":[37],"tags":[4985,101,56,54,55],"class_list":{"0":"post-548237","1":"post","2":"type-post","3":"status-publish","4":"format-standard","5":"has-post-thumbnail","7":"category-cycling","8":"tag-cycling","9":"tag-sports","10":"tag-uk","11":"tag-united-kingdom","12":"tag-unitedkingdom"},"_links":{"self":[{"href":"https:\/\/www.newsbeep.com\/uk\/wp-json\/wp\/v2\/posts\/548237","targetHints":{"allow":["GET"]}}],"collection":[{"href":"https:\/\/www.newsbeep.com\/uk\/wp-json\/wp\/v2\/posts"}],"about":[{"href":"https:\/\/www.newsbeep.com\/uk\/wp-json\/wp\/v2\/types\/post"}],"author":[{"embeddable":true,"href":"https:\/\/www.newsbeep.com\/uk\/wp-json\/wp\/v2\/users\/2"}],"replies":[{"embeddable":true,"href":"https:\/\/www.newsbeep.com\/uk\/wp-json\/wp\/v2\/comments?post=548237"}],"version-history":[{"count":0,"href":"https:\/\/www.newsbeep.com\/uk\/wp-json\/wp\/v2\/posts\/548237\/revisions"}],"wp:featuredmedia":[{"embeddable":true,"href":"https:\/\/www.newsbeep.com\/uk\/wp-json\/wp\/v2\/media\/548238"}],"wp:attachment":[{"href":"https:\/\/www.newsbeep.com\/uk\/wp-json\/wp\/v2\/media?parent=548237"}],"wp:term":[{"taxonomy":"category","embeddable":true,"href":"https:\/\/www.newsbeep.com\/uk\/wp-json\/wp\/v2\/categories?post=548237"},{"taxonomy":"post_tag","embeddable":true,"href":"https:\/\/www.newsbeep.com\/uk\/wp-json\/wp\/v2\/tags?post=548237"}],"curies":[{"name":"wp","href":"https:\/\/api.w.org\/{rel}","templated":true}]}}