{"id":548429,"date":"2026-04-24T14:45:11","date_gmt":"2026-04-24T14:45:11","guid":{"rendered":"https:\/\/www.newsbeep.com\/uk\/548429\/"},"modified":"2026-04-24T14:45:11","modified_gmt":"2026-04-24T14:45:11","slug":"eurojury-2026-meet-the-jurors","status":"publish","type":"post","link":"https:\/\/www.newsbeep.com\/uk\/548429\/","title":{"rendered":"Eurojury 2026: Meet The Jurors"},"content":{"rendered":"<p>Eurojury returns for 2026 as we asked a jury of artists, musicians, songwriters and more to vote on this year\u2019s Eurovision Song Contest entries.<\/p>\n<p>Eurojury will return for its eleventh edition this year as we bring you one of the most accurate predictions of the results for the contest in May. The Eurovoix team has spent the past two months contacting jury members who fit the above criteria, and we\u2019re happy to reveal that we have a total of over 150 jury members across 41 countries. Please see the full jury list below.<\/p>\n<p>\ud83c\udde6\ud83c\uddf1 Albania<\/p>\n<p><a href=\"https:\/\/www.instagram.com\/arditcuni\/\" rel=\"nofollow noopener\" target=\"_blank\">Ardit \u00c7uni<\/a> \u2013 Singer who participated in the 63rd edition of Festivali i K\u00ebng\u00ebs, in December 2024, with \u201c<a href=\"https:\/\/youtu.be\/4pS5q5UbJEs?si=wccwWuOFObqbGxsx\" rel=\"nofollow noopener\" target=\"_blank\">Amane<\/a>\u201c. He placed 7th in the Grand Final.<br \/>\n<a href=\"https:\/\/www.instagram.com\/evireci\/\" rel=\"nofollow noopener\" target=\"_blank\">Evi Re\u00e7i<\/a> \u2013 Singer, TV host and journalist who participated in Festivali i K\u00ebng\u00ebs four times. Most recently in December 2025 with \u201c<a href=\"https:\/\/youtu.be\/XTZW-65qrQo?si=wATsG_XeYWU68Yg8\" rel=\"nofollow noopener\" target=\"_blank\">Kodi i jet\u00ebs<\/a>\u201d and earlier with \u201c<a href=\"https:\/\/youtu.be\/9vXUI3-qcrI?si=GCM8Uv4lruYgQBHT\" rel=\"nofollow noopener\" target=\"_blank\">Tjerr<\/a>\u201d in 2021, \u201c<a href=\"https:\/\/youtu.be\/FAa9eYp7Kq8?si=1db3aDujzlIDspJm\" rel=\"nofollow noopener\" target=\"_blank\">M\u00eb duaj<\/a>\u201d in 2022, and \u201c<a href=\"https:\/\/youtu.be\/rSDQKUaTdUA?si=dZuVbZvgSzKyETnS\" rel=\"nofollow noopener\" target=\"_blank\">Ma kthe<\/a>\u201d in 2023.<br \/>\n<a href=\"https:\/\/www.instagram.com\/festinamejzini\/\" type=\"link\" id=\"https:\/\/www.instagram.com\/festinamejzini\/\" rel=\"nofollow noopener\" target=\"_blank\">Festina Mejzini<\/a> \u2013 Singer who has participated in Festivali i K\u00ebng\u00ebs three times. Most recently in 2023 with the entry \u201c<a href=\"https:\/\/www.youtube.com\/watch?v=rFFIAVLwCQA\" type=\"link\" id=\"https:\/\/www.youtube.com\/watch?v=rFFIAVLwCQA\" rel=\"nofollow noopener\" target=\"_blank\">Melos<\/a>\u201d and earlier with \u201c<a href=\"https:\/\/www.youtube.com\/watch?v=9fVwGXAqwHo\" rel=\"nofollow noopener\" target=\"_blank\">Atje lart<\/a>\u201d in 2016 and \u201c<a href=\"https:\/\/www.youtube.com\/watch?v=UFHMPZhPANM\" type=\"link\" id=\"https:\/\/www.youtube.com\/watch?v=UFHMPZhPANM\" rel=\"nofollow noopener\" target=\"_blank\">Kush je ti dashuri<\/a>\u201d in 2020.<br \/>\n<a href=\"https:\/\/www.instagram.com\/georgeorjoe\/\" rel=\"nofollow noopener\" target=\"_blank\">Gjergj Ka\u00e7inari<\/a> \u2013 Singer who participated in Festiali i K\u00ebng\u00ebs four times. Most recently in 2024 with \u201c<a href=\"https:\/\/www.youtube.com\/watch?v=zdUUilBPERk\" rel=\"nofollow noopener\" target=\"_blank\">Larg jet\u00ebs pa ty<\/a>\u201c, and earlier with \u201c<a href=\"https:\/\/www.youtube.com\/watch?v=6UgxTq86PAA\" rel=\"nofollow noopener\" target=\"_blank\">M\u00eb jep jet\u00eb<\/a>\u201d in 2020, \u201c<a href=\"https:\/\/www.youtube.com\/watch?v=YhcgaLyaVrM\" rel=\"nofollow noopener\" target=\"_blank\">N\u00eb \u00ebnd\u00ebrr mbete ti<\/a>\u201d in 2021, and \u201c<a href=\"https:\/\/www.youtube.com\/watch?v=WEg3h7l8PNs\" rel=\"nofollow noopener\" target=\"_blank\">Dje<\/a>\u201d in 2022.<br \/>\n<a href=\"https:\/\/www.instagram.com\/jet_official00\/\" rel=\"nofollow noopener\" target=\"_blank\">Jet<\/a> \u2013 Singer who participated in the 63rd edition of Festivali i K\u00ebng\u00ebs, in December 2024, with \u201c<a href=\"https:\/\/youtu.be\/6FQHzUbrJv0?si=-RH11hW0iuSgkL4l\" rel=\"nofollow noopener\" target=\"_blank\">Gjall\u00eb<\/a>\u201c. He placed 9th in the Grand Final.<br \/>\n<a href=\"https:\/\/www.instagram.com\/luna.causholli\/\" rel=\"nofollow noopener\" target=\"_blank\">Luna \u00c7ausholli<\/a> \u2013 Singer who placed top 10 in Festivali i K\u00ebng\u00ebs this year with \u201c<a href=\"https:\/\/www.youtube.com\/watch?v=u7iDyhoI7_o\" type=\"link\" id=\"https:\/\/www.youtube.com\/watch?v=u7iDyhoI7_o\" rel=\"nofollow noopener\" target=\"_blank\">Pa kufij<\/a>\u201c. Previously also entering in 2022 with \u201c<a href=\"https:\/\/www.youtube.com\/watch?v=7vLmkRLkm_M\" type=\"link\" id=\"https:\/\/www.youtube.com\/watch?v=7vLmkRLkm_M\" rel=\"nofollow noopener\" target=\"_blank\">Jet\u00ebn ta fal<\/a>\u201d and 2024 with \u201c<a href=\"https:\/\/www.youtube.com\/watch?v=GpcUcPst4AY\" type=\"link\" id=\"https:\/\/www.youtube.com\/watch?v=GpcUcPst4AY\" rel=\"nofollow noopener\" target=\"_blank\">Qiell apo ferr<\/a>\u201c.<\/p>\n<p>\ud83c\udde6\ud83c\uddf2 Armenia<\/p>\n<p><a href=\"https:\/\/www.instagram.com\/_altsight_\/\" type=\"link\" id=\"https:\/\/www.instagram.com\/_altsight_\/\" rel=\"nofollow noopener\" target=\"_blank\">ALTSIGHT<\/a> \u2013 Alternative rock band who previously reached the Depi Evratseil semi final in 2018 with \u201c<a href=\"https:\/\/www.youtube.com\/watch?v=_2U_0j61-hU\" type=\"link\" id=\"https:\/\/www.youtube.com\/watch?v=_2U_0j61-hU\" rel=\"nofollow noopener\" target=\"_blank\">Stare at Me<\/a>\u201d and later the final in 2025 with \u201c<a href=\"https:\/\/www.youtube.com\/watch?v=Lcz_4e3_6JE\" type=\"link\" id=\"https:\/\/www.youtube.com\/watch?v=Lcz_4e3_6JE\" rel=\"nofollow noopener\" target=\"_blank\">Dare to Dream<\/a>\u201c.<br \/>\n<a href=\"https:\/\/www.instagram.com\/georgeharutyun\/\" rel=\"nofollow noopener\" target=\"_blank\">Gevorg Harutyunyan<\/a> \u2013 Singer who has participated in Depi Evratesil three times. Most recently in 2025 with the entry \u201c<a href=\"https:\/\/www.youtube.com\/watch?v=f0lCl4A5hzI\" type=\"link\" id=\"https:\/\/www.youtube.com\/watch?v=f0lCl4A5hzI\" rel=\"nofollow noopener\" target=\"_blank\">Hey Man<\/a>\u201c. Previously he also appeared at the competition in 2017 and again in 2018 with the entry \u201c<a href=\"https:\/\/www.youtube.com\/watch?v=xiv8qMYbgns\" type=\"link\" id=\"https:\/\/www.youtube.com\/watch?v=xiv8qMYbgns\" rel=\"nofollow noopener\" target=\"_blank\">Stand Up<\/a>\u201c.<\/p>\n<p>\ud83c\udde6\ud83c\uddfa Australia<\/p>\n<p><a href=\"https:\/\/www.instagram.com\/bellapaigeofficial\/\" type=\"link\" id=\"https:\/\/www.instagram.com\/bellapaigeofficial\/\" rel=\"nofollow noopener\" target=\"_blank\">Bella Paige<\/a> \u2013 Singer who represented Australia at their debut at Junior Eurovision in 2015 with the entry \u201c<a href=\"https:\/\/www.youtube.com\/watch?v=t3B8swgwt64\" type=\"link\" id=\"https:\/\/www.youtube.com\/watch?v=t3B8swgwt64\" rel=\"nofollow noopener\" target=\"_blank\">My Girls<\/a>\u201c.<br \/>\n<a href=\"https:\/\/www.instagram.com\/damiim\/\" type=\"link\" id=\"https:\/\/www.instagram.com\/damiim\/\" rel=\"nofollow noopener\" target=\"_blank\">Dami Im<\/a> \u2013 Singer who represented Australia at Eurovision 2016 with the entry \u201c<a href=\"https:\/\/www.youtube.com\/watch?v=5ymFX91HwM0\" type=\"link\" id=\"https:\/\/www.youtube.com\/watch?v=5ymFX91HwM0\" rel=\"nofollow noopener\" target=\"_blank\">Sound of Silence<\/a>\u201c, maintaining Australia\u2019s best result at the contest to date ever since.<\/p>\n<p>\ud83c\udde6\ud83c\uddf9 Austria<\/p>\n<p>\ud83c\udde6\ud83c\uddff Azerbaijan<\/p>\n<p><a href=\"https:\/\/www.instagram.com\/thisiseldar\/\" type=\"link\" id=\"https:\/\/www.instagram.com\/thisiseldar\/\" rel=\"nofollow noopener\" target=\"_blank\">Eldar<\/a> \u2013 Singer who, alongside Nikki Jamal, became Azerbaijan\u2019s first winners of Eurovision in 2011 with the entry \u201c<a href=\"https:\/\/www.youtube.com\/watch?v=_0tlQUW5X0U\" type=\"link\" id=\"https:\/\/www.youtube.com\/watch?v=_0tlQUW5X0U\" rel=\"nofollow noopener\" target=\"_blank\">Running Scared<\/a>\u201c, then returning the following year as the host of the contest before becoming a mentor for several Azeri acts at the contest in the 2020s.<br \/>\n<a href=\"https:\/\/www.instagram.com\/emiliyayaqubova\/\" rel=\"nofollow noopener\" target=\"_blank\">Emy Lia<\/a> \u2013 Singer who participated in Milli Se\u00e7im Turu 2011 in a bid to represent Azerbaijan at Eurovision, later shortlisted for internal selection of Azerbaijan for Eurovision 2024.<\/p>\n<p>\ud83c\udde7\ud83c\uddea Belgium<\/p>\n<p><a href=\"https:\/\/www.instagram.com\/sarinamusicofficial\/\" rel=\"nofollow noopener\" target=\"_blank\">Sarina Cohn <\/a>\u2013 Singer and pianist who participated in Eurovision 2011: Qui? A vous de choisir!, Belgium\u2019s selection show, with the entry \u201c<a href=\"https:\/\/www.youtube.com\/watch?v=Yg8WxY8L1H8&amp;list=RDYg8WxY8L1H8&amp;start_radio=1&amp;pp=ygUTc2FyaW5hIGNvaG4gYmVsZ2l1baAHAQ%3D%3D\" rel=\"nofollow noopener\" target=\"_blank\">Rien en apparence<\/a>\u201c.<\/p>\n<p>\ud83c\udde7\ud83c\uddec Bulgaria<\/p>\n<p>\ud83c\udded\ud83c\uddf7 Croatia<\/p>\n<p><a href=\"https:\/\/www.instagram.com\/ana.kabalin\/\" rel=\"nofollow noopener\" target=\"_blank\">Ana Kabalin<\/a> \u2013 Croatian singer-songwriter who previously provided backing vocals for the Croatian 2003 entry \u201c<a href=\"https:\/\/www.youtube.com\/watch?v=4ZsVBPI05Ng\" rel=\"nofollow noopener\" target=\"_blank\">Vise nisam tvoja<\/a>\u201d and later the Montenegrin 2008 entry \u201c<a href=\"https:\/\/www.youtube.com\/watch?v=x9y6Yb8hFUI\" type=\"link\" id=\"https:\/\/www.youtube.com\/watch?v=x9y6Yb8hFUI\" rel=\"nofollow noopener\" target=\"_blank\">Zauvijek Volim Te<\/a>\u201c.<br \/>\n<a href=\"https:\/\/www.instagram.com\/anandduh\/\" rel=\"nofollow noopener\" target=\"_blank\">Ananda<\/a> \u2013 Croatian singer-songwriter, double hopeful at Dora 2025 and 2026 with the songs \u201c<a href=\"https:\/\/youtu.be\/A50uZ2bzSjw?si=U-GRu3Q42355vfmz\" rel=\"nofollow noopener\" target=\"_blank\">Lies Lay Cold<\/a>\u201d and \u201c<a href=\"https:\/\/youtu.be\/A58VUnsoCYU?si=r5S7nv40KmNhAwFZ\" rel=\"nofollow noopener\" target=\"_blank\">Dora<\/a>\u201c.<br \/>\n<a href=\"https:\/\/www.instagram.com\/fenksta\/\" rel=\"nofollow noopener\" target=\"_blank\">Fenksta<\/a> \u2013 Singer-songwriter that participated in Dora twice. Most recently in 2026 with \u201c<a href=\"https:\/\/youtu.be\/FQO5MlH4ahU?si=rzFdkcuKba-gqxuc\" rel=\"nofollow noopener\" target=\"_blank\">Memento mori<\/a>\u201c, and earlier in 2025 with \u201c<a href=\"https:\/\/youtu.be\/fGosKfgusMI?si=6AQuCb3fB8EpOjGL\" rel=\"nofollow noopener\" target=\"_blank\">Extra<\/a>\u201c.<br \/>\n<a href=\"https:\/\/www.instagram.com\/fran_uccellini\/\" type=\"link\" id=\"https:\/\/www.instagram.com\/fran_uccellini\/\" rel=\"nofollow noopener\" target=\"_blank\">Fran Uccellini<\/a> \u2013 Singer who participated in this year\u2019s edition of Dora with the entry \u201c<a href=\"https:\/\/www.youtube.com\/watch?v=ujoCu7QLmrA\" type=\"link\" id=\"https:\/\/www.youtube.com\/watch?v=ujoCu7QLmrA\" rel=\"nofollow noopener\" target=\"_blank\">Ako bolje bude sutra<\/a>\u201c.<br \/>\n<a href=\"https:\/\/www.instagram.com\/ivan_sever_official\/\" type=\"link\" id=\"https:\/\/www.instagram.com\/ivan_sever_official\/\" rel=\"nofollow noopener\" target=\"_blank\">Ivan Sever<\/a> \u2013 Singer who participated in this year\u2019s edition of Dora with the entry \u201c<a href=\"https:\/\/www.youtube.com\/watch?v=kZ1UBPh03no\" type=\"link\" id=\"https:\/\/www.youtube.com\/watch?v=ujoCu7QLmrA\" rel=\"nofollow noopener\" target=\"_blank\">Crying Eyes<\/a>\u201c.<br \/>\n<a href=\"https:\/\/www.instagram.com\/the_ivxn\/\" type=\"link\" id=\"https:\/\/www.instagram.com\/the_ivxn\/\" rel=\"nofollow noopener\" target=\"_blank\">IVXN<\/a> \u2013 Singer who participated in Dora 2025 with the entry \u201c<a href=\"https:\/\/www.youtube.com\/watch?v=CrPBjXF9om8\" type=\"link\" id=\"https:\/\/www.youtube.com\/watch?v=CrPBjXF9om8\" rel=\"nofollow noopener\" target=\"_blank\">Monopol<\/a>\u201c.<br \/>\nMaja Grgi\u0107 \u2013 Singer who participated in Dora 2023 with the entry \u201c<a href=\"https:\/\/www.youtube.com\/watch?v=ZujM21lZfqc\" rel=\"nofollow noopener\" target=\"_blank\">I Still Live<\/a>\u201c.<br \/>\n<a href=\"https:\/\/www.instagram.com\/miadimsic\/\" rel=\"nofollow noopener\" target=\"_blank\">Mia Dim\u0161i\u0107<\/a> \u2013 Singer who represented Croatia at the 2022 Eurovision Song Contest with the entry \u201c<a href=\"https:\/\/www.youtube.com\/watch?v=9vBQdtW3mJE&amp;list=RD9vBQdtW3mJE&amp;start_radio=1&amp;pp=ygUcbWlhIGRpbcWhacSHIGd1aWx0eSBwbGVhc3VyZaAHAQ%3D%3D\" rel=\"nofollow noopener\" target=\"_blank\">Guilty Pleasure<\/a>\u201c.<br \/>\n<a href=\"https:\/\/www.instagram.com\/nipplepeopleofficial\/\" type=\"link\" id=\"https:\/\/www.instagram.com\/nipplepeopleofficial\/\" rel=\"nofollow noopener\" target=\"_blank\">Nipplepeople<\/a> \u2013 Electronic music duo who participated in Dora 2025 with the entry \u201c<a href=\"https:\/\/www.youtube.com\/watch?v=zpYtQ2aRLz4\" type=\"link\" id=\"https:\/\/www.youtube.com\/watch?v=zpYtQ2aRLz4\" rel=\"nofollow noopener\" target=\"_blank\">Znak<\/a>\u201c.<br \/>\n<a href=\"https:\/\/www.instagram.com\/ogenj_ethno\/\" type=\"link\" id=\"https:\/\/www.instagram.com\/ogenj_ethno\/\" rel=\"nofollow noopener\" target=\"_blank\">Tomislav Mihac Kova\u010di\u0107<\/a> \u2013 Singer-songwriter and leader of the band Ogenj who participated in Dora 2025 with the entry \u201c<a href=\"https:\/\/www.youtube.com\/watch?v=ZRj6iBteM4o\" type=\"link\" id=\"https:\/\/www.youtube.com\/watch?v=ZRj6iBteM4o\" rel=\"nofollow noopener\" target=\"_blank\">Daj, daj<\/a>\u201c, placing 2nd.<\/p>\n<p>\ud83c\udde8\ud83c\uddfe Cyprus<\/p>\n<p>\ud83c\udde8\ud83c\uddff Czechia<\/p>\n<p><a href=\"https:\/\/www.instagram.com\/orphyofficial\/\" rel=\"nofollow noopener\" target=\"_blank\">ORPHY<\/a> \u2013 Czech singer who participated in San Marino Song Contest 2026 with the entry \u201c<a href=\"https:\/\/www.youtube.com\/watch?v=jno-eMSqmU0\" rel=\"nofollow noopener\" target=\"_blank\">Rise Again<\/a>\u201c.<\/p>\n<p>\ud83c\udde9\ud83c\uddf0 Denmark<\/p>\n<p><a href=\"https:\/\/www.instagram.com\/bryanricemusic\/\" type=\"link\" id=\"https:\/\/www.instagram.com\/bryanricemusic\/\" rel=\"nofollow noopener\" target=\"_blank\">Bryan Rice<\/a> \u2013 Singer who came second in Dansk Melodi Grand Prix 2010 with the entry \u201c<a href=\"https:\/\/www.youtube.com\/watch?v=xkjDBLK4Msc\" type=\"link\" id=\"https:\/\/www.youtube.com\/watch?v=xkjDBLK4Msc\" rel=\"nofollow noopener\" target=\"_blank\">Breathing<\/a>\u201c, later competing again in 2014 with the entry \u201c<a href=\"https:\/\/www.youtube.com\/watch?v=yVTQlKlQiTY\" type=\"link\" id=\"https:\/\/www.youtube.com\/watch?v=yVTQlKlQiTY\" rel=\"nofollow noopener\" target=\"_blank\">I Choose U<\/a>\u201c.<br \/>\n<a href=\"https:\/\/www.instagram.com\/peter_dq_andersen\/\" type=\"link\" id=\"https:\/\/www.instagram.com\/peter_dq_andersen\/\" rel=\"nofollow noopener\" target=\"_blank\">DQ<\/a> \u2013 Drag persona of Danish singer Peter Andersen who represented Denmark in 2007 with the entry \u201c<a href=\"https:\/\/www.youtube.com\/watch?v=T_gQOqKJ9ck\" type=\"link\" id=\"https:\/\/www.youtube.com\/watch?v=T_gQOqKJ9ck\" rel=\"nofollow noopener\" target=\"_blank\">Drama Queen<\/a>\u201c.<br \/>\n<a href=\"https:\/\/www.instagram.com\/timschou\/\" type=\"link\" id=\"https:\/\/www.instagram.com\/timschou\/\" rel=\"nofollow noopener\" target=\"_blank\">Tim Schou<\/a> \u2013 Singer who represented Denmark in Eurovision 2011 as part of A Friend in London with the entry \u201c<a href=\"https:\/\/www.youtube.com\/watch?v=YDXeK0r3aKs\" type=\"link\" id=\"https:\/\/www.youtube.com\/watch?v=YDXeK0r3aKs\" rel=\"nofollow noopener\" target=\"_blank\">New Tomorrow<\/a>\u201c. Later returning to Dansk Melodi Grand Prix in 2025 with the entry \u201c<a href=\"https:\/\/www.youtube.com\/watch?v=vncKeTymJIw\" type=\"link\" id=\"https:\/\/www.youtube.com\/watch?v=vncKeTymJIw\" rel=\"nofollow noopener\" target=\"_blank\">Proud<\/a>\u201c. <\/p>\n<p>\ud83c\uddea\ud83c\uddea Estonia<\/p>\n<p>\ud83c\uddeb\ud83c\uddee Finland<\/p>\n<p><a href=\"https:\/\/www.instagram.com\/aijapuurtinen\/\" rel=\"nofollow noopener\" target=\"_blank\">Aija Puurtinen<\/a> \u2013 Vocal coach who provided backing vocals for the 2023 Finnish entry \u201c<a href=\"https:\/\/www.youtube.com\/watch?v=l6rS8Dv5g-8\" type=\"link\" id=\"https:\/\/www.youtube.com\/watch?v=l6rS8Dv5g-8\" rel=\"nofollow noopener\" target=\"_blank\">Cha Cha Cha<\/a>\u201d as well as a member of the Finnish jury at Eurovision in 2015 and 2018.<br \/>\n<a href=\"https:\/\/www.instagram.com\/anttipaalanen\/\" type=\"link\" id=\"https:\/\/www.instagram.com\/anttipaalanen\/\" rel=\"nofollow noopener\" target=\"_blank\">Antti Paalanen<\/a> \u2013 Runner-up in this year\u2019s UMK with the entry \u201c<a href=\"https:\/\/www.youtube.com\/watch?v=BQNMBYSvFVQ\" rel=\"nofollow noopener\" target=\"_blank\">Takatukka<\/a>\u201c.<br \/>\n<a href=\"https:\/\/www.instagram.com\/kristasiegfrids\/\" rel=\"nofollow noopener\" target=\"_blank\">Krista Siegfrids<\/a> \u2013 Finnish singer and TV presenter who represented Finland in 2013 with the entry \u201c<a href=\"https:\/\/www.youtube.com\/watch?v=dlBXOveVh7c\" type=\"link\" id=\"https:\/\/www.youtube.com\/watch?v=dlBXOveVh7c\" rel=\"nofollow noopener\" target=\"_blank\">Marry Me<\/a>\u201c. Later participating in Melodifestivalen twice and hosting Finland\u2019s selection UMK from 2016-2020.<br \/>\n<a href=\"https:\/\/www.instagram.com\/wivolin\/\" type=\"link\" id=\"https:\/\/www.instagram.com\/wivolin\/\" rel=\"nofollow noopener\" target=\"_blank\">Mikko Wivolin<\/a> \u2013 Finnish DJ and warm-up act at UMK.<\/p>\n<p>\ud83c\uddeb\ud83c\uddf7 France<\/p>\n<p><a href=\"https:\/\/www.instagram.com\/lbdelph\/\" type=\"link\" id=\"https:\/\/www.instagram.com\/lbdelph\/\" rel=\"nofollow noopener\" target=\"_blank\">Delphine Elb\u00e9<\/a> \u2013 Singer and vocal coach who provided backing vocals for French Eurovision entries \u201c<a href=\"https:\/\/www.youtube.com\/watch?v=tJful-Jtc9o\" type=\"link\" id=\"https:\/\/www.youtube.com\/watch?v=tJful-Jtc9o\" rel=\"nofollow noopener\" target=\"_blank\">N\u2019oubliez Pas<\/a>\u201d in 2015 and \u201c<a href=\"https:\/\/www.youtube.com\/watch?v=-aLPsiyavcU\" type=\"link\" id=\"https:\/\/www.youtube.com\/watch?v=-aLPsiyavcU\" rel=\"nofollow noopener\" target=\"_blank\">J\u2019ai cherch\u00e9<\/a>\u201d in 2016, later returning in 2019 to be on the French Eurovision jury.<br \/>\n<a href=\"https:\/\/www.instagram.com\/maryonista\/\" type=\"link\" id=\"https:\/\/www.instagram.com\/maryonista\/\" rel=\"nofollow noopener\" target=\"_blank\">M\u00e4ryon<\/a> \u2013 French singer who represented Monaco in Eurovision 2004 with the entry \u201c<a href=\"https:\/\/www.youtube.com\/watch?v=I9iRRVcuWak\" type=\"link\" id=\"https:\/\/www.youtube.com\/watch?v=I9iRRVcuWak\" rel=\"nofollow noopener\" target=\"_blank\">Notre Plan\u00e8te<\/a>\u201c.<br \/>\n<a href=\"https:\/\/www.instagram.com\/masoeofficiel\/\" type=\"link\" id=\"https:\/\/www.instagram.com\/masoeofficiel\/\" rel=\"nofollow noopener\" target=\"_blank\">Masoe<\/a> \u2013 Singer who participated in Destination Eurovision in 2018 with the entry \u201c<a href=\"https:\/\/www.youtube.com\/watch?v=3lWgrKqJhuI\" type=\"link\" id=\"https:\/\/www.youtube.com\/watch?v=3lWgrKqJhuI\" rel=\"nofollow noopener\" target=\"_blank\">Paradis<\/a>\u201c.<br \/>\n<a href=\"https:\/\/www.instagram.com\/nathaliepaqueofficial\/\" rel=\"nofollow noopener\" target=\"_blank\">Nathalie P\u00e2que<\/a> \u2013 Singer who holds the record for being the youngest singer to compete at the Eurovision Song Contest. Nathalie was 11 years old when she performed \u201c<a href=\"https:\/\/www.youtube.com\/watch?v=f9rxnwHbg8A&amp;pp=ygUebmF0aGFsaWUgcGFxdWUgZXVyb3Zpc2lvbiAxOTg5\" rel=\"nofollow noopener\" target=\"_blank\">J\u2019ai vol\u00e9 la vie<\/a>\u201d for France at Eurovision 1989.<\/p>\n<p>\ud83c\uddec\ud83c\uddea Georgia<\/p>\n<p>\ud83c\udde9\ud83c\uddea Germany<\/p>\n<p><a href=\"https:\/\/www.instagram.com\/anne.im\/\" type=\"link\" id=\"https:\/\/www.instagram.com\/anne.im\/\" rel=\"nofollow noopener\" target=\"_blank\">Anne Im<\/a> \u2013 Finalist of Ich will zum ESC! in 2024 with the entry \u201c<a href=\"https:\/\/www.youtube.com\/watch?v=YgjHXItpO8w\" type=\"link\" id=\"https:\/\/www.youtube.com\/watch?v=YgjHXItpO8w\" rel=\"nofollow noopener\" target=\"_blank\">Yellow Brick Road<\/a>\u201c, a competition to secure a place at the German selection show of the same year.<br \/>\n<a href=\"https:\/\/www.instagram.com\/faunofficial\/\" type=\"link\" id=\"https:\/\/www.instagram.com\/faunofficial\/\" rel=\"nofollow noopener\" target=\"_blank\">Faun<\/a> \u2013 German band fronted by Oliver Satyr who participated in Unser Song f\u00fcr \u00d6sterreich 2015 with the entries \u201c<a href=\"https:\/\/www.youtube.com\/watch?v=ZFtb4YMuk38\" type=\"link\" id=\"https:\/\/www.youtube.com\/watch?v=ZFtb4YMuk38\" rel=\"nofollow noopener\" target=\"_blank\">Abschied<\/a>\u201d and \u201c<a href=\"https:\/\/www.youtube.com\/watch?v=G7i_qKft3ZA\" type=\"link\" id=\"https:\/\/www.youtube.com\/watch?v=G7i_qKft3ZA\" rel=\"nofollow noopener\" target=\"_blank\">H\u00f6rst du die Trommeln<\/a>\u201c.<br \/>\n<a href=\"https:\/\/www.instagram.com\/mariko_musik\/\" type=\"link\" id=\"https:\/\/www.instagram.com\/mariko_musik\/\" rel=\"nofollow noopener\" target=\"_blank\">MariKo<\/a> \u2013 German music duo who auditioned for Luxembourg Song Contest 2026 and later appeared at the contest as an <a href=\"https:\/\/www.youtube.com\/watch?v=TfefTkxtw8Q\" type=\"link\" id=\"https:\/\/www.youtube.com\/watch?v=TfefTkxtw8Q\" rel=\"nofollow noopener\" target=\"_blank\">interval act<\/a>.<br \/>\n<a href=\"https:\/\/www.instagram.com\/ralphsiegelofficial\/?hl=en-gb\" rel=\"nofollow noopener\" target=\"_blank\">Ralph Siegel <\/a>\u2013 German songwriter and producer behind 24 Eurovision songs, including Germany\u2019s first winning song \u201c<a href=\"https:\/\/www.youtube.com\/watch?v=hp_b-095yPc&amp;list=RDhp_b-095yPc&amp;start_radio=1&amp;pp=ygUUZWluIGJpc3NjaGVuIGZyaWVkZW6gBwE%3D\" rel=\"nofollow noopener\" target=\"_blank\">Ein bisschen Frieden<\/a>\u201c.<br \/>\n<a href=\"https:\/\/www.instagram.com\/rick.jurthe\/\" rel=\"nofollow noopener\" target=\"_blank\">Ryk<\/a> \u2013 Singer who has twice participated in German selection shows, first time placing 3rd in 2018 with the entry \u201c<a href=\"https:\/\/www.youtube.com\/watch?v=2225IS7qyiM\" type=\"link\" id=\"https:\/\/www.youtube.com\/watch?v=2225IS7qyiM\" rel=\"nofollow noopener\" target=\"_blank\">You and I<\/a>\u201d and later placing 3rd again in 2024 with \u201c<a href=\"https:\/\/www.youtube.com\/watch?v=cvqR5pE-ADE\" type=\"link\" id=\"https:\/\/www.youtube.com\/watch?v=cvqR5pE-ADE\" rel=\"nofollow noopener\" target=\"_blank\">Oh Boy<\/a>\u201c.<br \/>\n<a href=\"https:\/\/www.instagram.com\/sophiemaeverauscher\/\" type=\"link\" id=\"https:\/\/www.instagram.com\/sophiemaeverauscher\/\" rel=\"nofollow noopener\" target=\"_blank\">Sophie Rauscher<\/a> \u2013 Singer who participated in Ich will zum ESC! in 2024 in a bid to join Germany\u2019s selection show of the same year.<\/p>\n<p>\ud83c\uddec\ud83c\uddf7 Greece<\/p>\n<p><a href=\"https:\/\/www.instagram.com\/argogr\/\" rel=\"nofollow noopener\" target=\"_blank\">Argo<\/a> \u2013 Greek band that represented Greece at Eurovision 2016 with the entry \u201c<a href=\"https:\/\/www.youtube.com\/watch?v=55ubbjAzwYA\" rel=\"nofollow noopener\" target=\"_blank\">Utopian Land<\/a>\u201c.<br \/>\n<a href=\"https:\/\/www.instagram.com\/garvinalmighty\/\" type=\"link\" id=\"https:\/\/www.instagram.com\/garvinalmighty\/\" rel=\"nofollow noopener\" target=\"_blank\">Garvin<\/a> \u2013 Greek singer who participated in Sing For Greece earlier this year with the entry \u201c<a href=\"https:\/\/www.youtube.com\/watch?v=G-VPDv5UVu8\" rel=\"nofollow noopener\" target=\"_blank\">Back In The Game<\/a>\u201c.<br \/>\n<a href=\"https:\/\/www.instagram.com\/official_mando_\/\" rel=\"nofollow noopener\" target=\"_blank\">Mando <\/a>\u2013 Singer who represented Greece at Eurovision 2003 in Riga, Latvia with \u201c<a href=\"https:\/\/www.youtube.com\/watch?v=gNJ3XgelGUU&amp;pp=ygUWZ3JlZWNlIGV1cm92aXNpb24gMjAwM9IHCQnTCgGHKiGM7w%3D%3D\" rel=\"nofollow noopener\" target=\"_blank\">Never Let You Go<\/a>\u201c.<br \/>\n<a href=\"https:\/\/www.instagram.com\/niksofis\/\" rel=\"nofollow noopener\" target=\"_blank\">Nikos Sofis<\/a> \u2013 Greek songwriter who has had songs compete in eight countries national selection processes over the past decade.<br \/>\n<a href=\"https:\/\/www.instagram.com\/xannovaxan\/\" rel=\"nofollow noopener\" target=\"_blank\">Xannova Xan<\/a> \u2013 Greek-American singer who participated in Greece\u2019s selection Ethnik\u00f3s Telik\u00f3s in 2025 with the entry \u201c<a href=\"https:\/\/www.youtube.com\/watch?v=PEIYBdLROls\" rel=\"nofollow noopener\" target=\"_blank\">Play It!<\/a>\u201d and later San Marino Song Contest 2026 with the entry \u201c<a href=\"https:\/\/www.youtube.com\/watch?v=IAFdZMqq_eg\" rel=\"nofollow noopener\" target=\"_blank\">Unbreakable<\/a>\u201c.<\/p>\n<p>\ud83c\uddee\ud83c\uddf9 Italy<\/p>\n<p>\ud83c\uddf1\ud83c\uddfb Latvia<\/p>\n<p><a href=\"https:\/\/www.instagram.com\/honeyblueofficial\/\" type=\"link\" id=\"https:\/\/www.instagram.com\/honeyblueofficial\/\" rel=\"nofollow noopener\" target=\"_blank\">Honey Blue<\/a> \u2013 Latvian band who participated in Supernova this year with the entry \u201c<a href=\"https:\/\/www.youtube.com\/watch?v=iCoX1LOyCxk\" rel=\"nofollow noopener\" target=\"_blank\">Blue Disco<\/a>\u201c.<br \/>\n<a href=\"https:\/\/www.instagram.com\/i.am.dzeinis\/\" type=\"link\" id=\"https:\/\/www.instagram.com\/i.am.dzeinis\/\" rel=\"nofollow noopener\" target=\"_blank\">J\u0101nis Rug\u0101js<\/a> \u2013 Singer who participated in Supernova this year with the entry \u201c<a href=\"https:\/\/www.youtube.com\/watch?v=w6yfiYyY9ec\" rel=\"nofollow noopener\" target=\"_blank\">Smoke<\/a>\u201c.<br \/>\n<a href=\"https:\/\/www.instagram.com\/lienegreifane\/\" type=\"link\" id=\"https:\/\/www.instagram.com\/lienegreifane\/\" rel=\"nofollow noopener\" target=\"_blank\">Liene Greif\u0101ne<\/a> \u2013 Singer who participated in Supernova 2018 with the entry \u201c<a href=\"https:\/\/www.youtube.com\/watch?v=KrkOWkk8kuE\" type=\"link\" id=\"https:\/\/www.youtube.com\/watch?v=KrkOWkk8kuE\" rel=\"nofollow noopener\" target=\"_blank\">Walk The Talk<\/a>\u201c.<br \/>\n<a href=\"https:\/\/www.instagram.com\/official.nolark\/\" type=\"link\" id=\"https:\/\/www.instagram.com\/official.nolark\/\" rel=\"nofollow noopener\" target=\"_blank\">Nolark<\/a> \u2013 Latvian singer who participated in Supernova this year with the entry \u201c<a href=\"https:\/\/www.youtube.com\/watch?v=tbsPAB-suHQ\" rel=\"nofollow noopener\" target=\"_blank\">Different Places<\/a>\u201c.<br \/>\n<a href=\"https:\/\/www.instagram.com\/yanakayofficial\/\" type=\"link\" id=\"https:\/\/www.instagram.com\/yanakayofficial\/\" rel=\"nofollow noopener\" target=\"_blank\">Yana Kay<\/a> \u2013 Singer who participated in several Latvian selections in the early 2000s, before representing Latvia in Eurovision 2003 as part of F.L.Y. with the entry \u201c<a href=\"https:\/\/www.youtube.com\/watch?v=9ZgA-UZw25I\" type=\"link\" id=\"https:\/\/www.youtube.com\/watch?v=9ZgA-UZw25I\" rel=\"nofollow noopener\" target=\"_blank\">Hello From Mars<\/a>\u201c.<\/p>\n<p>\ud83c\uddf1\ud83c\uddf9 Lithuania<\/p>\n<p>\ud83c\uddf1\ud83c\uddfa Luxembourg<\/p>\n<p><a href=\"https:\/\/www.instagram.com\/xtian.jacob\/\" rel=\"nofollow noopener\" target=\"_blank\">Christian Jacob<\/a> \u2013 French composer who conducted Luxembourg\u2019s entry \u201c<a href=\"https:\/\/www.youtube.com\/watch?v=mVYyqyuZZYM\" rel=\"nofollow noopener\" target=\"_blank\">Sou fr\u00e4i<\/a>\u201d in 1992.<br \/>\n<a href=\"https:\/\/www.instagram.com\/officialhugoone\/\" rel=\"nofollow noopener\" target=\"_blank\">Hugo One<\/a> \u2013 Singer that participated in Luxembourg Song Contest 2026 with the entry \u201c<a href=\"https:\/\/www.youtube.com\/watch?v=Mm11YVL_EY4\" rel=\"nofollow noopener\" target=\"_blank\">Born Again<\/a>\u201c.<br \/>\nMonique Melsen \u2013 Represented Luxembourg at the Eurovision Song Contest 1971 in Dublin with \u201c<a href=\"https:\/\/www.youtube.com\/watch?v=S1wESMF0Of4&amp;pp=ygUVIlBvbW1lLCBwb21tZSwgcG9tbWUi\" rel=\"nofollow noopener\" target=\"_blank\">Pomme, pomme, pomme<\/a>\u201c.<br \/>\n<a href=\"https:\/\/www.instagram.com\/rafa_ela_music\/\" type=\"link\" id=\"https:\/\/www.instagram.com\/rafa_ela_music\/\" rel=\"nofollow noopener\" target=\"_blank\">Rafa Ela<\/a> \u2013 Twice participant in Luxembourg Song Contest, first in 2024 with the entry \u201c<a href=\"https:\/\/www.youtube.com\/watch?v=ceqFdqpp9PM\" type=\"link\" id=\"https:\/\/www.youtube.com\/watch?v=ceqFdqpp9PM\" rel=\"nofollow noopener\" target=\"_blank\">Drop<\/a>\u201d and later 2025 with the entry \u201c<a href=\"https:\/\/www.youtube.com\/watch?v=vpzpvLr4YB0\" type=\"link\" id=\"https:\/\/www.youtube.com\/watch?v=vpzpvLr4YB0\" rel=\"nofollow noopener\" target=\"_blank\">No Thank You<\/a>\u201c.<br \/>\n<a href=\"https:\/\/www.instagram.com\/shirokuro_music\/\" rel=\"nofollow noopener\" target=\"_blank\">ShiroKuro<\/a> \u2013 Band who competed in the Luxembourg Song Contest 2026 with \u201c<a href=\"https:\/\/www.youtube.com\/watch?v=Z6Ykkpt3wg0&amp;pp=ygUXIkV5ZSB0byBFeWUiIGx1eGVtYm91cmfSBwkJwwoBhyohjO8%3D\" rel=\"nofollow noopener\" target=\"_blank\">Eye to Eye<\/a>\u201c.<br \/>\n<a href=\"https:\/\/www.instagram.com\/thierrymersch\/\" type=\"link\" id=\"https:\/\/www.instagram.com\/thierrymersch\/\" rel=\"nofollow noopener\" target=\"_blank\">Thierry Mersch<\/a> \u2013 Singer who actively campaigned and fundraised to bring Luxembourg back to the Eurovision Song Contest in the 2010s, as well as competing in various selection shows.<\/p>\n<p>\ud83c\uddf2\ud83c\uddf9 Malta<\/p>\n<p>\ud83c\uddf2\ud83c\udde9 Moldova<\/p>\n<p><a href=\"https:\/\/www.instagram.com\/denismidoneofficial\/\" rel=\"nofollow noopener\" target=\"_blank\">Denis Midone<\/a> \u2013 Singer who represented Moldova at the Junior Eurovision Song Contest 2012 with \u201c<a href=\"https:\/\/www.youtube.com\/watch?v=pi2FTTJHUqc&amp;list=RDpi2FTTJHUqc&amp;start_radio=1&amp;pp=ygUMZGVuaXMgbWlkb25loAcB\" rel=\"nofollow noopener\" target=\"_blank\">Toate vor fi<\/a>\u201c, and later entered the Moldovan Eurovision 2020 selection with \u201c<a href=\"https:\/\/www.youtube.com\/watch?v=kXzBaN6ybHc&amp;list=RDkXzBaN6ybHc&amp;start_radio=1&amp;pp=ygURZGVuaXMgbWlkb25lIDIwMjCgBwE%3D\" rel=\"nofollow noopener\" target=\"_blank\">Like a Champion<\/a>\u201c.<br \/>\n<a href=\"https:\/\/www.instagram.com\/katyrain.music\/\" type=\"link\" id=\"https:\/\/www.instagram.com\/katyrain.music\/\" rel=\"nofollow noopener\" target=\"_blank\">Katy Rain<\/a> \u2013 Singer who participated in this year\u2019s Finala Na\u021bional\u0103\u00a0with the entry \u201cDance and Cry\u201d, previously participating in 2022 with \u201c<a href=\"https:\/\/www.youtube.com\/watch?v=lsqn-p5CNk8\" type=\"link\" id=\"https:\/\/www.youtube.com\/watch?v=lsqn-p5CNk8\" rel=\"nofollow noopener\" target=\"_blank\">Lele<\/a>\u201d and 2025 with \u201c<a href=\"https:\/\/www.youtube.com\/watch?v=vyeRwx-g9fA\" type=\"link\" id=\"https:\/\/www.youtube.com\/watch?v=vyeRwx-g9fA\" rel=\"nofollow noopener\" target=\"_blank\">Timpul<\/a>\u201c.<br \/>\n<a href=\"https:\/\/www.instagram.com\/lisicova\/\" rel=\"nofollow noopener\" target=\"_blank\">Olga Lisicova<\/a> \u2013 Singer, also known simply as OL who has twice participated in Finala Na\u021bional\u0103, first in 2023 with \u201c<a href=\"https:\/\/www.youtube.com\/watch?v=Ofk6zo3NZpE\" type=\"link\" id=\"https:\/\/www.youtube.com\/watch?v=Ofk6zo3NZpE\" rel=\"nofollow noopener\" target=\"_blank\">Why You Play It Cool<\/a>\u201d and later 2024 with \u201c<a href=\"https:\/\/www.youtube.com\/watch?v=ubuIdLMEItg\" type=\"link\" id=\"https:\/\/www.youtube.com\/watch?v=ubuIdLMEItg\" rel=\"nofollow noopener\" target=\"_blank\">No Time No Space<\/a>\u201c.<br \/>\n<a href=\"https:\/\/www.instagram.com\/victor_gulick\/\" rel=\"nofollow noopener\" target=\"_blank\">Victor Gulick<\/a> \u2013 Singer who participated in Moldova\u2019s Eurovision selection twice \u2013 in 2023 with \u201c<a href=\"https:\/\/www.youtube.com\/watch?v=4LpTY46Nj3Q&amp;list=RD4LpTY46Nj3Q&amp;start_radio=1&amp;pp=ygUYdmljdG9yIGd1aWxpayBldXJvdmlzaW9uoAcB0gcJCcMKAYcqIYzv\" rel=\"nofollow noopener\" target=\"_blank\">Let\u2019s Dance<\/a>\u201d and in 2024 with \u201c<a href=\"https:\/\/www.youtube.com\/watch?v=xUbbdtNr1HE&amp;list=RDxUbbdtNr1HE&amp;start_radio=1&amp;pp=ygUYdmljdG9yIGd1aWxpayBldXJvdmlzaW9uoAcB0gcJCcMKAYcqIYzv\" rel=\"nofollow noopener\" target=\"_blank\">Fever<\/a>\u201c.<\/p>\n<p>\ud83c\uddf2\ud83c\uddea Montenegro<\/p>\n<p><a href=\"https:\/\/www.instagram.com\/djordje_savkovic\/\" type=\"link\" id=\"https:\/\/www.instagram.com\/djordje_savkovic\/\" rel=\"nofollow noopener\" target=\"_blank\">\u0110or\u0111e Savkovi\u0107<\/a> \u2013 Singer who participated in Montesong this year with the entry \u201c<a href=\"https:\/\/www.youtube.com\/watch?v=Xy-shGJeynM&amp;list=RDXy-shGJeynM&amp;start_radio=1&amp;pp=ygUaZGpvcmRqZSBzYXZrb3ZpYyBtb250ZXNvbmegBwHSBwkJwwoBhyohjO8%3D\" rel=\"nofollow noopener\" target=\"_blank\">Temperatura<\/a>\u201c.<br \/>\n<a href=\"https:\/\/www.instagram.com\/djurdja_7\/\" type=\"link\" id=\"https:\/\/www.instagram.com\/djurdja_7\/\" rel=\"nofollow noopener\" target=\"_blank\">\u0110ur\u0111a<\/a> \u2013 Singer who participated in Montesong this year with the entry \u201c<a href=\"https:\/\/www.youtube.com\/watch?v=tLUSrRVS3T8&amp;list=RDtLUSrRVS3T8&amp;start_radio=1&amp;pp=ygUPZHVyZGUgbW9udGVzb25noAcB\" rel=\"nofollow noopener\" target=\"_blank\">Dominos<\/a>\u201c.<br \/>\n<a href=\"https:\/\/www.instagram.com\/emel.franca\/\" type=\"link\" id=\"https:\/\/www.instagram.com\/emel.franca\/\" rel=\"nofollow noopener\" target=\"_blank\">Emel Franca<\/a> \u2013 Singer who represented Montenegro at Eurovision 2019 as part of the group D Mol with the entry \u201c<a href=\"https:\/\/www.youtube.com\/watch?v=oV200JAouTc\" type=\"link\" id=\"https:\/\/www.youtube.com\/watch?v=oV200JAouTc\" rel=\"nofollow noopener\" target=\"_blank\">Heaven<\/a>\u201c.<br \/>\n<a href=\"https:\/\/www.instagram.com\/ellenas_dad\/\" rel=\"nofollow noopener\" target=\"_blank\">Stevan Faddy<\/a> \u2013 Singer, composer and producer who represented Montenegro on their debut in Eurovision 2007 with \u201c<a href=\"https:\/\/www.youtube.com\/watch?v=mNXURugfanw&amp;pp=ygUPIidBamRlLCBrcm_EjWki\" rel=\"nofollow noopener\" target=\"_blank\">\u2018Ajde, kro\u010di<\/a>\u201c, now founder and director of Cattaro Junior and Cattaro Teen.<\/p>\n<p>\ud83c\uddf3\ud83c\uddf4 Norway<\/p>\n<p><a href=\"https:\/\/www.instagram.com\/iamelsiebay\/\" rel=\"nofollow noopener\" target=\"_blank\">Elsie Bay<\/a> \u2013 Norwegian singer-songwriter who participated in Melodi Grand Prix twice \u2013 in 2022 with \u201c<a href=\"https:\/\/www.youtube.com\/watch?v=DzF5qqxoFLE&amp;list=RDDzF5qqxoFLE&amp;start_radio=1&amp;pp=ygUJZWxzaWUgYmF5oAcB\" rel=\"nofollow noopener\" target=\"_blank\">Death of Us<\/a>\u201c, and 2023 with \u201c<a href=\"https:\/\/www.youtube.com\/watch?v=YkvufCf7QBI&amp;list=RDYkvufCf7QBI&amp;start_radio=1&amp;pp=ygUJZWxzaWUgYmF5oAcB\" rel=\"nofollow noopener\" target=\"_blank\">Love You In A Dream<\/a>\u201c.<br \/>\n<a href=\"https:\/\/www.instagram.com\/mariannepenthaofficial\/\" rel=\"nofollow noopener\" target=\"_blank\">Marianne Pentha<\/a> \u2013 Singer who participated in Melodi Grand Prix 2021 alongside Mikkel Gaup with the entry \u201c<a href=\"https:\/\/www.youtube.com\/watch?v=mbjS_S_QT34&amp;list=RDmbjS_S_QT34&amp;start_radio=1&amp;pp=ygUPbWFyaWFubmUgcGVudGhhoAcB\" rel=\"nofollow noopener\" target=\"_blank\">Pages<\/a>\u201c.<br \/>\n<a href=\"https:\/\/www.instagram.com\/mathildespz\/\" rel=\"nofollow noopener\" target=\"_blank\">Mathilde SPZ<\/a> \u2013 Singer who participated in Melodi Grand Prix 2024 with the entry \u201c<a href=\"https:\/\/www.youtube.com\/watch?v=ZAlg4K9Tld8&amp;list=RDZAlg4K9Tld8&amp;start_radio=1&amp;pp=ygUMbWF0aGlsZGUgc3B6oAcB\" rel=\"nofollow noopener\" target=\"_blank\">Woman Show<\/a>\u201d and this year hosted the Nordic Eurovision Party in Oslo.<br \/>\n<a href=\"https:\/\/www.instagram.com\/skrellexskrellex\/\" rel=\"nofollow noopener\" target=\"_blank\">Skrellex<\/a> \u2013 Norwegian singer who participated in Melodi Grand Prix twice \u2013 in 2023 with \u201c<a href=\"https:\/\/www.youtube.com\/watch?v=Dd6ZX9KA4O8&amp;list=RDDd6ZX9KA4O8&amp;start_radio=1&amp;pp=ygUac2tyZWxsZXggbWVsb2RpIGdyYW5kIHByaXigBwE%3D\" rel=\"nofollow noopener\" target=\"_blank\">Love Again<\/a>\u201c, and this year with \u201c<a href=\"https:\/\/www.youtube.com\/watch?v=5dh_RUfE5kY&amp;list=RD5dh_RUfE5kY&amp;start_radio=1&amp;pp=ygUac2tyZWxsZXggbWVsb2RpIGdyYW5kIHByaXigBwE%3D\" rel=\"nofollow noopener\" target=\"_blank\">Into The Wild<\/a>\u201c<br \/>\n<a href=\"https:\/\/www.instagram.com\/star_guy_erlend\/\" rel=\"nofollow noopener\" target=\"_blank\">Star Guy<\/a> \u2013 Norwegian artist who last year represented Ireland with sister Emmy and the entry \u201c<a href=\"https:\/\/www.youtube.com\/watch?v=3MB628Kanzo\" type=\"link\" id=\"https:\/\/www.youtube.com\/watch?v=3MB628Kanzo\" rel=\"nofollow noopener\" target=\"_blank\">Laika Party<\/a>\u201d before this year competing in San Marino Song Contest with the entry \u201c<a href=\"https:\/\/www.youtube.com\/watch?v=NrMxsjuS89w\" type=\"link\" id=\"https:\/\/www.youtube.com\/watch?v=NrMxsjuS89w\" rel=\"nofollow noopener\" target=\"_blank\">Star Shadez<\/a>\u201d as a solo act.<\/p>\n<p>\ud83c\uddf5\ud83c\uddf1 Poland<\/p>\n<p>\ud83c\uddf5\ud83c\uddf9 Portugal<\/p>\n<p>\ud83c\uddf7\ud83c\uddf4 Romania<\/p>\n<p><a href=\"https:\/\/www.instagram.com\/alexandra_craescu\/\" rel=\"nofollow noopener\" target=\"_blank\">Alexandra Cr\u0103escu<\/a> \u2013 Singer who participated in Selectia Nationala most recently this year with the entry \u201c<a href=\"https:\/\/youtu.be\/VsrcB6bs27U?si=Q3fRV0hREQTnXfGC\" rel=\"nofollow noopener\" target=\"_blank\">iELE<\/a>\u201c, and earlier in 2017 with \u201c<a href=\"https:\/\/www.youtube.com\/watch?v=_kaHBirD_Sg&amp;list=RD_kaHBirD_Sg&amp;start_radio=1&amp;pp=ygUqQWxleGFuZHJhIENyxINlc2N1IHNlbGVjdGlhIG5hdGlvbmFsYSAyMDE3oAcB\" rel=\"nofollow noopener\" target=\"_blank\">Hope<\/a>\u201c. She also provided backing vocals for Romania\u2019s Eurovision 2010 entry \u201c<a href=\"https:\/\/www.youtube.com\/watch?v=J9EtMZXeQZw&amp;pp=ygUccGxheWluZyB3aXRoIGZpcmUgZXVyb3Zpc2lvbg%3D%3D\" rel=\"nofollow noopener\" target=\"_blank\">Playing With Fire<\/a>\u201c.<br \/>\n<a href=\"https:\/\/www.instagram.com\/nicola_artist\/\" rel=\"nofollow noopener\" target=\"_blank\">Nicola <\/a>\u2013 Singer who represented Romania at Eurovision 2003 with the entry \u201c<a type=\"link\" href=\"https:\/\/www.youtube.com\/watch?v=joZvkeX4R3Q\" id=\"https:\/\/www.youtube.com\/watch?v=joZvkeX4R3Q\" rel=\"nofollow noopener\" target=\"_blank\">Don\u2019t Break My Heart<\/a>\u201c, having participated in nine Romanian selection show since 1993, most recently 2019 with \u201c<a type=\"link\" href=\"https:\/\/www.youtube.com\/watch?v=CISZEKNbb0k\" id=\"https:\/\/www.youtube.com\/watch?v=CISZEKNbb0k\" rel=\"nofollow noopener\" target=\"_blank\">Weight of the World<\/a>\u201c.<br \/>\nRoxen \u2013 Singer who represented Romania at Eurovision 2021 with the entry \u201c<a href=\"https:\/\/www.youtube.com\/watch?v=5ZWcsj_6Log\" type=\"link\" id=\"https:\/\/www.youtube.com\/watch?v=5ZWcsj_6Log\" rel=\"nofollow noopener\" target=\"_blank\">Amnesia<\/a>\u201c, she was also previously scheduled to represent Romania in 2020 with \u201c<a href=\"https:\/\/www.youtube.com\/watch?v=TmqSU3v_Mtw\" type=\"link\" id=\"https:\/\/www.youtube.com\/watch?v=TmqSU3v_Mtw\" rel=\"nofollow noopener\" target=\"_blank\">Alcohol You<\/a>\u201c.<br \/>\n<a href=\"https:\/\/www.instagram.com\/theodorandreiofficial\/\" rel=\"nofollow noopener\" target=\"_blank\">Theodor Andrei<\/a> \u2013 Singer who represented Romania at the 2023 Eurovision Song Contest with \u201c<a href=\"https:\/\/www.youtube.com\/watch?v=NRxv-AUCinQ\" rel=\"nofollow noopener\" target=\"_blank\">D.G.T (Off and On)<\/a>\u201c.<br \/>\n<a href=\"https:\/\/www.instagram.com\/insta.vanu\/\" type=\"link\" id=\"https:\/\/www.instagram.com\/insta.vanu\/\" rel=\"nofollow noopener\" target=\"_blank\">VANU<\/a> \u2013 Finalist in this year\u2019s Selec\u021bia Na\u021bional\u0103\u00a0with the entry \u201c<a href=\"https:\/\/www.youtube.com\/watch?v=Bt9ksc6tXKE\" type=\"link\" id=\"https:\/\/www.youtube.com\/watch?v=Bt9ksc6tXKE\" rel=\"nofollow noopener\" target=\"_blank\">Therapy Enemy<\/a>\u201c. He previously participated in 2002 with \u201c<a href=\"https:\/\/www.youtube.com\/watch?v=4mHo8ryaxSc\" type=\"link\" id=\"https:\/\/www.youtube.com\/watch?v=4mHo8ryaxSc\" rel=\"nofollow noopener\" target=\"_blank\">Never Give Up<\/a>\u201c.<\/p>\n<p>\ud83c\uddf8\ud83c\uddf2 San Marino<\/p>\n<p><a href=\"https:\/\/www.instagram.com\/matiasferreiraa\/\" type=\"link\" id=\"https:\/\/www.instagram.com\/matiasferreiraa\/\" rel=\"nofollow noopener\" target=\"_blank\">Matias Ferreira<\/a> \u2013 Spanish singer who was a finalist in this year\u2019s San Marino Song Contest with the entry \u201c<a href=\"https:\/\/www.youtube.com\/watch?v=VNqSjq9cklk&amp;list=RDVNqSjq9cklk&amp;start_radio=1&amp;pp=ygUPbWF0aWFzIGZlcnJlaXJhoAcB\" rel=\"nofollow noopener\" target=\"_blank\">PAURA<\/a>\u201c.<br \/>\n<a href=\"https:\/\/www.instagram.com\/myky_petillo\/\" type=\"link\" id=\"https:\/\/www.instagram.com\/myky_petillo\/\" rel=\"nofollow noopener\" target=\"_blank\">Myky<\/a> \u2013 Italian singer who was a finalist in this year\u2019s San Marino Song Contest with the entry \u201c<a href=\"https:\/\/www.youtube.com\/watch?v=yMjnjnVXfr0\" type=\"link\" id=\"https:\/\/www.youtube.com\/watch?v=yMjnjnVXfr0\" rel=\"nofollow noopener\" target=\"_blank\">Outta Tune<\/a>\u201c.<\/p>\n<p>\ud83c\uddf7\ud83c\uddf8 Serbia<\/p>\n<p>\ud83c\udde8\ud83c\udded Switzerland<\/p>\n<p><a href=\"https:\/\/www.instagram.com\/bella.c.music\/\" type=\"link\" id=\"https:\/\/www.instagram.com\/bella.c.music\/\" rel=\"nofollow noopener\" target=\"_blank\">Bella C<\/a> \u2013 Singer, composer and pianist who previously participated in ESC 2016 \u2013<br \/>die Entscheidungsshow with the entry \u201c<a href=\"https:\/\/www.youtube.com\/watch?v=J_4VBnD7M0E\" type=\"link\" id=\"https:\/\/www.youtube.com\/watch?v=J_4VBnD7M0E\" rel=\"nofollow noopener\" target=\"_blank\">Another World<\/a>\u201c.<br \/>\n<a href=\"https:\/\/www.instagram.com\/melfr\/\" type=\"link\" id=\"https:\/\/www.instagram.com\/melfr\/\" rel=\"nofollow noopener\" target=\"_blank\">M\u00e9lanie Freymond<\/a> \u2013 Swiss TV presenter who hosted the secondary event \u201cArena Plus\u201d at the Eurovision Song Contest 2025 in Basel, spokesperson for Switzerland at the contest in both 2013 and 2025.<\/p>\n<p>\ud83c\uddfa\ud83c\udde6 Ukraine<\/p>\n<p><a href=\"https:\/\/www.instagram.com\/anka.korchenova\/\" type=\"link\" id=\"https:\/\/www.instagram.com\/anka.korchenova\/\" rel=\"nofollow noopener\" target=\"_blank\">ANKA<\/a> \u2013 Singer who participated in Vidbir 2024 with the entry \u201c<a href=\"https:\/\/www.youtube.com\/watch?v=WecZu_RyPVs\" type=\"link\" id=\"https:\/\/www.youtube.com\/watch?v=WecZu_RyPVs\" rel=\"nofollow noopener\" target=\"_blank\">Palala<\/a>\u201c.<br \/>\nBAH.ROMA \u2013 Ukrainian group who first participated in Vidbir 2011 with the entry <a href=\"https:\/\/eurovisionworld.com\/national\/ukraine\/vidbir-2011\/bahroma-yeyo-imya\" rel=\"nofollow noopener\" target=\"_blank\">\u201c<\/a><a href=\"https:\/\/www.youtube.com\/watch?v=R9GOU2JJ0RQ\" type=\"link\" id=\"https:\/\/www.youtube.com\/watch?v=R9GOU2JJ0RQ\" rel=\"nofollow noopener\" target=\"_blank\">Yeyo imya<\/a><a href=\"https:\/\/eurovisionworld.com\/national\/ukraine\/vidbir-2011\/bahroma-yeyo-imya\" rel=\"nofollow noopener\" target=\"_blank\">\u201c<\/a> and later in 2019 with the entry \u201c<a href=\"https:\/\/www.youtube.com\/watch?v=nxa66d7TaP4\" type=\"link\" id=\"https:\/\/www.youtube.com\/watch?v=nxa66d7TaP4\" rel=\"nofollow noopener\" target=\"_blank\">Nazavzhdy-Navsegda<\/a>\u201c. More information can be found <a href=\"https:\/\/lnk.bio\/bah.roma\" type=\"link\" id=\"https:\/\/lnk.bio\/bah.roma\" rel=\"nofollow noopener\" target=\"_blank\">here<\/a>.<\/p>\n<p>\ud83c\uddec\ud83c\udde7 United Kingdom<\/p>\n<p><a href=\"https:\/\/www.instagram.com\/alexlarke\/\" rel=\"nofollow noopener\" target=\"_blank\">Alex Larke<\/a> \u2013 Represented the United Kindgom at the 2015 Eurovision Song Contest as part of Electro Velvet with the song \u201c<a href=\"https:\/\/www.youtube.com\/watch?v=Ethyx4A5ajM\" rel=\"nofollow noopener\" target=\"_blank\">Still In Love With You<\/a>\u201c.<br \/>\nDebby Bracknell \u2013 Singer who provided backing vocals for the United Kingdom\u2019s entry at the 2018 Eurovision Song Contest, \u201c<a href=\"https:\/\/www.youtube.com\/watch?v=n0ydtXG-tqY&amp;list=RDn0ydtXG-tqY&amp;start_radio=1&amp;pp=ygULc3Rvcm0gc3VyaWWgBwE%3D\" rel=\"nofollow noopener\" target=\"_blank\">Storm<\/a>\u201d by SuRie.<br \/>\n<a href=\"https:\/\/www.instagram.com\/katrina_leskanich\/\" type=\"link\" id=\"https:\/\/www.instagram.com\/katrina_leskanich\/\" rel=\"nofollow noopener\" target=\"_blank\">Katrina Leskanich<\/a> \u2013 American singer who represented United Kingdom in Eurovision 1997 as lead singer of Katrina and the Waves, winning the contest with \u201c<a href=\"https:\/\/www.youtube.com\/watch?v=KwLBCKA5-ls\" type=\"link\" id=\"https:\/\/www.youtube.com\/watch?v=KwLBCKA5-ls\" rel=\"nofollow noopener\" target=\"_blank\">Love Shine a Light<\/a>\u201c. Later participating in Melodifestivalen and hosting Congratulations: 50 Years of the Eurovision Song Contest both in 2005.<br \/>\n<a href=\"https:\/\/www.instagram.com\/yvescueni\/\" rel=\"nofollow noopener\" target=\"_blank\">Yves Cueni<\/a> \u2013 Dancer and model who provided backing vocals for Finland\u2019s 2018 entry \u201c<a href=\"https:\/\/www.youtube.com\/watch?v=hdjiuCUUpPc&amp;list=RDhdjiuCUUpPc&amp;start_radio=1&amp;pp=ygUXZXVyb3Zpc2lvbiAyMDE4IGZpbmFsbmSgBwE%3D\" rel=\"nofollow noopener\" target=\"_blank\">Monsters<\/a>\u201d and the United Kingdom\u2019s 2021 entry \u201c<a href=\"https:\/\/www.youtube.com\/watch?v=VxNOynEJ6wc&amp;list=RDVxNOynEJ6wc&amp;start_radio=1&amp;pp=ygUSZXVyb3Zpc2lvbiAyMDIxIHVroAcB\" rel=\"nofollow noopener\" target=\"_blank\">Embers<\/a>\u201c.<\/p>\n<p>\ud83c\udf0d Rest of the World<\/p>\n<p>\ud83c\udde7\ud83c\udde6 <a href=\"https:\/\/www.instagram.com\/beatiti68\/\" rel=\"nofollow noopener\" target=\"_blank\">B\u00e9atrice Poulot<\/a> (Bosnia and Herzegovina) \u2013 Singer who represented Bosnia &amp; Herzegovina at the 1999 Eurovision Song Contest alongside Dino Merlin with the song \u201c<a href=\"https:\/\/www.youtube.com\/watch?v=QQ1WdNNBOHA&amp;list=RDQQ1WdNNBOHA&amp;start_radio=1&amp;pp=ygUTcHV0bmljaSBkaW5vIG1lcmxpbqAHAQ%3D%3D\" rel=\"nofollow noopener\" target=\"_blank\">Putnici<\/a>\u201c.<br \/>\n\ud83c\udde7\ud83c\udde6 <a href=\"https:\/\/www.instagram.com\/fuad_backovic_deen_\/\" rel=\"nofollow noopener\" target=\"_blank\">DEEN<\/a> (Bosnia and Herzegovina) \u2013 Singer who represented Bosnia &amp; Herzegovina at their latest appearance at the Eurovision Song Contest in 2016 with \u201c<a href=\"https:\/\/www.youtube.com\/watch?v=QLrXmTB8OaY&amp;list=RDQLrXmTB8OaY&amp;start_radio=1&amp;pp=ygUVZGVlbiBhbmQgZGFsYWwgbWlkaGF0oAcB\" rel=\"nofollow noopener\" target=\"_blank\">Ljubav Je<\/a>\u201d alongside Dalal. He previously represented the country at the 2004 contest as a soloist with the entry \u201c<a href=\"https:\/\/www.youtube.com\/watch?v=23h__RssJQo&amp;list=RD23h__RssJQo&amp;start_radio=1&amp;pp=ygURZGVlbiBpbiB0aGUgZGlzY2-gBwE%3D\" rel=\"nofollow noopener\" target=\"_blank\">In The Disco<\/a>\u201c.<br \/>\n\ud83c\uddee\ud83c\uddf8 <a href=\"https:\/\/www.instagram.com\/eirikurhaukssonofficial\/\" type=\"link\" id=\"https:\/\/www.instagram.com\/eirikurhaukssonofficial\/\" rel=\"nofollow noopener\" target=\"_blank\">Eir\u00edkur Hauksson<\/a> (Iceland) \u2013 Singer who represented Iceland in Eurovision 2007 with \u201c<a href=\"https:\/\/www.youtube.com\/watch?v=e2he47-SC1k&amp;list=RDe2he47-SC1k&amp;start_radio=1&amp;pp=ygUfdmFsZW50aW5lIGxvc3QgZWlyaWt1ciBoYXVrc3NvbqAHAQ%3D%3D\" rel=\"nofollow noopener\" target=\"_blank\">Valentine Lost<\/a>\u201c. Also previously representing Iceland in 1986 as part of ICY with \u201c<a href=\"https:\/\/www.youtube.com\/watch?v=yliSZDpIx0g\" type=\"link\" id=\"https:\/\/www.youtube.com\/watch?v=yliSZDpIx0g\" rel=\"nofollow noopener\" target=\"_blank\">Gle\u00f0ibankinn<\/a>\u201d and in Norway 1991 as part of Just 4 Fun with \u201c<a href=\"https:\/\/www.youtube.com\/watch?v=elqsfrl575s\" type=\"link\" id=\"https:\/\/www.youtube.com\/watch?v=elqsfrl575s\" rel=\"nofollow noopener\" target=\"_blank\">Mrs Thompson<\/a>\u201c.<br \/>\n\ud83c\uddee\ud83c\uddea Eamonn Toal (Ireland) \u2013 Irish singer who represented Ireland in Eurovision 2000 with the entry \u201c<a href=\"https:\/\/www.youtube.com\/watch?v=XzyVv2uIa4s\" type=\"link\" id=\"https:\/\/www.youtube.com\/watch?v=XzyVv2uIa4s\" rel=\"nofollow noopener\" target=\"_blank\">Millennium of Love<\/a>\u201c, having previously provided backing vocals for Ireland in 1995.<br \/>\n\ud83c\uddee\ud83c\uddea <a href=\"https:\/\/www.instagram.com\/kenneth_giles\/\" rel=\"nofollow noopener\" target=\"_blank\">Kenneth Giles<\/a> (Ireland) \u2013 Dancer and owner of Eclipse Stage School who was a member of Ireland\u2019s jury in Eurovision 2018, now presenter of <a href=\"https:\/\/www.instagram.com\/popondown\/\" type=\"link\" id=\"https:\/\/www.instagram.com\/popondown\/\" rel=\"nofollow noopener\" target=\"_blank\">Pop on Down<\/a>.<br \/>\n\ud83c\uddf3\ud83c\uddf1 <a href=\"https:\/\/www.instagram.com\/ralf.mackenbach\/\" type=\"link\" id=\"https:\/\/www.instagram.com\/ralf.mackenbach\/\" rel=\"nofollow noopener\" target=\"_blank\">Ralf Mackenbach<\/a> (Netherlands) \u2013 Dutch singer and physicist who participated in Junior Eurovision 2009 and became the Netherlands only winner to date at the contest with \u201c<a href=\"https:\/\/www.youtube.com\/watch?v=T7JVCz5ImBA\" type=\"link\" id=\"https:\/\/www.youtube.com\/watch?v=T7JVCz5ImBA\" rel=\"nofollow noopener\" target=\"_blank\">Click Clack<\/a>\u201c.<br \/>\n\ud83c\uddf8\ud83c\uddee <a href=\"https:\/\/www.instagram.com\/martina.majerle\/\" rel=\"nofollow noopener\" target=\"_blank\">Martina Majerle<\/a> (Slovenia) \u2013 Represented Slovenia at the Eurovision Song Contest 2009 with <a href=\"https:\/\/www.youtube.com\/watch?v=iYnCb_PdTuY\" rel=\"nofollow noopener\" target=\"_blank\">\u201cLove Symphony<\/a>\u201c, and has also been a backing artist for Croatia 2003 and 2016, Slovenia in 2007, 2011 and 2012, and Montenegro in 2008 and 2014.<br \/>\n\ud83c\uddf8\ud83c\uddee <a href=\"https:\/\/www.instagram.com\/reginakogoj\/\" rel=\"nofollow noopener\" target=\"_blank\">Regina<\/a> (Slovenia) \u2013 Singer who represented Slovenia at the Eurovision Song Contest 1996 with \u201c<a href=\"https:\/\/www.youtube.com\/watch?v=GgNfjsrw4j4&amp;pp=ygUVIkRhbiBuYWpsZXDFoWloIHNhbmoi\" rel=\"nofollow noopener\" target=\"_blank\">Dan najlep\u0161ih sanj<\/a>\u201c.<br \/>\n\ud83c\uddea\ud83c\uddf8 <a href=\"https:\/\/www.instagram.com\/baccaraoficial\/\" type=\"link\" id=\"https:\/\/www.instagram.com\/baccaraoficial\/\" rel=\"nofollow noopener\" target=\"_blank\">Baccara<\/a> (Spain) \u2013 Spanish duo currently consisting of Cristina Sevilla and Mar\u00eda Mendiola. The group had previously represented Luxembourg at Eurovision 1978 with the entry \u201c<a href=\"https:\/\/www.youtube.com\/watch?v=gnlLlTI9brk\" type=\"link\" id=\"https:\/\/www.youtube.com\/watch?v=gnlLlTI9brk\" rel=\"nofollow noopener\" target=\"_blank\">Parlez vous fran\u00e7ais<\/a>\u201d and participated in Melodifestivalen 2004 with the entry \u201c<a href=\"https:\/\/www.youtube.com\/watch?v=bc5cmc1JEO0\" type=\"link\" id=\"https:\/\/www.youtube.com\/watch?v=bc5cmc1JEO0\" rel=\"nofollow noopener\" target=\"_blank\">Soy tu Venus<\/a>\u201c.<br \/>\n\ud83c\uddf9\ud83c\uddf7 <a href=\"https:\/\/www.instagram.com\/tarkan_tuzmen\/\" rel=\"nofollow noopener\" target=\"_blank\">Tarkan T\u00fczmen<\/a> (T\u00fcrkiye) \u2013 Represented Turkey at the Eurovision Song Contest 1998 in Birmingham with \u201c<a href=\"https:\/\/www.youtube.com\/watch?v=zOa-AtCdSzw&amp;pp=ygUSdMO8em1lbiBldXJvdmlzaW9u\" rel=\"nofollow noopener\" target=\"_blank\">Unutamaszin<\/a>\u201c<br \/>\n\ud83c\udde6\ud83c\uddea <a href=\"https:\/\/www.instagram.com\/andreasyourhabibi\/\" type=\"link\" id=\"https:\/\/www.instagram.com\/andreasyourhabibi\/\" rel=\"nofollow noopener\" target=\"_blank\">Andreas Habibi<\/a> (United Arab Emirates) \u2013 Dubai based, Belgian born singer and model who participated in this year\u2019s San Marino Song Contest with the entry \u201c<a href=\"https:\/\/www.youtube.com\/watch?v=d9DDf40gH7E\" type=\"link\" id=\"https:\/\/www.youtube.com\/watch?v=d9DDf40gH7E\" rel=\"nofollow noopener\" target=\"_blank\">All We Need Is Love<\/a>\u201c.<br \/>\n\ud83c\udde6\ud83c\uddea <a href=\"https:\/\/www.instagram.com\/aura_officiel\/\" type=\"link\" id=\"https:\/\/www.instagram.com\/aura_officiel\/\" rel=\"nofollow noopener\" target=\"_blank\">AURA<\/a> (United Arab Emirates) \u2013 Dubai based, Greek singer who featured in the entry \u201cAll We Need Is Love\u201d competing in this year\u2019s San Marino Song Contest alongside fellow juror Andreas Habibi.<\/p>\n<p>While the team made attempt to have a jury from every country competing at Eurovision this year, we were unfortunately unable to secure any jury members from either Israel or Sweden.<\/p>\n<p>In order to maintain a 50\/50 balance between jury and online vote to align with the conditions at the Eurovision Song Contest, we will be aggregating a set of votes for both of these countries. We are doing this using a combination of the votes we have received from these countries in the online vote to this point, mixed with the jury votes of three predetermined countries that were in the same pot at the allocation draw for this year\u2019s Eurovision Song Contest.<\/p>\n<p>The first results of Eurojury will be revealed tomorrow, with three sets of votes in the morning and three later in the evening. As is now tradition, we\u2019re beginning with our hosts of Eurovision last year, Switzerland. You can watch the results unfold on Eurovoix\u2019s website as well as our Instagram page.<\/p>\n<p>\t<script async src=\"\/\/www.instagram.com\/embed.js\"><\/script><\/p>\n","protected":false},"excerpt":{"rendered":"Eurojury returns for 2026 as we asked a jury of artists, musicians, songwriters and more to vote on&hellip;\n","protected":false},"author":2,"featured_media":548430,"comment_status":"","ping_status":"","sticky":false,"template":"","format":"standard","meta":{"footnotes":""},"categories":[29],"tags":[96,33958,391,56,54,55],"class_list":{"0":"post-548429","1":"post","2":"type-post","3":"status-publish","4":"format-standard","5":"has-post-thumbnail","7":"category-tv","8":"tag-entertainment","9":"tag-headline","10":"tag-tv","11":"tag-uk","12":"tag-united-kingdom","13":"tag-unitedkingdom"},"_links":{"self":[{"href":"https:\/\/www.newsbeep.com\/uk\/wp-json\/wp\/v2\/posts\/548429","targetHints":{"allow":["GET"]}}],"collection":[{"href":"https:\/\/www.newsbeep.com\/uk\/wp-json\/wp\/v2\/posts"}],"about":[{"href":"https:\/\/www.newsbeep.com\/uk\/wp-json\/wp\/v2\/types\/post"}],"author":[{"embeddable":true,"href":"https:\/\/www.newsbeep.com\/uk\/wp-json\/wp\/v2\/users\/2"}],"replies":[{"embeddable":true,"href":"https:\/\/www.newsbeep.com\/uk\/wp-json\/wp\/v2\/comments?post=548429"}],"version-history":[{"count":0,"href":"https:\/\/www.newsbeep.com\/uk\/wp-json\/wp\/v2\/posts\/548429\/revisions"}],"wp:featuredmedia":[{"embeddable":true,"href":"https:\/\/www.newsbeep.com\/uk\/wp-json\/wp\/v2\/media\/548430"}],"wp:attachment":[{"href":"https:\/\/www.newsbeep.com\/uk\/wp-json\/wp\/v2\/media?parent=548429"}],"wp:term":[{"taxonomy":"category","embeddable":true,"href":"https:\/\/www.newsbeep.com\/uk\/wp-json\/wp\/v2\/categories?post=548429"},{"taxonomy":"post_tag","embeddable":true,"href":"https:\/\/www.newsbeep.com\/uk\/wp-json\/wp\/v2\/tags?post=548429"}],"curies":[{"name":"wp","href":"https:\/\/api.w.org\/{rel}","templated":true}]}}