{"id":80347,"date":"2025-08-20T14:35:10","date_gmt":"2025-08-20T14:35:10","guid":{"rendered":"https:\/\/www.newsbeep.com\/uk\/80347\/"},"modified":"2025-08-20T14:35:10","modified_gmt":"2025-08-20T14:35:10","slug":"pro-cyclist-jakob-fuglsang-says-its-nicer-to-ride-without-an-israel-logo-than-with-it","status":"publish","type":"post","link":"https:\/\/www.newsbeep.com\/uk\/80347\/","title":{"rendered":"Pro cyclist Jakob Fuglsang says it\u2019s \u201cnicer to ride without an Israel logo than with it\u201d"},"content":{"rendered":"<p>Former Israel-Premier Tech cyclist Jakob Fuglsang has said he feels a sense of relief at no longer wearing the team\u2019s jersey, stating it\u2019s \u201cnicer to ride around without an Israel logo than with it\u201d.\u00a0<\/p>\n<p>The two-time Crit\u00e9rium du Dauphin\u00e9 winner and Li\u00e8ge\u2013Bastogne\u2013Li\u00e8ge champion retired in May and rode his last race, the Frederiksberg Criterium, last Sunday. After the race, he spoke to Danish outlet <a href=\"https:\/\/www.feltet.dk\/landevej\/fuglsang-om-israel-logo-rart-at-vaere-uden\/10913900\" target=\"_blank\" rel=\"noreferrer noopener nofollow\">Feltet<\/a> and said: \u201cIt&#8217;s of course nicer to be without. I don&#8217;t want to get involved in what&#8217;s happening politically, but it&#8217;s definitely nicer to ride around without an Israel logo than with it.\u201d\u00a0<\/p>\n<p>The 40-year-old Dane added that he had not had any problems with planned protests targeted at Israel-Premier Tech during big races.\u00a0<\/p>\n<p>\u201cI haven\u2019t actually experienced that. With or without Israel-PremierTech at the start, there would still have been demonstrations. You also see climate demonstrations during the Tour de France. These are big events where there is a lot of media attention. That said, it&#8217;s better to ride without,\u201d he told Feltet.\u00a0<\/p>\n<p><img loading=\"lazy\" width=\"1600\" height=\"1067\" decoding=\"async\" src=\"https:\/\/www.newsbeep.com\/uk\/wp-content\/uploads\/2025\/08\/GettyImages-1145652510.jpg\" alt=\"Jakob Fuglsang celebrating his 2019 victory at Li\u00e8ge\u2013Bastogne\u2013Li\u00e8ge, when he rode for Astana.\" class=\"wp-image-935241\"\/>Jakob Fuglsang celebrating his 2019 victory at Li\u00e8ge\u2013Bastogne\u2013Li\u00e8ge, when he rode for Astana. Tim de Waele \/ Getty Images<\/p>\n<p>Fuglsang\u2019s remarks follow former teammate Alessandro de Marchi stating in July he was \u201c<a href=\"https:\/\/www.bikeradar.com\/news\/pro-cyclist-alessandro-de-marchi-relieved-not-to-be-cycling-for-israel-premier-tech\" rel=\"nofollow noopener\" target=\"_blank\">happy and relieved<\/a>\u201d not to be cycling for Israel-Premier Tech.\u00a0<\/p>\n<p>De Marchi, who moved to Jayco-AlUla in 2023, told The Observer he would no longer feel comfortable riding for Israel-Premier Tech due to Israel&#8217;s continued war on Gaza.<\/p>\n<p>\u201cI would have really struggled to be there now and been in great difficulty,\u201d said De Marchi.\u00a0<\/p>\n<p>De Marchi rode for Israel-Premier Tech between 2021 and 2022. He said the team \u201cgave me a chance to keep riding\u201d and that he was \u201clooking at the house I had to build and my family\u201d.\u00a0<\/p>\n<p>\u201cOf course now I am older and able to reflect in a way I didn\u2019t five years ago, and I appreciate that in life there are times that, though it may be hard, it\u2019s better to follow your morals. Right now I would do things in a different way,\u201d he added.\u00a0<\/p>\n<p>Fuglsang and De Marchi\u2019s comments come after the Boycott, Divestment and Sanctions (BDS) movement called for <a href=\"https:\/\/www.bikeradar.com\/news\/bds-movement-calls-for-protests-against-israel-premier-tech-at-tour-de-france\" rel=\"nofollow noopener\" target=\"_blank\">peaceful protests<\/a> at this year\u2019s Grand Tours.\u00a0<\/p>\n<p>\u201cAs Israel escalates its ongoing genocide against 2.3 million Palestinians in Gaza and its violent military occupation of the West Bank, international sporting bodies have a moral obligation to take all measures to prevent genocide, or risk being held criminally liable,\u201d the BDS movement said.\u00a0<\/p>\n<p>Protests were visible at the Tour de France, with those present waving Palestine flags and unfurling banners as the Tour rode through Dieulefit on Wednesday 23 July.\u00a0<\/p>\n<p>An activist from Extinction Rebellion was also arrested in Toulouse after running onto the final straight of stage 11 with a T-shirt that read &#8216;Israel out of the Tour&#8217; while waving a keffiyeh scarf.\u00a0<\/p>\n<p>Israel-Premier Tech was founded in 2014 and is co-owned by Canadian-Israeli billionaire Sylvan Adams, who has referred to himself as \u201cself-appointed ambassador at large for the State of Israel\u201d. Adams has <a href=\"https:\/\/www.jns.org\/sylvan-adams-useful-idiots-in-west-buttress-always-present-jew-hatred\/\" target=\"_blank\" rel=\"noreferrer noopener nofollow\">described<\/a> Israel\u2019s invasion of Palestine as \u201cgood vs. evil and civilization against barbarism\u201d.\u00a0<\/p>\n<p>Ron Baron, the team\u2019s other co-owner, has described Israel\u2013Premier Tech as a form of \u201csports diplomacy\u201d.<\/p>\n<p>Israel-Premier Tech declined to comment. <\/p>\n","protected":false},"excerpt":{"rendered":"Former Israel-Premier Tech cyclist Jakob Fuglsang has said he feels a sense of relief at no longer wearing&hellip;\n","protected":false},"author":2,"featured_media":80348,"comment_status":"","ping_status":"","sticky":false,"template":"","format":"standard","meta":{"footnotes":""},"categories":[37],"tags":[4985,101,56,54,55],"class_list":{"0":"post-80347","1":"post","2":"type-post","3":"status-publish","4":"format-standard","5":"has-post-thumbnail","7":"category-cycling","8":"tag-cycling","9":"tag-sports","10":"tag-uk","11":"tag-united-kingdom","12":"tag-unitedkingdom"},"_links":{"self":[{"href":"https:\/\/www.newsbeep.com\/uk\/wp-json\/wp\/v2\/posts\/80347","targetHints":{"allow":["GET"]}}],"collection":[{"href":"https:\/\/www.newsbeep.com\/uk\/wp-json\/wp\/v2\/posts"}],"about":[{"href":"https:\/\/www.newsbeep.com\/uk\/wp-json\/wp\/v2\/types\/post"}],"author":[{"embeddable":true,"href":"https:\/\/www.newsbeep.com\/uk\/wp-json\/wp\/v2\/users\/2"}],"replies":[{"embeddable":true,"href":"https:\/\/www.newsbeep.com\/uk\/wp-json\/wp\/v2\/comments?post=80347"}],"version-history":[{"count":0,"href":"https:\/\/www.newsbeep.com\/uk\/wp-json\/wp\/v2\/posts\/80347\/revisions"}],"wp:featuredmedia":[{"embeddable":true,"href":"https:\/\/www.newsbeep.com\/uk\/wp-json\/wp\/v2\/media\/80348"}],"wp:attachment":[{"href":"https:\/\/www.newsbeep.com\/uk\/wp-json\/wp\/v2\/media?parent=80347"}],"wp:term":[{"taxonomy":"category","embeddable":true,"href":"https:\/\/www.newsbeep.com\/uk\/wp-json\/wp\/v2\/categories?post=80347"},{"taxonomy":"post_tag","embeddable":true,"href":"https:\/\/www.newsbeep.com\/uk\/wp-json\/wp\/v2\/tags?post=80347"}],"curies":[{"name":"wp","href":"https:\/\/api.w.org\/{rel}","templated":true}]}}