{"id":81505,"date":"2025-08-21T01:55:15","date_gmt":"2025-08-21T01:55:15","guid":{"rendered":"https:\/\/www.newsbeep.com\/uk\/81505\/"},"modified":"2025-08-21T01:55:15","modified_gmt":"2025-08-21T01:55:15","slug":"former-israel-premier-tech-pro-admits-its-definitely-nicer-to-ride-without-an-israel-logo-as-liege-and-lombardia-winner-distances-himself-from-team","status":"publish","type":"post","link":"https:\/\/www.newsbeep.com\/uk\/81505\/","title":{"rendered":"Former Israel-Premier Tech pro admits it\u2019s \u201cdefinitely nicer to ride without an Israel logo\u201d, as Li\u00e9ge and Lombardia winner distances himself from team"},"content":{"rendered":"<p>Two-time Crit\u00e9rium du Dauphin\u00e9 winner\u00a0Jakob Fuglsang has admitted that he feels a sense of relief at no longer wearing the Israel-Premier Tech jersey, as the 40-year-old Dane reflected on his retirement from pro cycling by saying it is \u201cdefinitely nicer to ride without an Israel logo than with it.\u201d<\/p>\n<p>Speaking to Danish outlet <a href=\"https:\/\/www.feltet.dk\/landevej\/fuglsang-om-israel-logo-rart-at-vaere-uden\/10913900\" rel=\"nofollow noopener\" target=\"_blank\">Feltet<\/a> after the Frederiksberg Criterium, his final professional race on Sunday, Fuglsang said: \u201cOf course, it\u2019s nicer to be without. I don\u2019t want to get myself involved in what\u2019s happening politically, but it\u2019s definitely nicer to ride around without an Israel logo than with an Israel logo.\u201d<\/p>\n<p>The former Astana leader, whose decorated palmar\u00e8s includes\u00a0the 2019 Li\u00e8ge-Bastogne-Li\u00e8ge and 2020 Il Lombardia, added that protests targeting Israel-Premier Tech at major races had not directly affected him.<\/p>\n<p>\u201cI actually didn\u2019t experience that. With or without Israel-Premier Tech at the start, there probably still would have been demonstrations. You also see climate protests during the Tour de France. These are big events with a lot of media attention. That said, it\u2019s better to ride without [the logo].\u201d<\/p>\n<p><a href=\"https:\/\/road.cc\/content\/news\/former-israel-premier-tech-rider-relieved-leave-team-315163\" rel=\"nofollow noopener\" target=\"_blank\">&gt;\u00a0&#8220;It&#8217;s better to follow your morals&#8221;: Former Israel-Premier Tech rider &#8220;relieved&#8221; to no longer represent team, urges cycling world &#8220;to show awareness of what&#8217;s going on in Gaza&#8221;<\/a><\/p>\n<p>Fuglsang announced his retirement after riding the Giro d\u2019Italia in June after a string of successful years in the peloton, which besides the two monuments and the two Dauphin\u00e9 titles, have also included a stage win at Vuelta a Espa\u00f1a, GC wins at Tour of Denmark and Vuelta a Andaluc\u00eda, and a silver medal at the 2016 Rio Olympics.<\/p>\n<p><img decoding=\"async\" typeof=\"foaf:Image\" src=\"https:\/\/www.newsbeep.com\/uk\/wp-content\/uploads\/2025\/08\/jakob-fuglsang-2019-criterium-du-dauphine.JPG\" loading=\"lazy\" class=\"lazyload\" itemprop=\"image\" width=\"970\" height=\"647\" alt=\"Jakob Fuglsang, 2019 Criterium du Dauphine.JPG\" title=\"Jakob Fuglsang, 2019 Criterium du Dauphine.JPG\"\/>Jakob Fuglsang, 2019 Criterium du Dauphine.JPG (credit: Zac Williams\/SWpix.com)<\/p>\n<p>He was recently praised by Danish legend and former Tour de France champion Bjarne Riis, who told <a href=\"https:\/\/ekstrabladet.dk\/sport\/cykling\/bjarne-riis-hylder-fuglsang-en-af-de-stoerste-nogensinde\/10913437\" rel=\"nofollow noopener\" target=\"_blank\">Ekstra Bladet<\/a>: \u201cJakob is without a doubt very high on the list of Denmark\u2019s greatest riders. We\u2019re saying goodbye to a truly outstanding rider. He\u2019s been consistent over many years and delivered some major results.\u201d<\/p>\n<p>More praise came from Mads Pedersen before the final stage of Tour of Denmark, where Fuglsang officially bowed out of pro cycling earlier this month with a brave breakaway ride, as the Dane said: \u201cI think we can all agree that Jakob is one of the greatest Danish riders we\u2019ve ever had.\u201d<\/p>\n<p><a href=\"https:\/\/road.cc\/content\/news\/israel-premier-tech-cycling-team-face-more-protests-312217\" rel=\"nofollow noopener\" target=\"_blank\">&gt;\u00a0Israel-Premier Tech cycling team face more protests at Tour Down Under as campaigners call for &#8220;no sport with apartheid&#8221;\u00a0<\/a><\/p>\n<p>Fuglsang\u2019s comments follow those of former teammate Alessandro De Marchi, who just weeks ago said that <a href=\"https:\/\/road.cc\/content\/news\/former-israel-premier-tech-rider-relieved-leave-team-315163\" rel=\"nofollow noopener\" target=\"_blank\">he was \u201chappy and relieved\u201d not to represent Israel-Premier Tech<\/a> and argued that it was \u201cbetter to follow your morals.\u201d<\/p>\n<p>\u201cWe need to see real action from our governing body to position the cycling world on the right side and to show awareness of what&#8217;s going on in Gaza,\u201d De Marchi, who\u2019s also retiring at the end of this season, told <a href=\"https:\/\/observer.co.uk\/news\/sport\/article\/israel-premiertech-cycling-alessandro-de-marchi\" rel=\"nofollow noopener\" target=\"_blank\">The Observer<\/a>.\u00a0\u201cWe have to show that as a cycling world we care about human rights and international law violations.\u201d<\/p>\n<p>De Marchi\u2019s interview came in the aftermath of a protest at the Tour de France, when an <a href=\"https:\/\/road.cc\/content\/news\/anti-israel-protester-disrupts-tour-de-france-sprint-finish-314995\" rel=\"nofollow noopener\" target=\"_blank\">Extinction Rebellion activist stormed the finish straight of stage eleven in Toulouse<\/a> wearing a T-shirt emblazoned with the slogans \u201cIsrael out of the Tour,\u201d \u201cStop Genocide,\u201d and \u201cFree Gaza.\u201d<\/p>\n<p>The demonstrator, waving Palestinian flags and wearing a keffiyeh, was tackled into the barriers by organisers just as Jonas Abrahamsen and Mauro Schmid sprinted for the line. A woman in the crowd was also seriously injured in the incident.<\/p>\n<p><img decoding=\"async\" typeof=\"foaf:Image\" src=\"https:\/\/www.newsbeep.com\/uk\/wp-content\/uploads\/2025\/08\/1000030075.jpg\" loading=\"lazy\" class=\"lazyload\" itemprop=\"image\" width=\"970\" height=\"728\" alt=\"Tour de France stage 11 protester\" title=\"Tour de France stage 11 protester\"\/>Tour de France stage 11 protester (credit: Ryan Mallon)<\/p>\n<p><a href=\"https:\/\/road.cc\/content\/news\/anti-israel-protester-disrupts-tour-de-france-sprint-finish-314995\" rel=\"nofollow noopener\" target=\"_blank\">&gt;\u00a0Extinction Rebellion protester disrupts Tour de France sprint finish wearing \u201cIsrael out of the Tour\u201d shirt<\/a><\/p>\n<p>XR Toulouse claimed the action was carried out \u201cto denounce Tour de France\u2019s complicity in the genocide\u201d and accused the race of \u201chelping restore the image of the Israeli colonial regime\u201d by allowing IPT to participate. The group declared: \u201cNeutrality does not exist. Not acting in a situation of oppression is like taking the side of the oppressor.\u201d<\/p>\n<p>Israel-Premier Tech responded at the time by saying it \u201crespects everyone\u2019s right to free speech\u201d but \u201cabsolutely condemns any protests or actions of individuals that interfere with racing at the Tour de France or threaten the safety of the peloton.\u201d<\/p>\n<p>While the Tour de France protest marked the most high-profile incident of its kind, it was by no means the first. At the <a href=\"https:\/\/road.cc\/content\/news\/suspected-protesters-run-giro-ditalia-peloton-314013\" rel=\"nofollow noopener\" target=\"_blank\">Giro d\u2019Italia in Naples, pro-Palestine activists ran into the road in front of a charging peloton<\/a>.<\/p>\n<p><a href=\"https:\/\/road.cc\/content\/news\/israel-premier-tech-confronted-pro-palestine-group-310147\" rel=\"nofollow noopener\" target=\"_blank\">At the 2024 Tour of Britain, campaigners confronted team staff at multiple stages<\/a>, accusing the squad of \u201csportswashing\u201d Israel\u2019s reputation. <a href=\"https:\/\/road.cc\/content\/news\/israel-premier-tech-cycling-team-face-more-protests-312217\" rel=\"nofollow noopener\" target=\"_blank\">Protests were also seen at the Tour Down Under in Australia<\/a>.<\/p>\n<p><img decoding=\"async\" typeof=\"foaf:Image\" src=\"https:\/\/www.newsbeep.com\/uk\/wp-content\/uploads\/2025\/08\/zw106101.jpg\" loading=\"lazy\" class=\"lazyload\" itemprop=\"image\" width=\"970\" height=\"647\" alt=\"Anti-Israel protester runs onto road during sprint finish, 2025 Tour de France, stage 11, Toulouse\" title=\"Anti-Israel protester runs onto road during sprint finish, 2025 Tour de France, stage 11, Toulouse\"\/>Anti-Israel protester runs onto road during sprint finish, 2025 Tour de France, stage 11, Toulouse (credit: Zac Williams\/SWpix.com)<\/p>\n<p>The team itself quietly <a href=\"https:\/\/road.cc\/content\/news\/cycling-team-removes-israel-vehicles-307369\" rel=\"nofollow noopener\" target=\"_blank\">removed the word \u201cIsrael\u201d from its vehicles and training kit<\/a> in March 2024, replacing it with a monogram of the Star of David and \u201cPT\u201d logo, though it insisted it continued to \u201crace proudly as Israel-Premier Tech.\u201d<\/p>\n<p>Criticism has also often focused on Sylvan Adams, the Canadian-Israeli billionaire who co-owns the team. Adams has long described IPT as \u201cambassadors\u201d for Israel and has invested millions in sports events, including the 2018 Giro d\u2019Italia Grande Partenza from Jerusalem.<\/p>\n<p>Adams has also faced condemnation for remarks to Israeli media in which he said the Israel Defence Force \u201cneeds to finish the job\u201d in Gaza and to \u201cmop up,\u201d comments widely criticised by campaigners as showing disregard for civilian suffering.<\/p>\n<p><img decoding=\"async\" typeof=\"foaf:Image\" src=\"https:\/\/www.newsbeep.com\/uk\/wp-content\/uploads\/2025\/07\/pro-palestine-protesters-tour-britain-sept-2024-1.jpg\" loading=\"lazy\" class=\"lazyload\" itemprop=\"image\" width=\"970\" height=\"647\" alt=\"Pro-Palestine protesters at Tour of Britain Sept 2024 (Scottish Palestine Solidarity Campaign)\" title=\"Pro-Palestine protesters at Tour of Britain Sept 2024 (Scottish Palestine Solidarity Campaign)\"\/>Pro-Palestine protesters at Tour of Britain Sept 2024 (Scottish Palestine Solidarity Campaign) (credit: road.cc)<\/p>\n<p><a href=\"https:\/\/road.cc\/content\/news\/israel-premier-tech-confronted-pro-palestine-group-310147\" rel=\"nofollow noopener\" target=\"_blank\">&gt;\u00a0Israel-Premier Tech cycling team confronted by pro-Palestine group at Tour of Britain, with more protests planned this week<\/a><\/p>\n<p>Critics of IPT have argued that its presence in cycling is starkly at odds with the destruction of Palestinian sport. Two weeks ago, the <a href=\"https:\/\/www.theguardian.com\/world\/2025\/aug\/07\/palestinian-pele-suleiman-al-obeid-football-player-killed-gaza-israeli-attack\" rel=\"nofollow noopener\" target=\"_blank\">Guardian<\/a> reported that Suleiman al-Obeid, the \u201cPalestinian Pel\u00e9,\u201d was killed by Israeli forces while waiting for humanitarian aid in southern Gaza. The Palestine Football Association said at least 662 sportspeople and relatives had been killed since the Israeli attacks began, including 421 footballers, and that 288 sports facilities had been destroyed.<\/p>\n<p>Last month, Israel\u2019s own B\u2019Tselem and Physicians for Human Rights-Israel said the assault in Gaza <a href=\"https:\/\/www.theguardian.com\/world\/2025\/jul\/28\/israel-committing-genocide-in-gaza-say-israel-based-human-rights-groups\" rel=\"nofollow noopener\" target=\"_blank\">amounted to genocide<\/a>, citing the targeting of civilians \u201conly because of their identity as Palestinians,\u201d mass forced displacement, starvation and the destruction of essential infrastructure. Amnesty International, M\u00e9decins Sans Fronti\u00e8res and UN-appointed experts have reached similar conclusions.<\/p>\n<p>In April, the Boycott, Divestment and Sanctions (BDS) Movement accused cycling\u2019s governing body, the UCI, of <a href=\"https:\/\/www.bdsmovement.net\/news\/giro-d%E2%80%99italia-tour-de-france-vuelta-espa%C3%B1a-sportswashing-genocide\" rel=\"nofollow noopener\" target=\"_blank\">\u201chelping to sportswash Israel\u2019s Gaza genocide by allowing Israel Premier Tech to participate,\u201d<\/a> contrasting its response to Russia\u2019s invasion of Ukraine with what it called \u201cWestern hypocrisy.\u201d It urged protesters to mobilise at the Giro, Tour and Vuelta against what it described as \u201cTeam Genocide.\u201d<\/p>\n","protected":false},"excerpt":{"rendered":"Two-time Crit\u00e9rium du Dauphin\u00e9 winner\u00a0Jakob Fuglsang has admitted that he feels a sense of relief at no longer&hellip;\n","protected":false},"author":2,"featured_media":81506,"comment_status":"","ping_status":"","sticky":false,"template":"","format":"standard","meta":{"footnotes":""},"categories":[37],"tags":[4985,101,56,54,55],"class_list":{"0":"post-81505","1":"post","2":"type-post","3":"status-publish","4":"format-standard","5":"has-post-thumbnail","7":"category-cycling","8":"tag-cycling","9":"tag-sports","10":"tag-uk","11":"tag-united-kingdom","12":"tag-unitedkingdom"},"_links":{"self":[{"href":"https:\/\/www.newsbeep.com\/uk\/wp-json\/wp\/v2\/posts\/81505","targetHints":{"allow":["GET"]}}],"collection":[{"href":"https:\/\/www.newsbeep.com\/uk\/wp-json\/wp\/v2\/posts"}],"about":[{"href":"https:\/\/www.newsbeep.com\/uk\/wp-json\/wp\/v2\/types\/post"}],"author":[{"embeddable":true,"href":"https:\/\/www.newsbeep.com\/uk\/wp-json\/wp\/v2\/users\/2"}],"replies":[{"embeddable":true,"href":"https:\/\/www.newsbeep.com\/uk\/wp-json\/wp\/v2\/comments?post=81505"}],"version-history":[{"count":0,"href":"https:\/\/www.newsbeep.com\/uk\/wp-json\/wp\/v2\/posts\/81505\/revisions"}],"wp:featuredmedia":[{"embeddable":true,"href":"https:\/\/www.newsbeep.com\/uk\/wp-json\/wp\/v2\/media\/81506"}],"wp:attachment":[{"href":"https:\/\/www.newsbeep.com\/uk\/wp-json\/wp\/v2\/media?parent=81505"}],"wp:term":[{"taxonomy":"category","embeddable":true,"href":"https:\/\/www.newsbeep.com\/uk\/wp-json\/wp\/v2\/categories?post=81505"},{"taxonomy":"post_tag","embeddable":true,"href":"https:\/\/www.newsbeep.com\/uk\/wp-json\/wp\/v2\/tags?post=81505"}],"curies":[{"name":"wp","href":"https:\/\/api.w.org\/{rel}","templated":true}]}}