{"id":85564,"date":"2025-08-22T17:56:10","date_gmt":"2025-08-22T17:56:10","guid":{"rendered":"https:\/\/www.newsbeep.com\/uk\/85564\/"},"modified":"2025-08-22T17:56:10","modified_gmt":"2025-08-22T17:56:10","slug":"theres-no-arguing-about-it","status":"publish","type":"post","link":"https:\/\/www.newsbeep.com\/uk\/85564\/","title":{"rendered":"There&#8217;s no arguing about it"},"content":{"rendered":"<p>The Vuelta a Espa\u00f1a, the third and final Grand Tour of 2025, is about to start, with <a href=\"https:\/\/www.idlprocycling.com\/jonas-vingegaard\" title=\"Jonas Vingegaard\" rel=\"nofollow noopener\" target=\"_blank\">Jonas Vingegaard<\/a><a target=\"_self\" href=\"https:\/\/www.idlprocycling.com\/cycling\/favorites-general-classification-vuelta-a-espana-2025-vingegaard-after-tough-tour-against-fresh-challengers-for-red\" rel=\"nofollow noopener\"> as the top favorite.<\/a> This will be followed by the World Championships in road cycling, but contrary to earlier reports, Vingegaard will not be going to Rwanda. He confirmed this on Wednesday at his press conference ahead of the Vuelta, after which the Danish national coach explained the decision in more detail.<\/p>\n<p>The Dane initially seemed set to make his debut at the World Championships in Africa, but has now decided not to attend. \u201cWe have reviewed our plans. You need to be fresh to compete in the World Championships, and that demands a lot from a rider. I don&#8217;t know how I will feel after the Vuelta, so I have decided not to go.\u201d<\/p>\n<p>Vingegaard is not ending his season after the Vuelta. \u201cI&#8217;m going to go for the European Championships, which fits better into the schedule.\u201d This year&#8217;s European Championships will be held in France, in the Ard\u00e8che, on Sunday, October 5, one week after the World Championships. The Tour of Lombardy could also be an option, but when asked, Vingegaard said he had not yet made a decision.<\/p>\n<p>Continue reading below the photo!<\/p>\n<p><img decoding=\"async\" loading=\"lazy\" src=\"https:\/\/www.newsbeep.com\/uk\/wp-content\/uploads\/2025\/08\/jonas-vingegaard-68a71ed246231.jpg@webp.webp\" class=\"w-auto\" alt=\"jonas-vingegaard\"\/>National coach M\u00f8rk\u00f8v provides further explanationNational coach Michael M\u00f8rk\u00f8v told Danish newspaper <a target=\"_blank\" href=\"https:\/\/www.bt.dk\/cykling\/landstraener-vingegaard-tror-mere-paa-em-end-vm\" rel=\"nofollow noopener\">B.T.<\/a> a similar story. \u201cJonas is one of the best riders we have, so there&#8217;s no arguing about that. But given Jonas&#8217; program with the Tour and the Vuelta and the required early departure for Africa, I assessed that it was best for him to focus on the European Championships,\u201d said the former rider.<\/p>\n<p>\u201cI definitely think Jonas would rather be world champion than European champion,\u201d M\u00f8rk\u00f8v admits. \u201cBut this year, there are both logistical and time-related challenges about the World Championships, so it makes more sense to have him in the race he believes in most. And that&#8217;s the European Championships.\u201d<\/p>\n<p>\u201cThe World Championships are a bigger championship than the European Championships,\u201d the national coach continues. \u201cBut the most important thing for me is that the rider believes in the assignment and the project, and that&#8217;s why it will be the European Championships.\u201d Denmark will therefore be counting on a different leader for the World Championships. \u201cWe have Mattias Skjelmose, and we will be racing for him.\u201d<\/p>\n","protected":false},"excerpt":{"rendered":"The Vuelta a Espa\u00f1a, the third and final Grand Tour of 2025, is about to start, with Jonas&hellip;\n","protected":false},"author":2,"featured_media":85565,"comment_status":"","ping_status":"","sticky":false,"template":"","format":"standard","meta":{"footnotes":""},"categories":[37],"tags":[4985,101,56,54,55],"class_list":{"0":"post-85564","1":"post","2":"type-post","3":"status-publish","4":"format-standard","5":"has-post-thumbnail","7":"category-cycling","8":"tag-cycling","9":"tag-sports","10":"tag-uk","11":"tag-united-kingdom","12":"tag-unitedkingdom"},"_links":{"self":[{"href":"https:\/\/www.newsbeep.com\/uk\/wp-json\/wp\/v2\/posts\/85564","targetHints":{"allow":["GET"]}}],"collection":[{"href":"https:\/\/www.newsbeep.com\/uk\/wp-json\/wp\/v2\/posts"}],"about":[{"href":"https:\/\/www.newsbeep.com\/uk\/wp-json\/wp\/v2\/types\/post"}],"author":[{"embeddable":true,"href":"https:\/\/www.newsbeep.com\/uk\/wp-json\/wp\/v2\/users\/2"}],"replies":[{"embeddable":true,"href":"https:\/\/www.newsbeep.com\/uk\/wp-json\/wp\/v2\/comments?post=85564"}],"version-history":[{"count":0,"href":"https:\/\/www.newsbeep.com\/uk\/wp-json\/wp\/v2\/posts\/85564\/revisions"}],"wp:featuredmedia":[{"embeddable":true,"href":"https:\/\/www.newsbeep.com\/uk\/wp-json\/wp\/v2\/media\/85565"}],"wp:attachment":[{"href":"https:\/\/www.newsbeep.com\/uk\/wp-json\/wp\/v2\/media?parent=85564"}],"wp:term":[{"taxonomy":"category","embeddable":true,"href":"https:\/\/www.newsbeep.com\/uk\/wp-json\/wp\/v2\/categories?post=85564"},{"taxonomy":"post_tag","embeddable":true,"href":"https:\/\/www.newsbeep.com\/uk\/wp-json\/wp\/v2\/tags?post=85564"}],"curies":[{"name":"wp","href":"https:\/\/api.w.org\/{rel}","templated":true}]}}