{"id":92398,"date":"2025-08-25T20:24:09","date_gmt":"2025-08-25T20:24:09","guid":{"rendered":"https:\/\/www.newsbeep.com\/uk\/92398\/"},"modified":"2025-08-25T20:24:09","modified_gmt":"2025-08-25T20:24:09","slug":"condolences-pour-in-after-death-of-spanish-junior-rider-ivan-melendez-luque","status":"publish","type":"post","link":"https:\/\/www.newsbeep.com\/uk\/92398\/","title":{"rendered":"Condolences pour in after death of Spanish junior rider Iv\u00e1n Mel\u00e9ndez Luque"},"content":{"rendered":"<p id=\"142078fb-15ed-4d21-a44f-57a6222b9add\">Tributes have been made after the death of Spanish junior rider Iv\u00e1n Mel\u00e9ndez Luque, following a crash on the second stage of the Vuelta Ribera de Duero.<\/p>\n<p>The 17-year-old died from his injuries after being involved in an incident along with around 20 other riders as the race approached the small village of El Amogable in Soria. Attempts were made to revive Mel\u00e9ndez Luque at the scene and in the ambulance on the way to hospital, according to reports by several Spanish media. His death was confirmed by local officials on Saturday evening.<\/p>\n<p><a id=\"elk-seasonal\" data-url=\"\" href=\"\" data-hl-processed=\"none\"\/><\/p>\n<p id=\"142078fb-15ed-4d21-a44f-57a6222b9add-2\">The stage was immediately suspended and the following day\u2019s racing also cancelled following the incident. A short memorial was held on Sunday at the planned stage finish in Aranda.<\/p>\n<p>You may like<\/p>\n<p>Mel\u00e9ndez Luque was from the town of Colmenar near M\u00e1laga. He raced for the Tenerife-Cabberty U19 team and was a late replacement at the Vuelta Ribera de Duero following an injury to one of his teammates. Local reports say that two other riders were taken to Santa B\u00e1rbara Hospital in Soria and being treated for injuries.<\/p>\n<p>Race organisers released a <a data-analytics-id=\"inline-link\" href=\"https:\/\/x.com\/VueltaRibera\/status\/1959298422390886612\" target=\"_blank\" data-url=\"https:\/\/x.com\/VueltaRibera\/status\/1959298422390886612\" referrerpolicy=\"no-referrer-when-downgrade\" data-hl-processed=\"none\" rel=\"nofollow\">statement on X<\/a> at the time saying: \u201cThe Vueltan Ribera suspends all activities due to the passing of a rider.<\/p>\n<p>\u201cWe send all our love and support to the family, friends, and teammates of the athlete. Tomorrow, at 10:30 AM, we will gather in the Plaza de la Hispanidad in Aranda to pay tribute to them.&#8221;<\/p>\n<p>The Tenerife-Cabberty team issued a statement, saying: \u201cThe entire team is devastated by the news. We appreciate all the support and affection we are receiving from all levels of cycling on such a difficult day. Our thoughts are with Iv\u00e1n\u2019s family, friends and loved ones at this terrible time.\u201d<\/p>\n<p class=\"newsletter-form__strapline\">The latest race content, interviews, features, reviews and expert buying guides, direct to your inbox!<\/p>\n<p>A minute\u2019s silence was observed at the start of the second stage of the Vuelta a Espa\u00f1a in Alba on Sunday.<\/p>\n<p>UCI President David Lappartient added his condolences in a short <a data-analytics-id=\"inline-link\" href=\"https:\/\/x.com\/DLappartient\/status\/1959347517339869277\" target=\"_blank\" data-url=\"https:\/\/x.com\/DLappartient\/status\/1959347517339869277\" referrerpolicy=\"no-referrer-when-downgrade\" data-hl-processed=\"none\" rel=\"nofollow\">statement on X<\/a>: \u201cI am deeply saddened by the passing of Iv\u00e1n Mel\u00e9ndez Luque, who tragically lost his life today during the<a data-analytics-id=\"inline-link\" href=\"https:\/\/x.com\/VueltaRibera\" data-url=\"https:\/\/x.com\/VueltaRibera\" target=\"_blank\" referrerpolicy=\"no-referrer-when-downgrade\" data-hl-processed=\"none\" rel=\"nofollow\"> <\/a>Vuelta Ribera in Spain. My thoughts are with his loved ones and with all who are mourning his loss within the cycling community.\u201d<\/p>\n<p class=\"paywall\" aria-hidden=\"true\">The Spanish Cycling Federation said: &#8220;We deeply regret his passing and wish to extend our heartfelt condolences to his family, friends, and loved ones. Rest in peace.&#8221;<\/p>\n<p>This is the third incident involving a crash and death of a rider in a European UCI race in the past 12 months. Previously Swiss junior <a data-analytics-id=\"inline-link\" href=\"https:\/\/www.cyclingnews.com\/news\/swiss-rider-muriel-furrer-dies-after-world-championship-crash\/\" data-before-rewrite-localise=\"https:\/\/www.cyclingnews.com\/news\/swiss-rider-muriel-furrer-dies-after-world-championship-crash\/\" rel=\"nofollow noopener\" target=\"_blank\">Muriel Furrer<\/a> died after a crash at the 2024 UCI Road World Championships in Z\u00fcrich last September and more recently Hagens Berman-Jayco rider <a data-analytics-id=\"inline-link\" href=\"https:\/\/www.cyclingnews.com\/news\/hagens-berman-jayco-rider-samuele-privitera-passes-away-after-crash-on-stage-1-of-giro-della-valle-daosta\/\" data-before-rewrite-localise=\"https:\/\/www.cyclingnews.com\/news\/hagens-berman-jayco-rider-samuele-privitera-passes-away-after-crash-on-stage-1-of-giro-della-valle-daosta\/\" rel=\"nofollow noopener\" target=\"_blank\">Samuel Privitera<\/a> died after a crash on the opening stage of the Giro della Valle d&#8217;Aosta last month.<\/p>\n<p>Everyone at Cyclingnews would like to extend their deepest condolences to Iv\u00e1n Mel\u00e9ndez Luque&#8217;s family, friends and teammates. <\/p>\n<p lang=\"en\" dir=\"ltr\">La @VueltaRibera suspende todas las actividades por el fallecimiento de un corredor.Enviamos todo nuestro cari\u00f1o y apoyo a los familiares, amigos y compa\u00f1eros del deportista.Ma\u00f1ana, a las 10:30 h, nos reuniremos en la plaza de la Hispanidad de Aranda a rendirle homenaje pic.twitter.com\/MSzo7QHY31<a href=\"https:\/\/twitter.com\/cantworkitout\/status\/1959298422390886612\" data-url=\"https:\/\/twitter.com\/cantworkitout\/status\/1959298422390886612\" target=\"_blank\" referrerpolicy=\"no-referrer-when-downgrade\" data-hl-processed=\"none\" rel=\"nofollow noopener\">August 23, 2025<\/a><\/p>\n<p><script async src=\"https:\/\/platform.twitter.com\/widgets.js\" charset=\"utf-8\"><\/script><\/p>\n","protected":false},"excerpt":{"rendered":"Tributes have been made after the death of Spanish junior rider Iv\u00e1n Mel\u00e9ndez Luque, following a crash on&hellip;\n","protected":false},"author":2,"featured_media":92399,"comment_status":"","ping_status":"","sticky":false,"template":"","format":"standard","meta":{"footnotes":""},"categories":[37],"tags":[4985,101,56,54,55],"class_list":{"0":"post-92398","1":"post","2":"type-post","3":"status-publish","4":"format-standard","5":"has-post-thumbnail","7":"category-cycling","8":"tag-cycling","9":"tag-sports","10":"tag-uk","11":"tag-united-kingdom","12":"tag-unitedkingdom"},"_links":{"self":[{"href":"https:\/\/www.newsbeep.com\/uk\/wp-json\/wp\/v2\/posts\/92398","targetHints":{"allow":["GET"]}}],"collection":[{"href":"https:\/\/www.newsbeep.com\/uk\/wp-json\/wp\/v2\/posts"}],"about":[{"href":"https:\/\/www.newsbeep.com\/uk\/wp-json\/wp\/v2\/types\/post"}],"author":[{"embeddable":true,"href":"https:\/\/www.newsbeep.com\/uk\/wp-json\/wp\/v2\/users\/2"}],"replies":[{"embeddable":true,"href":"https:\/\/www.newsbeep.com\/uk\/wp-json\/wp\/v2\/comments?post=92398"}],"version-history":[{"count":0,"href":"https:\/\/www.newsbeep.com\/uk\/wp-json\/wp\/v2\/posts\/92398\/revisions"}],"wp:featuredmedia":[{"embeddable":true,"href":"https:\/\/www.newsbeep.com\/uk\/wp-json\/wp\/v2\/media\/92399"}],"wp:attachment":[{"href":"https:\/\/www.newsbeep.com\/uk\/wp-json\/wp\/v2\/media?parent=92398"}],"wp:term":[{"taxonomy":"category","embeddable":true,"href":"https:\/\/www.newsbeep.com\/uk\/wp-json\/wp\/v2\/categories?post=92398"},{"taxonomy":"post_tag","embeddable":true,"href":"https:\/\/www.newsbeep.com\/uk\/wp-json\/wp\/v2\/tags?post=92398"}],"curies":[{"name":"wp","href":"https:\/\/api.w.org\/{rel}","templated":true}]}}