{"id":96350,"date":"2025-08-27T13:06:07","date_gmt":"2025-08-27T13:06:07","guid":{"rendered":"https:\/\/www.newsbeep.com\/uk\/96350\/"},"modified":"2025-08-27T13:06:07","modified_gmt":"2025-08-27T13:06:07","slug":"change-of-plans-for-pauline-ferrand-prevot-with-the-french-rider-to-race-road-world-championships-after-all","status":"publish","type":"post","link":"https:\/\/www.newsbeep.com\/uk\/96350\/","title":{"rendered":"Change of plans for Pauline Ferrand-Pr\u00e9vot with the French rider to race Road World Championships after all"},"content":{"rendered":"<p id=\"6dd10b17-e68c-439c-990a-2602c3c956d2\">When Pauline Ferrand-Pr\u00e9vot made her plans for this season, the <a data-analytics-id=\"inline-link\" href=\"https:\/\/www.cyclingnews.com\/uci-road-world-championships\/\" data-before-rewrite-localise=\"https:\/\/www.cyclingnews.com\/uci-road-world-championships\/\" rel=\"nofollow noopener\" target=\"_blank\">Road World Championships in Rwanda<\/a> next month weren&#8217;t a part of them, but the Tour de France Femmes winner and Olympic mountain bike champion has had a change of heart.<\/p>\n<p>&#8220;I had made the decision, early in the season, not to participate in the World Championships in Rwanda, for the simple and good reason that, even though last year marked the beginning of my &#8220;process&#8221; getting back on the road, I came out of the Olympic period tired physically and mentally worn out. I clearly didn\u2019t want to relive this moment or ask for extra effort from an already tired body,&#8221; said <a data-analytics-id=\"inline-link\" href=\"https:\/\/www.instagram.com\/p\/DN0ORYp2LOB\/?utm_source=ig_web_copy_link&amp;igsh=MzRlODBiNWFlZA==\" target=\"_blank\" data-url=\"https:\/\/www.instagram.com\/p\/DN0ORYp2LOB\/?utm_source=ig_web_copy_link&amp;igsh=MzRlODBiNWFlZA==\" referrerpolicy=\"no-referrer-when-downgrade\" data-hl-processed=\"none\" rel=\"nofollow noopener\">Ferrand-Pr\u00e9vot in an Instagram post<\/a>, also referring to the mental effort propensity to go all in when she does something.<\/p>\n<p><a id=\"elk-seasonal\" data-url=\"\" href=\"\" data-hl-processed=\"none\"\/><\/p>\n<p id=\"6dd10b17-e68c-439c-990a-2602c3c956d2-2\">When Ferrand-Pr\u00e9vot lined up at the 2024 World Championships road race in Zurich, after an absence from the last six, the spent rider&#8217;s race ended with a DNF, a first from her six outings at the elite Worlds road race.<\/p>\n<p>You may like<\/p>\n<p class=\"paywall\" aria-hidden=\"true\">Originally, the key goal for the French rider in 2025 after the Tour de France Femmes was the European Championships, held in France at the start of October, and she <a data-analytics-id=\"inline-link\" href=\"https:\/\/www.cyclingnews.com\/news\/pauline-ferrand-prevot-celebrates-tour-de-france-femmes-victory-and-reveals-final-goals-for-2025\/\" data-before-rewrite-localise=\"https:\/\/www.cyclingnews.com\/news\/pauline-ferrand-prevot-celebrates-tour-de-france-femmes-victory-and-reveals-final-goals-for-2025\/\" rel=\"nofollow noopener\" target=\"_blank\">restated the goal following her yellow jersey clinching effort at the Tour de France Femmes<\/a>.<\/p>\n<p class=\"paywall\" aria-hidden=\"true\">However, there was a shift when she realised the run-in had left her in a different state this time.<\/p>\n<p>&#8220;I realise that the years go by, but don&#8217;t look the same. The context is really different too (few races this year, and much less pressure for the Tour de France than for the Olympics),&#8221; said Ferrand-Pr\u00e9vot.<\/p>\n<p class=\"paywall\" aria-hidden=\"true\">&#8220;So I feel prepared to continue to give my best smartly and thoughtfully. That&#8217;s why, in consultation with my team and the French team, we decided that I will participate in the world championships on the African continent.&#8221;<\/p>\n<p class=\"newsletter-form__strapline\">The latest race content, interviews, features, reviews and expert buying guides, direct to your inbox!<\/p>\n<p>The World Championships this year present a course that is set to suit a rider who could thrive through the rigours of the mountains at the Tour de France Femmes, with the elite women&#8217;s race on September 27 set to cover 11 laps of the Kigali circuit for a distance of 164.6km and an elevation gain of 3,350 metres.<\/p>\n<p>The full French team is yet to be announced, but the nation has a list of strong climbers that, along with <a data-analytics-id=\"inline-link\" href=\"https:\/\/www.cyclingnews.com\/riders\/pauline-ferrand-prevot\/\" data-before-rewrite-localise=\"https:\/\/www.cyclingnews.com\/riders\/pauline-ferrand-prevot\/\" rel=\"nofollow noopener\" target=\"_blank\">Ferrand-Pr\u00e9vot<\/a>, includes Juliette Labous, C\u00e9drine Kerbaol and \u00c9vita Muzic. Ferrand-Pr\u00e9vot, however, has just proven that she is as formidable as ever on the road after her quick ascent to the top step of her home Grand Tour, and she also has an enviable record of being able to deliver at big events. <\/p>\n<p>Not only has the French rider captured the world road title before, in 2014, but has claimed 12 elite individual titles across a range of disciplines on top of the mountain bike gold medal at the Olympic Games. Whether or not Ferrand-Pr\u00e9vot can cross the line first in Rwanda, she is laying claim to another.<\/p>\n<p>&#8220;Forward to a new great experience,&#8221; said Ferrand-Pr\u00e9vot before adding jokingly. &#8220;And in any case, I can already be awarded the title of World Champion of Change of Plans.&#8221;<\/p>\n<p><script async src=\"\/\/www.instagram.com\/embed.js\"><\/script><\/p>\n","protected":false},"excerpt":{"rendered":"When Pauline Ferrand-Pr\u00e9vot made her plans for this season, the Road World Championships in Rwanda next month weren&#8217;t&hellip;\n","protected":false},"author":2,"featured_media":96351,"comment_status":"","ping_status":"","sticky":false,"template":"","format":"standard","meta":{"footnotes":""},"categories":[37],"tags":[4985,101,56,54,55],"class_list":{"0":"post-96350","1":"post","2":"type-post","3":"status-publish","4":"format-standard","5":"has-post-thumbnail","7":"category-cycling","8":"tag-cycling","9":"tag-sports","10":"tag-uk","11":"tag-united-kingdom","12":"tag-unitedkingdom"},"_links":{"self":[{"href":"https:\/\/www.newsbeep.com\/uk\/wp-json\/wp\/v2\/posts\/96350","targetHints":{"allow":["GET"]}}],"collection":[{"href":"https:\/\/www.newsbeep.com\/uk\/wp-json\/wp\/v2\/posts"}],"about":[{"href":"https:\/\/www.newsbeep.com\/uk\/wp-json\/wp\/v2\/types\/post"}],"author":[{"embeddable":true,"href":"https:\/\/www.newsbeep.com\/uk\/wp-json\/wp\/v2\/users\/2"}],"replies":[{"embeddable":true,"href":"https:\/\/www.newsbeep.com\/uk\/wp-json\/wp\/v2\/comments?post=96350"}],"version-history":[{"count":0,"href":"https:\/\/www.newsbeep.com\/uk\/wp-json\/wp\/v2\/posts\/96350\/revisions"}],"wp:featuredmedia":[{"embeddable":true,"href":"https:\/\/www.newsbeep.com\/uk\/wp-json\/wp\/v2\/media\/96351"}],"wp:attachment":[{"href":"https:\/\/www.newsbeep.com\/uk\/wp-json\/wp\/v2\/media?parent=96350"}],"wp:term":[{"taxonomy":"category","embeddable":true,"href":"https:\/\/www.newsbeep.com\/uk\/wp-json\/wp\/v2\/categories?post=96350"},{"taxonomy":"post_tag","embeddable":true,"href":"https:\/\/www.newsbeep.com\/uk\/wp-json\/wp\/v2\/tags?post=96350"}],"curies":[{"name":"wp","href":"https:\/\/api.w.org\/{rel}","templated":true}]}}