{"id":174267,"date":"2026-02-12T01:14:06","date_gmt":"2026-02-12T01:14:06","guid":{"rendered":"https:\/\/www.newsbeep.com\/us-ca\/174267\/"},"modified":"2026-02-12T01:14:06","modified_gmt":"2026-02-12T01:14:06","slug":"20th-annual-cubacaribe-festival-of-dance-music-to-take-place-in-san-francisco","status":"publish","type":"post","link":"https:\/\/www.newsbeep.com\/us-ca\/174267\/","title":{"rendered":"20th Annual CUBACARIBE FESTIVAL OF DANCE &#038; MUSIC to Take Place in San Francisco"},"content":{"rendered":"<p>            \ud83c\udfad NEW! San Francisco Theatre Newsletter<\/p>\n<p class=\"newsletter-subtitle\" style=\"color: #cccccc; font-size: 16px; margin: 0 0 20px 0; line-height: 1.5; font-family: 'Arial', sans-serif;\">\n            Get all the top news &amp; discounts for San Francisco &amp; beyond.\n        <\/p>\n<p>CubaCaribe will present the 20th Annual CUBACARIBE FESTIVAL OF DANCE &amp; MUSIC, titled Mirando atr\u00e1s, moviendo pa\u2019lante \/ Looking Back, Moving Forward, April 8\u201319 in San Francisco and Berkeley. The anniversary season will offer a retrospective of the festival\u2019s past two decades alongside new works and community engagement events. Tickets range from $15\u2013$60.<\/p>\n<p>            \ud83c\udfad NEW! San Francisco Theatre Newsletter<\/p>\n<p class=\"newsletter-subtitle\" style=\"color: #cccccc; font-size: 16px; margin: 0 0 20px 0; line-height: 1.5; font-family: 'Arial', sans-serif;\">\n            Get all the top news &amp; discounts for San Francisco &amp; beyond.\n        <\/p>\n<p>Over 14 days, the festival will feature performances, lectures, workshops, and community gatherings highlighting artists of the Cuban and Caribbean diasporas. A featured event will be a lecture demonstration by seven-time Grammy nominee John Santos, who will also be honored during the festival.<\/p>\n<p>Executive Director Jamaica Itule said, \u201cOur way forward is by lifting up artists who have been doing this work for years, but who don&#8217;t necessarily have the production means to work at a big scale. This year we&#8217;ve brought back works that have had a significant impact and we&#8217;ve invested in a major premiere. We&#8217;re thrilled to be honoring what we&#8217;ve done while continuing to look forward.\u201d<\/p>\n<p>Weekend One at ODC Theater<\/p>\n<p>The opening weekend, Looking Back and Moving Forward \/ Mirando atr\u00e1s, moviendo pa\u2019lante, will take place April 10\u201312 at ODC Theater in San Francisco. Curated by Artistic Director Ram\u00f3n Ramos Alayo, the program will feature six works selected from past festival highlights.<\/p>\n<p>Participating companies will include Alayo Dance Company, Arenas Dance Company, Los Lupe\u00f1os de San Jos\u00e9, Cunamacu\u00e9, Alafia Dance Ensemble, and Juntos. Many of the performances will be accompanied by live music performed by ensembles of instrumentalists and vocalists.<\/p>\n<p>Weekend Two at Ruth Williams Opera House<\/p>\n<p>The second weekend, Enraizando \/ Rooting Within, will take place April 17 at Ruth Williams Opera House. The evening-length work by Shefali Shah and Aguacero explores young women\u2019s experiences through Puerto Rican Bomba music and dance. Commissioned by CubaCaribe with support from the Gerbode Foundation, the multi-year project includes teen and young adult dancers alongside professional performers.<\/p>\n<p>Shah said, \u201cAs women we are often forced early on to ignore or hide the more vulnerable parts of our stories in order to endure a world that dispossesses us of our essence through patriarchal and racist violence.\u201d She added, \u201cThrough Enraizar, young women of color challenge this by telling stories that show how they go within and embrace their vulnerabilities to become stronger and more confident versions of themselves.\u201d<\/p>\n<p>Special Events<\/p>\n<p>The festival will open April 8 at the Museum of the African Diaspora in San Francisco with John Santos\u2019 multimedia lecture, De un P\u00e1jaro las dos Alas (Two Wings of the Same Bird), exploring the shared musical histories of Cuba and Puerto Rico. Santos will be formally honored April 12 at ODC Theater in a pre-show ceremony.<\/p>\n<p>Additional events will include Ritmo, Palabra y Movimiento: Una pe\u00f1a at CANA: Indigenous Peoples Cultural Arts Healing Center; a photo exhibit opening documenting Enraizando \/ Rooting Within at Ruth Williams Opera House; and Bombatey &amp; Artist Panel at La Pe\u00f1a Cultural Center in Berkeley, featuring Aguacero and collaborators.<\/p>\n<p>Workshops in dance and drumming will also be offered at ODC Theater and Dance Mission Theater.<\/p>\n<p>The 20th Annual CubaCaribe Festival of Dance &amp; Music will take place at venues across San Francisco and Berkeley. More information and tickets are available online.<\/p>\n<p><\/p>\n","protected":false},"excerpt":{"rendered":"\ud83c\udfad NEW! San Francisco Theatre Newsletter Get all the top news &amp; discounts for San Francisco &amp; beyond.&hellip;\n","protected":false},"author":2,"featured_media":174268,"comment_status":"","ping_status":"","sticky":false,"template":"","format":"standard","meta":{"footnotes":""},"categories":[30],"tags":[101,103,102,104,106,105],"class_list":{"0":"post-174267","1":"post","2":"type-post","3":"status-publish","4":"format-standard","5":"has-post-thumbnail","7":"category-san-francisco","8":"tag-san-francisco","9":"tag-san-francisco-headlines","10":"tag-san-francisco-news","11":"tag-sf","12":"tag-sf-headlines","13":"tag-sf-news"},"_links":{"self":[{"href":"https:\/\/www.newsbeep.com\/us-ca\/wp-json\/wp\/v2\/posts\/174267","targetHints":{"allow":["GET"]}}],"collection":[{"href":"https:\/\/www.newsbeep.com\/us-ca\/wp-json\/wp\/v2\/posts"}],"about":[{"href":"https:\/\/www.newsbeep.com\/us-ca\/wp-json\/wp\/v2\/types\/post"}],"author":[{"embeddable":true,"href":"https:\/\/www.newsbeep.com\/us-ca\/wp-json\/wp\/v2\/users\/2"}],"replies":[{"embeddable":true,"href":"https:\/\/www.newsbeep.com\/us-ca\/wp-json\/wp\/v2\/comments?post=174267"}],"version-history":[{"count":0,"href":"https:\/\/www.newsbeep.com\/us-ca\/wp-json\/wp\/v2\/posts\/174267\/revisions"}],"wp:featuredmedia":[{"embeddable":true,"href":"https:\/\/www.newsbeep.com\/us-ca\/wp-json\/wp\/v2\/media\/174268"}],"wp:attachment":[{"href":"https:\/\/www.newsbeep.com\/us-ca\/wp-json\/wp\/v2\/media?parent=174267"}],"wp:term":[{"taxonomy":"category","embeddable":true,"href":"https:\/\/www.newsbeep.com\/us-ca\/wp-json\/wp\/v2\/categories?post=174267"},{"taxonomy":"post_tag","embeddable":true,"href":"https:\/\/www.newsbeep.com\/us-ca\/wp-json\/wp\/v2\/tags?post=174267"}],"curies":[{"name":"wp","href":"https:\/\/api.w.org\/{rel}","templated":true}]}}