{"id":203354,"date":"2026-03-04T04:44:27","date_gmt":"2026-03-04T04:44:27","guid":{"rendered":"https:\/\/www.newsbeep.com\/us-ca\/203354\/"},"modified":"2026-03-04T04:44:27","modified_gmt":"2026-03-04T04:44:27","slug":"dario-saric-calls-out-the-kings-after-deadline-trade","status":"publish","type":"post","link":"https:\/\/www.newsbeep.com\/us-ca\/203354\/","title":{"rendered":"Dario Saric Calls Out the Kings After Deadline Trade"},"content":{"rendered":"<p id=\"inline-text-0\" class=\"mt-[18px] md:mt-0 mb-[18px] [&amp;_a]:text-primary my-f-1.5\" q:key=\"0\" q:id=\"6d\">The Sacramento Kings made a head-scratching move last offseason when they <a href=\"https:\/\/www.si.com\/nba\/kings\/onsi\/sacramento-kings-news\/kings-trade-away-jonas-valanciunas-in-first-offseason-deal-01jz3bvasm9a\" target=\"_blank\" rel=\"nofollow noopener\">traded Jonas Valan\u010di\u016bnas<\/a> to the Denver Nuggets in exchange for Dario \u0160ari\u0107. Valanciunas is arguably the best backup center in the NBA, and they shipped him away for a player who would make just five appearances in a Kings uniform.<\/p>\n<p id=\"inline-text-1\" class=\"my-[18px] [&amp;_a]:text-primary my-f-1.5\" q:key=\"0\" q:id=\"6g\">\u0160ari\u0107, 31, was put into the Kings&#8217; lineup in each of their first three games of the 2025-26 season, but would go on to make just two on-court appearances over the next three months. Not to mention, he went scoreless in four of his five games. The Kings ultimately traded him to the Chicago Bulls at the trade deadline. He was then re-routed to the Detroit Pistons and ultimately waived.<\/p>\n<p id=\"inline-text-2\" class=\"my-[18px] [&amp;_a]:text-primary my-f-1.5\" q:key=\"0\" q:id=\"6j\">\u0160ari\u0107 is now out of the NBA and sitting in free agency, but amid the madness, he took a jab at the Kings for how they handled his situation in an interview with Croatia&#8217;s <a href=\"https:\/\/www.jutarnji.hr\/sportske\/kosarka\/basket-international\/saric-iskreno-nakon-nba-hrvatska-uzlet-njemacka-bonn-zagreb-15685034\" rel=\"nofollow noopener\" target=\"_blank\">Jutanjri<\/a>. <\/p>\n<p id=\"inline-text-3\" class=\"my-[18px] [&amp;_a]:text-primary my-f-1.5\" q:key=\"0\" q:id=\"6m\">&#8220;It&#8217;s a shame that some people in the NBA, who bring you in, say that you&#8217;ll have a chance and that you&#8217;ll play, and then they don&#8217;t honor that, that things change. You build your life around that story, you bring your family, and it would be better if they told you back in August, &#8216;we don&#8217;t want you, we&#8217;re going in a different direction.&#8217; And then I fly from \u0160ibenik, come to San Francisco, drive two hours to Sacramento, fall asleep from jet lag, wake up at five in the morning, get a medical, then back to San Francisco and fly back to Europe. They forced me to do that,&#8221; \u0160ari\u0107 said (h\/t <a href=\"https:\/\/www.eurohoops.net\/en\/nba-news\/1938740\/dario-saric-talks-sacramento-kings-denver-nuggets-nba-2\/\" rel=\"nofollow noopener\" target=\"_blank\">EuroHoops<\/a>).<\/p>\n<p><img loading=\"lazy\" decoding=\"async\" src=\"https:\/\/www.newsbeep.com\/us-ca\/wp-content\/uploads\/2026\/03\/01kjv00gpj38m8w1xbmb.jpg\" alt=\"Sacramento Kings forward Dario Saric\" title=\"Sacramento Kings forward Dario Saric\" width=\"3487\" height=\"2324\" class=\"undefined w-full w-full blur-[5px]\" q:id=\"6w\"\/><\/p>\n<p>Nov 28, 2025; Salt Lake City, Utah, USA; Sacramento Kings forward Dario Saric (20) warms up before the game against the Utah Jazz at Delta Center. | Chris Nicoll-Imagn Images<\/p>\n<p>Saric&#8217;s short stint in Sacramento<\/p>\n<p id=\"inline-text-6\" class=\"my-[18px] [&amp;_a]:text-primary my-f-1.5\" q:key=\"0\" q:id=\"73\">\u0160ari\u0107 explains how he wishes he had not been misled by the Kings about his role with the team, and is also confused as to why they brought him there in the first place. <\/p>\n<p id=\"inline-text-7\" class=\"my-[18px] [&amp;_a]:text-primary my-f-1.5\" q:key=\"0\" q:id=\"76\">\u201cI don\u2019t understand what they thought in August, that I was Wemby, that I would defend everything, and that I would put up roadblocks?! I guess they knew who I was. And that&#8217;s strange for that level,&#8221; \u0160ari\u0107 said.<\/p>\n<p id=\"inline-text-8\" class=\"my-[18px] [&amp;_a]:text-primary my-f-1.5\" q:key=\"0\" q:id=\"79\">It was certainly a head-scratching move at the time, and seemingly just one to save money, but \u0160ari\u0107 was never going to have a role in Sacramento. \u0160ari\u0107 claims that the Kings told him they would need him, and of course, admitted that it did not work out that way.<\/p>\n<p id=\"inline-text-9\" class=\"my-[18px] [&amp;_a]:text-primary my-f-1.5\" q:key=\"0\" q:id=\"7c\">&#8220;And after everything, the Kings bring me in and say, OK, we need you. But, it doesn&#8217;t work out that way,&#8221; \u0160ari\u0107 said after explaining how his role with the Golden State Warriors and Denver Nuggets met similar fates.  <\/p>\n<p lang=\"en\" dir=\"ltr\">After a nine-year stint in the NBA, Dario Saric is targeting a return to the EuroLeague \ud83d\ude4c<\/p>\n<p>More about it: <a href=\"https:\/\/t.co\/ipWwqZkWRQ\" rel=\"nofollow\">https:\/\/t.co\/ipWwqZkWRQ<\/a> <a href=\"https:\/\/t.co\/MtMIEilL4r\" rel=\"nofollow\">pic.twitter.com\/MtMIEilL4r<\/a><\/p>\n<p>\u2014 BasketNews (@BasketNews_com) <a href=\"https:\/\/twitter.com\/BasketNews_com\/status\/2026232466181071059?ref_src=twsrc%5Etfw\" rel=\"nofollow noopener\" target=\"_blank\">February 24, 2026<\/a><\/p>\n<p id=\"inline-text-11\" class=\"my-[18px] [&amp;_a]:text-primary my-f-1.5\" q:key=\"0\" q:id=\"7i\">There is a strong chance that his last game in the NBA was in a Kings uniform, as \u0160ari\u0107 is now eyeing a move to the EuroLeague. Regardless of how his tenure in the league ended, it is impossible to deny the success of a nine-year NBA career, headlined by his early stint with the Philadelphia 76ers. Unfortunately, he could not make much of an impact in Sacramento.<\/p>\n<p><script async src=\"https:\/\/platform.twitter.com\/widgets.js\" charset=\"utf-8\"><\/script><\/p>\n","protected":false},"excerpt":{"rendered":"The Sacramento Kings made a head-scratching move last offseason when they traded Jonas Valan\u010di\u016bnas to the Denver Nuggets&hellip;\n","protected":false},"author":2,"featured_media":203355,"comment_status":"","ping_status":"","sticky":false,"template":"","format":"standard","meta":{"footnotes":""},"categories":[32],"tags":[121,123,122],"class_list":{"0":"post-203354","1":"post","2":"type-post","3":"status-publish","4":"format-standard","5":"has-post-thumbnail","7":"category-sacramento","8":"tag-sacramento","9":"tag-sacramento-headlines","10":"tag-sacramento-news"},"_links":{"self":[{"href":"https:\/\/www.newsbeep.com\/us-ca\/wp-json\/wp\/v2\/posts\/203354","targetHints":{"allow":["GET"]}}],"collection":[{"href":"https:\/\/www.newsbeep.com\/us-ca\/wp-json\/wp\/v2\/posts"}],"about":[{"href":"https:\/\/www.newsbeep.com\/us-ca\/wp-json\/wp\/v2\/types\/post"}],"author":[{"embeddable":true,"href":"https:\/\/www.newsbeep.com\/us-ca\/wp-json\/wp\/v2\/users\/2"}],"replies":[{"embeddable":true,"href":"https:\/\/www.newsbeep.com\/us-ca\/wp-json\/wp\/v2\/comments?post=203354"}],"version-history":[{"count":0,"href":"https:\/\/www.newsbeep.com\/us-ca\/wp-json\/wp\/v2\/posts\/203354\/revisions"}],"wp:featuredmedia":[{"embeddable":true,"href":"https:\/\/www.newsbeep.com\/us-ca\/wp-json\/wp\/v2\/media\/203355"}],"wp:attachment":[{"href":"https:\/\/www.newsbeep.com\/us-ca\/wp-json\/wp\/v2\/media?parent=203354"}],"wp:term":[{"taxonomy":"category","embeddable":true,"href":"https:\/\/www.newsbeep.com\/us-ca\/wp-json\/wp\/v2\/categories?post=203354"},{"taxonomy":"post_tag","embeddable":true,"href":"https:\/\/www.newsbeep.com\/us-ca\/wp-json\/wp\/v2\/tags?post=203354"}],"curies":[{"name":"wp","href":"https:\/\/api.w.org\/{rel}","templated":true}]}}